{"id":568292,"date":"2026-07-03T20:39:14","date_gmt":"2026-07-03T20:39:14","guid":{"rendered":"https:\/\/www.europesays.com\/it\/568292\/"},"modified":"2026-07-03T20:39:14","modified_gmt":"2026-07-03T20:39:14","slug":"sinner-mamma-e-papa-invitati-nel-royal-box-ma-non-sono-riuscito-a-convincerli","status":"publish","type":"post","link":"https:\/\/www.europesays.com\/it\/568292\/","title":{"rendered":"Sinner: &#8220;Mamma e pap\u00e0 invitati nel Royal Box, ma non sono riuscito a convincerli&#8221;"},"content":{"rendered":"<p>                                In conferenza Jannik svela un retroscena che conferma il carattere riservato dei suoi genitori: &#8220;Loro hanno anche altre cose da fare, quindi li capisco&#8221;<\/p>\n<p>            <a class=\"image is-50x50\" href=\"https:\/\/www.gazzetta.it\/collaboratori\/luigi-ansaloni\/\" rel=\"nofollow noopener\" target=\"_blank\"><br \/>\n                <img decoding=\"async\" class=\"is-rounded\" src=\"https:\/\/www.europesays.com\/it\/wp-content\/uploads\/2026\/03\/1774472354_735_omino.png\" alt=\"Luigi Ansaloni\"\/><br \/>\n            <\/a><\/p>\n<p>Collaboratore<\/p>\n<p>                    3 luglio &#8211; 21:54  &#8211; MILANO<\/p>\n<p class=\"paragraph\" spellcheck=\"true\">\u201cI miei genitori nel Royal Box per il mio debutto da campione in carica? S\u00ec, mi \u00e8 stata offerta questa possibilit\u00e0, ma io li conosco. Ci ho provato e gliel\u2019ho chiesto, per\u00f2 la conversazione, diciamo, non \u00e8 durata molto\u2026\u201d. L\u2019ennesimo spaccato del rapporto tra Jannik Sinner e i suoi genitori lo offre la conferenza stampa del numero uno del mondo dopo <a href=\"https:\/\/www.gazzetta.it\/Tennis\/atp\/slam\/wimbledon\/03-07-2026\/sinner-brooksby-live-la-diretta-wimbledon.shtml?intcmp=hyperlink-articolo-gazit\" rel=\"nofollow noopener\" target=\"_blank\">la vittoria nel terzo turno<\/a> di Wimbledon contro l\u2019americano Jenson Brooksby.\u00a0<\/p>\n<p>    differenze\u2014 \u00a0<\/p>\n<p class=\"paragraph is-inline\" spellcheck=\"true\">A Jannik \u00e8 stato fatto notare che il padre e la sorella di Iga Swiatek, campionessa in carica del singolare femminile, erano presenti nel Royal Box al debutto della polacca sul Campo Centrale, avvenuto marted\u00ec contro Taylor Townsend. Ai Championships, ricordiamolo, \u00e8 tradizione che i due campioni in carica aprano il programma del Centrale luned\u00ec per il maschile e il giorno dopo per il femminile. Sinner ha cos\u00ec ammesso che anche a lui era stata offerta la stessa possibilit\u00e0, ma mamma e pap\u00e0 non hanno avuto, diciamo cos\u00ec, lo stesso entusiasmo dei familiari della Swiatek nell&#8217;accettare l\u2019invito. \u201cNon c\u2019\u00e8 stata molta conversazione su questa cosa \u2013 ha detto Sinner, scherzando e ridendo \u2013. Vediamo, magari capiter\u00e0. Loro hanno anche altre cose da fare, quindi li capisco\u201d. Parole che raccontano perfettamente il carattere della famiglia Sinner. Il padre Hanspeter e la madre Siglinde hanno sempre preferito una vita riservata, evitando il clamore mediatico e continuando a dedicarsi alle proprie attivit\u00e0 anche da quando il figlio \u00e8 diventato un fuoriclasse del tennis.  Un atteggiamento che Jannik ha pi\u00f9 volte definito fondamentale per la sua crescita personale e professionale.\u00a0<\/p>\n<p><a class=\"is-partner-link\" href=\"https:\/\/www.nowtv.it\/sport\/tennis\/wimbledon?dcmp=SPORT_SOCIAL_AW_PROS_Wimbledon_CairoRCS_Gazzetta_CTA&amp;ead-publisher=N1792338.340088CAIRORCSMEDIAS.P.&amp;ead-name=N1792338.340088CAIRORCSMEDIAS.P.-35025367&amp;ead-location=450176911&amp;ead-creative=249314339&amp;ead-creativetype=1x1&amp;dya=4b3d5\" rel=\"nofollow noopener\" target=\"_blank\">Guarda live tutte le partite di Wimbledon dal 29 giugno in esclusiva streaming su NOW! Attiva il Pass Sport da 19,99\u20ac al mese<\/a><\/p>\n<p>    esempio\u2014 \u00a0<\/p>\n<p class=\"paragraph is-inline\" spellcheck=\"true\">Non \u00e8 la prima volta che il campione altoatesino sottolinea come i genitori abbiano scelto di non seguirlo costantemente nei tornei, per lasciarlo crescere senza mettergli pressione, quasi a non volerlo disturbare, soprattutto ora che \u00e8 diventato non solo un campione, ma \u00e8 anche cresciuto come uomo. La loro presenza \u00e8 sempre discreta e limitata a poche occasioni speciali, senza mai modificare le abitudini di una famiglia che ha sempre privilegiato la normalit\u00e0 rispetto alla celebrit\u00e0. Tutti ricordano, ad esempio, la sofferenza di mamma Siglinde proprio a Wimbledon lo scorso anno, nella finale vinta da Jannik contro Alcaraz, cos\u00ec come quella vissuta a Parigi, sempre nella sfida contro lo spagnolo. La risposta di Sinner ha fatto sorridere, ma rappresenta perfettamente uno spaccato della sua vita: quella di un atleta che, pur vivendo sotto i riflettori del circuito internazionale, continua a fare riferimento ai valori con cui \u00e8 cresciuto. Nessuna pressione, nessun obbligo, ma il rispetto delle scelte dei genitori, che preferiscono sostenerlo a modo loro, magari da lontano, continuando a portare avanti la loro vita e il loro lavoro come hanno sempre fatto. In un\u2019epoca come questa, non \u00e8 affatto scontato.<\/p>\n<p class=\"is-copyright\">\u00a9 RIPRODUZIONE RISERVATA<\/p>\n","protected":false},"excerpt":{"rendered":"In conferenza Jannik svela un retroscena che conferma il carattere riservato dei suoi genitori: &#8220;Loro hanno anche altre&hellip;\n","protected":false},"author":3,"featured_media":568293,"comment_status":"","ping_status":"","sticky":false,"template":"","format":"standard","meta":{"footnotes":"","_share_on_mastodon":"0"},"categories":[1457],"tags":[1495,94467,313158,12719,313159,1953,13249,13358,2204,925,877,143700,1244,122,313160,3071,10607,6925,1909,1944,2753,1537,90,89,1269,4002,7891,1413,2198,313157,366,245,244,1273],"class_list":["post-568292","post","type-post","status-publish","format-standard","has-post-thumbnail","category-tennis","tag-altre","tag-altre-cose","tag-altre-cose-capisco","tag-box","tag-box-debutto","tag-campione","tag-capisco","tag-carattere","tag-carica","tag-centrale","tag-conferenza","tag-continuando","tag-conversazione","tag-cose","tag-cose-capisco","tag-cresciuto","tag-debutto","tag-diciamo","tag-famiglia","tag-femminile","tag-genitori","tag-it","tag-italia","tag-italy","tag-jannik","tag-mamma","tag-mamma-papa","tag-offerta","tag-royal","tag-royal-box","tag-sinner","tag-sport","tag-sports","tag-tennis"],"share_on_mastodon":{"url":"https:\/\/pubeurope.com\/@it\/116857980540200385","error":""},"_links":{"self":[{"href":"https:\/\/www.europesays.com\/it\/wp-json\/wp\/v2\/posts\/568292","targetHints":{"allow":["GET"]}}],"collection":[{"href":"https:\/\/www.europesays.com\/it\/wp-json\/wp\/v2\/posts"}],"about":[{"href":"https:\/\/www.europesays.com\/it\/wp-json\/wp\/v2\/types\/post"}],"author":[{"embeddable":true,"href":"https:\/\/www.europesays.com\/it\/wp-json\/wp\/v2\/users\/3"}],"replies":[{"embeddable":true,"href":"https:\/\/www.europesays.com\/it\/wp-json\/wp\/v2\/comments?post=568292"}],"version-history":[{"count":0,"href":"https:\/\/www.europesays.com\/it\/wp-json\/wp\/v2\/posts\/568292\/revisions"}],"wp:featuredmedia":[{"embeddable":true,"href":"https:\/\/www.europesays.com\/it\/wp-json\/wp\/v2\/media\/568293"}],"wp:attachment":[{"href":"https:\/\/www.europesays.com\/it\/wp-json\/wp\/v2\/media?parent=568292"}],"wp:term":[{"taxonomy":"category","embeddable":true,"href":"https:\/\/www.europesays.com\/it\/wp-json\/wp\/v2\/categories?post=568292"},{"taxonomy":"post_tag","embeddable":true,"href":"https:\/\/www.europesays.com\/it\/wp-json\/wp\/v2\/tags?post=568292"}],"curies":[{"name":"wp","href":"https:\/\/api.w.org\/{rel}","templated":true}]}}