{"id":568333,"date":"2026-07-03T21:12:23","date_gmt":"2026-07-03T21:12:23","guid":{"rendered":"https:\/\/www.europesays.com\/it\/568333\/"},"modified":"2026-07-03T21:12:23","modified_gmt":"2026-07-03T21:12:23","slug":"il-commosso-ricordo-di-vittorio-sgarbi-abramo-orlandini-rappresentava-lumanita-era-un-uomo-solitario-e-libero","status":"publish","type":"post","link":"https:\/\/www.europesays.com\/it\/568333\/","title":{"rendered":"Il commosso ricordo di Vittorio Sgarbi: \u201cAbramo Orlandini rappresentava l\u2019umanit\u00e0, era un uomo solitario e libero\u201d"},"content":{"rendered":"<p>Reggio Emilia, 3 luglio 2026 \u2013\u00a0La bonomia ancora si irradia dal viso di <strong><a rel=\"follow nofollow noopener\" href=\"https:\/\/www.ilrestodelcarlino.it\/reggio-emilia\/cronaca\/morto-abramo-orlandini-i7uf1qji\" target=\"_blank\">Abramo Orlandini<\/a>.<\/strong> Quell\u2019espressione di mite semplicit\u00e0 tra il divertito e la cordialit\u00e0 che lo ha caratterizzava in vita, non lo ha abbandonato nemmeno ora nel silenzio del commiato, nella sala delle Onoranze Funebri Reverberi dove la sua salma riposa in queste ore in attesa delle esequie e della sepoltura. Si legge questo sul volto ora immobile dell\u2019inconfondibile personaggio che <strong>ha catturato l\u2019attenzione <\/strong>e l\u2019affetto non solo del popolo reggiano, ma anche di tantissimi registi famosi in cerca di caratteristi. <\/p>\n<p>Approfondisci:<\/p>\n<p><a href=\"https:\/\/www.ilrestodelcarlino.it\/reggio-emilia\/cronaca\/morto-abramo-orlandini-i7uf1qji\" class=\"ArticleEmbed_article__embed__content__Jzqnz\" rel=\"nofollow noopener\" target=\"_blank\">Addio Abramo Orlandini, pittore e \u2018maggiordomo\u2019 tv di Vittorio Sgarbi: \u201cUn\u2019icona di eleganza e ironia a Reggio Emilia\u201d<img alt=\"Addio Abramo Orlandini, pittore e \u2018maggiordomo\u2019 tv di Vittorio Sgarbi: \u201cUn\u2019icona di eleganza e ironia a Reggio Emilia\u201d\" loading=\"lazy\" width=\"140\" height=\"78\" decoding=\"async\" data-nimg=\"1\" style=\"color:transparent\"  src=\"https:\/\/www.europesays.com\/it\/wp-content\/uploads\/2026\/07\/abramo-aveva-65-anni-a-reggio-emilia-era-molto-amato.webp\"\/><\/a> <\/p>\n<p>Abramo, in realt\u00e0, non recitava ma interpretava se stesso. Questo \u201cbello\u201d aveva percepito <strong>Vittorio Sgarbi <\/strong>quando lo incontr\u00f2 a Roma, dove <strong>Abramo abitava in cerca di parti a Cinecitt\u00e0<\/strong>, lavorando come edicolante vicino a Montecitorio. <\/p>\n<p> <img alt=\"Abramo Orlandini\" loading=\"lazy\" width=\"3940\" height=\"3000\" decoding=\"async\" data-nimg=\"1\" style=\"color:transparent;max-width:100%;height:auto\"   src=\"https:\/\/www.europesays.com\/it\/wp-content\/uploads\/2026\/07\/abramo-orlandini.webp\"\/><\/p>\n<p>Abramo Orlandini<\/p>\n<p>Sgarbi: \u201cAbramo Orlandini \u00e8 stato un ragazzo formidabile\u201d <\/p>\n<p>Sgarbi, irriconoscibile nel fisico a causa della grave depressione che lo ha debilitato e consunto negli ultimi mesi, ha voluto comunque dedicare al suo \u201cmaggiordomo\u201d, spalla di infinite trasmissioni su Canale 5 un pensiero molto affettuoso: \u201c<strong>Abramo Orlandini \u00e8 stato un ragazzo formidabile <\/strong>che rappresentava l\u2019umanit\u00e0 nella sua condizione primaria e per questo lo ho sempre fatto vedere, a <strong>Sgarbi Quotidiani<\/strong>, come prototipo dell\u2019uomo libero, solitario e libero\u201d, ci ha detto il critico d\u2019arte ferrarese, raggiunto dove affronta il difficile percorso di cura sostenuto dall\u2019affetto della sorella <strong>Elisabetta<\/strong> e della figlia <strong>Alma<\/strong>. <\/p>\n<p> <img alt=\"Il commosso ricordo di Vittorio Sgarbi: \u201cAbramo Orlandini rappresentava l\u2019umanit\u00e0, era un uomo solitario e libero\u201d\" loading=\"lazy\" width=\"429\" height=\"762\" decoding=\"async\" data-nimg=\"1\" style=\"color:transparent\"  src=\"https:\/\/www.europesays.com\/it\/wp-content\/uploads\/2026\/07\/xal59km.jpeg\"\/><br \/>\nAbramo era uno dei personaggi pi\u00f9 caratteristici di Reggio <\/p>\n<p>Abramo era uno dei personaggi pi\u00f9 caratteristici della Reggio che \u00e8 stata, e fa male sapere che <strong>non lo si vedr\u00e0 pi\u00f9 apparire in via Emilia<\/strong> o ad un tavolino della Spumanteria dell\u2019Isolato San Roccocon le sue mise memorabili. <\/p>\n<p>Approfondisci:<\/p>\n<p><a href=\"https:\/\/www.ilrestodelcarlino.it\/reggio-emilia\/cronaca\/addio-ad-abramo-maggiordomo-di-70f0ccae\" class=\"ArticleEmbed_article__embed__content__Jzqnz\" rel=\"nofollow noopener\" target=\"_blank\">Addio ad Abramo \u2018Maggiordomo\u2019 di Sgarbi. Pittore e icona di eleganza. Era un simbolo di Reggio<img alt=\"Addio ad Abramo \u2018Maggiordomo\u2019 di Sgarbi. Pittore e icona di eleganza. Era un simbolo di Reggio\" loading=\"lazy\" width=\"140\" height=\"78\" decoding=\"async\" data-nimg=\"1\" style=\"color:transparent\"  src=\"https:\/\/www.europesays.com\/it\/wp-content\/uploads\/2026\/07\/addio-ad-abramo-maggiordomo-di-sgarbi-pittore-e-icona-di-eleganza-era-un-simbolo-di-reggio.webp\"\/><\/a> <\/p>\n<p>Una figura quasi rassicurante, e certamente amica, nella sua originalit\u00e0. \u00c8 andato in quel paradiso speciale dove ci piace pensarlo in conversazione con altri irregolari come Mim\u00ec la Fioraia e la Candida, Ziloch e la Zia, magari a parlare all\u2019incontrario l\u2019Arsave come si faceva nel Popol Giost\u2026  <\/p>\n<p> <img alt=\"Le opere di Abramo Orlandini\" loading=\"lazy\" width=\"1600\" height=\"900\" decoding=\"async\" data-nimg=\"1\" style=\"color:transparent;max-width:100%;height:auto\"   src=\"https:\/\/www.europesays.com\/it\/wp-content\/uploads\/2026\/07\/le-opere-di-abramo-orlandini.webp\"\/><\/p>\n<p>Le opere di Abramo Orlandini<\/p>\n<p>Abramo, una vita tra cinema e tv <\/p>\n<p>Orlandini, per il grande pubblico, era il caratterista di diverse pellicole di maestri della cinema come<strong> Pupi Avati, Dino Risi e Federico Fellini<\/strong>, o il \u201cmaggiordomo\u201d di Vittorio Sgarbi in televisione: cameo quotidiano che gli regal\u00f2 fama nazionale insieme alle ospitate da <strong>Gianni Ippoliti,<\/strong> per i reggiani rappresentava soprattutto l\u2019uomo che passeggiava lungo il centro, sempre vestito in modo elegante, con un tocco di stile quale il caratteristico cappello rosa e il papillon <strong>di analoga tonalit\u00e0<\/strong>. E proprio il copricapo, insieme all\u2019immancabile pacchetto di sigarette, \u00e8 stato posto su una sedia della camera ardente, quale simbolo di ci\u00f2 che, Abramo, \u00e8 stato per tutti quelli che lo conoscevano veramente. E che lo hanno accompagnato <strong>lungo un percorso di vita non sempre facile<\/strong>, specialmente quando le luci dei riflettori si spegnevano. <\/p>\n<p> <img alt=\"WHATSAPP IMAGE 2026-07-03 AT 14.06.51\" loading=\"lazy\" width=\"1600\" height=\"900\" decoding=\"async\" data-nimg=\"1\" style=\"color:transparent;max-width:100%;height:auto\"   src=\"https:\/\/www.europesays.com\/it\/wp-content\/uploads\/2026\/07\/whatsapp-image-2026-07-03-at-14-06-51.webp\"\/><\/p>\n<p>La camera ardente allestita come una galleria<\/p>\n<p>Ad allestire <strong>una sorta di museo dei ricordi <\/strong>di Orlandini sono stati i proprietari della Spumanteria, suoi amici storici. Quelli che un paio di anni fa avevano lanciato l\u2019idea degli \u201caperitivi con Abramo\u201d, che furono di fatto occasione per le sue ultime uscite pubbliche: chi lo desiderava poteva accompagnarlo dalla struttura fino al locale e poi riaccompagnarlo al Parisetti, struttura dove <strong>ha trascorso l\u2019ultimo periodo della sua esistenza<\/strong>, ricevendo in cambio un aperitivo offerto dalla casa.  <\/p>\n<p> <img alt=\"Abramo Orlandini davanti ad alcuni dei suoi quadri\" loading=\"lazy\" width=\"1280\" height=\"859\" decoding=\"async\" data-nimg=\"1\" style=\"color:transparent;max-width:100%;height:auto\"   src=\"https:\/\/www.europesays.com\/it\/wp-content\/uploads\/2026\/07\/abramo-orlandini-davanti-ad-alcuni-dei-suoi-quadri.webp\"\/><\/p>\n<p>Abramo Orlandini davanti ad alcuni dei suoi quadri<\/p>\n<p>La sala del commiato con i dipinti di Abramo <\/p>\n<p>Proprio a loro cura \u00e8 stata arredata la sala del commiato di via Terezin: con svariati dipinti, realizzati nel corso degli anni da Abramo: molti autoritratti soprattutto, in diversa foggia o periodo dell\u2019esistenza. <\/p>\n<p>Tutti coloratissimi e bislacchi come lui. Che, nonostante la pensione al minimo da 450 euro per invalidit\u00e0, regalava con slancio. Nel corso della giornata di ieri numerosi i reggiani che sono venuti a salutarlo, alla spicciolata, trattenendosi in raccoglimento e verosimilmente ricordando i momenti passati con lui.<\/p>\n<p> <img alt=\"Il ricordo di Abramo Orlandini\" loading=\"lazy\" width=\"1600\" height=\"900\" decoding=\"async\" data-nimg=\"1\" style=\"color:transparent;max-width:100%;height:auto\"   src=\"https:\/\/www.europesays.com\/it\/wp-content\/uploads\/2026\/07\/il-ricordo-di-abramo-orlandini.webp\"\/><\/p>\n<p>Il ricordo di Abramo Orlandini<\/p>\n<p>Tra loro Giuseppe Zironi, autore del docufilm \u2019<strong>24 con Abramo<\/strong>\u2019, dedicato al personaggio reggiano e al suo particolare modo di vivere la citt\u00e0, e l\u2019artista <strong>Beppe Villa<\/strong>. La camera ardente di Orlandini sar\u00e0 aperta anche domani mattina dalle 8.30 alle 11. A seguire, nella stessa sala del commiato si svolgeranno i funerali, prima del trasferimento della salma presso il cimitero di Villa Cella, dove sar\u00e0 tumulata.\u00a0 <\/p>\n","protected":false},"excerpt":{"rendered":"Reggio Emilia, 3 luglio 2026 \u2013\u00a0La bonomia ancora si irradia dal viso di Abramo Orlandini. Quell\u2019espressione di mite&hellip;\n","protected":false},"author":3,"featured_media":568334,"comment_status":"","ping_status":"","sticky":false,"template":"","format":"standard","meta":{"footnotes":"","_share_on_mastodon":"0"},"categories":[1451],"tags":[1468,1621,1620,55075,203,204,1537,90,89,1491,312365,229023,1922,48351,143042,10023],"class_list":["post-568333","post","type-post","status-publish","format-standard","has-post-thumbnail","category-celebrita","tag-abramo","tag-celebrita","tag-celebrities","tag-commosso","tag-entertainment","tag-intrattenimento","tag-it","tag-italia","tag-italy","tag-libero","tag-orlandini","tag-rappresentava","tag-ricordo","tag-sgarbi","tag-solitario","tag-vittorio"],"share_on_mastodon":{"url":"https:\/\/pubeurope.com\/@it\/116858110307440822","error":""},"_links":{"self":[{"href":"https:\/\/www.europesays.com\/it\/wp-json\/wp\/v2\/posts\/568333","targetHints":{"allow":["GET"]}}],"collection":[{"href":"https:\/\/www.europesays.com\/it\/wp-json\/wp\/v2\/posts"}],"about":[{"href":"https:\/\/www.europesays.com\/it\/wp-json\/wp\/v2\/types\/post"}],"author":[{"embeddable":true,"href":"https:\/\/www.europesays.com\/it\/wp-json\/wp\/v2\/users\/3"}],"replies":[{"embeddable":true,"href":"https:\/\/www.europesays.com\/it\/wp-json\/wp\/v2\/comments?post=568333"}],"version-history":[{"count":0,"href":"https:\/\/www.europesays.com\/it\/wp-json\/wp\/v2\/posts\/568333\/revisions"}],"wp:featuredmedia":[{"embeddable":true,"href":"https:\/\/www.europesays.com\/it\/wp-json\/wp\/v2\/media\/568334"}],"wp:attachment":[{"href":"https:\/\/www.europesays.com\/it\/wp-json\/wp\/v2\/media?parent=568333"}],"wp:term":[{"taxonomy":"category","embeddable":true,"href":"https:\/\/www.europesays.com\/it\/wp-json\/wp\/v2\/categories?post=568333"},{"taxonomy":"post_tag","embeddable":true,"href":"https:\/\/www.europesays.com\/it\/wp-json\/wp\/v2\/tags?post=568333"}],"curies":[{"name":"wp","href":"https:\/\/api.w.org\/{rel}","templated":true}]}}