{"id":568481,"date":"2026-07-03T23:27:13","date_gmt":"2026-07-03T23:27:13","guid":{"rendered":"https:\/\/www.europesays.com\/it\/568481\/"},"modified":"2026-07-03T23:27:13","modified_gmt":"2026-07-03T23:27:13","slug":"milan-modric-verso-il-si-il-croato-vicino-a-restare-al-milan-un-altro-anno","status":"publish","type":"post","link":"https:\/\/www.europesays.com\/it\/568481\/","title":{"rendered":"Milan, Modric verso il s\u00ec: il croato vicino a restare al Milan un altro anno"},"content":{"rendered":"<p>                                Dopo  l\u2019addio al Mondiale, il croato  pensa al futuro. A meno  di ribaltoni, giocher\u00e0 un altro anno in rossonero<\/p>\n<p class=\"paragraph\" spellcheck=\"true\">Cristiano Ronaldo, per una volta, \u00e8 uno di noi. Cristiano alla fine di Portogallo-Croazia ha incontrato Luka Modric in mezzo al campo e lo ha abbracciato, come avrebbe fatto un appassionato del suo calcio. Di pi\u00f9, lo ha accarezzato, neanche fosse un vecchio amico che non vedeva da tanto tempo. In fondo, quei due sono dello stesso anno, sono nati nel 1985 e ancora giocano a calcio. L\u2019eliminazione della Croazia dal Mondiale certifica ufficialmente che abbiamo finito, non vedremo pi\u00f9 Luka Modric alla Coppa del Mondo con una maglia a scacchi. Il lato buono della medaglia \u00e8 che ce lo siamo goduti a lungo, perch\u00e9 Modric ha giocato la semifinale 2022 e la finale 2018, andando oltre quello che sognava il bambino innamorato di Zvone Boban. La Croazia non era mai andata cos\u00ec lontano, nemmeno nel mitico 1998.<\/p>\n<p>        Il Milan lo chiama\u2014 \u00a0<\/p>\n<p class=\"paragraph\" spellcheck=\"true\">E adesso, che cosa sar\u00e0 della vita di Luka Modric? Rester\u00e0 al Milan, a meno di nuovi pensieri che oggi non sono all\u2019orizzonte: questa \u00e8 l\u2019idea di Luka, formata nelle ultime settimane e confermata nelle ultime ore. Modric, come altri croati, non \u00e8 tornato in Europa con il volo della nazionale: rester\u00e0 probabilmente negli Stati Uniti per qualche giorno. In queste settimane ha tenuto aperte tutte le possibilit\u00e0 sul futuro ma qualcosa \u00e8 successo. Il nuovo Milan, gestito in prima persona da Gerry Cardinale, lo ha chiamato e gli ha fatto sapere che lo vorrebbe per un\u2019altra stagione. Quando Cardinale ragiona sui grandi giocatori del Milan, quelli da cui vorrebbe ripartire, parla di Maignan, di Rabiot, di Modric, di Pulisic. Il Milan \u00e8 pronto a fare il bis, anche se l\u2019opzione nel contratto di Luka per il 2026-27 \u00e8 scaduta il 30 giugno. Negli ultimi giorni c\u2019\u00e8 stata anche una chiamata di Ruben Amorim e questo \u00e8 fondamentale, perch\u00e9 sottolinea come Luka per il nuovo allenatore sia importante.<\/p>\n<p>        La decisione\u2014 \u00a0<\/p>\n<p class=\"paragraph\" spellcheck=\"true\">In una frase: una risposta definitiva ancora non c\u2019\u00e8 ma una volont\u00e0 comune s\u00ec. Il Milan lo vuole tenere e a Modric farebbe piacere restare dove si \u00e8 trovato benissimo, non solo perch\u00e9 la figlia Ema gioca nel Milan Under 13. Luka ci penser\u00e0 ancora un po\u2019, sa che potrebbe tornare a Madrid ma la sua priorit\u00e0 \u00e8 sempre stata il Milan. Voleva giocare almeno una volta la Champions in rossonero. Quando il Milan non si \u00e8 qualificato ha avuto qualche dubbio, ma ha anche pensato che provare a riconquistarla avrebbe un senso.<\/p>\n<p><a class=\"is-partner-link\" href=\"https:\/\/abbonamenti.gazzetta.it\/de-promo-mondiali\/?pwcmp=cta&amp;forceBrowser=true\" rel=\"nofollow noopener\" target=\"_blank\">Gazzetta Mondiale: ogni notte un\u2019edizione straordinaria esclusiva. Non perdertela, abbonati a 1\u20ac\/mese!<\/a><\/p>\n<p>        Come giocherebbe\u2014 \u00a0<\/p>\n<p class=\"paragraph\" spellcheck=\"true\">\u00a0Il secondo anno al Milan, certo, sarebbe diverso dal primo.  Amorim ha uno stile di gioco molto differente da quello di Max Allegri e Modric, di conseguenza, giocherebbe in un\u2019altra maniera. Sarebbe un calcio pi\u00f9 dispendioso, ma anche pi\u00f9 offensivo. Luka non vivrebbe in campo tutte le partite, tutti i minuti, come gli \u00e8 capitato spesso con Allegri. Il Milan da agosto giocher\u00e0 in campionato e in Europa League, spesso avr\u00e0 settimane in cui dovr\u00e0 viaggiare molto e giocare due volte. Se rester\u00e0, Modric selezioner\u00e0 con Amorim le partite da vivere a tutti i costi e quelle in cui potr\u00e0 prendersi una pausa. Magari gli capiter\u00e0 di entrare per l\u2019ultima mezz\u2019ora, come faceva al Real Madrid negli ultimi mesi, oppure di cominciare la partita e uscire presto, per rifiatare un po\u2019 e farsi trovare pronto tre giorni dopo. In fondo, il calcio \u00e8 ancora la sua passione, quello che lo spinge ad alzarsi la mattina e mettersi a correre. La passione di Cristiano Ronaldo \u00e8 pi\u00f9 egoriferita ma lo ha portato allo stesso risultato: fare il massimo con il talento a disposizione. Per questo quell\u2019abbraccio \u2013 si vedeva \u2013 \u00e8 stato sincero.<\/p>\n<p class=\"is-copyright\">\u00a9 RIPRODUZIONE RISERVATA<\/p>\n","protected":false},"excerpt":{"rendered":"Dopo l\u2019addio al Mondiale, il croato pensa al futuro. A meno di ribaltoni, giocher\u00e0 un altro anno in&hellip;\n","protected":false},"author":3,"featured_media":568482,"comment_status":"","ping_status":"","sticky":false,"template":"","format":"standard","meta":{"footnotes":"","_share_on_mastodon":"0"},"categories":[1452],"tags":[3076,2537,50020,721,921,843,2205,313231,6101,6140,7144,3085,45,1740,1889,2250,113323,1537,90,89,18569,28086,5382,553,5904,1353,4283,1950,1917,14751,5388,1956,9611,8910,2434,1739,245,244,907,338,71409],"class_list":["post-568481","post","type-post","status-publish","format-standard","has-post-thumbnail","category-calcio","tag-allegri","tag-altra","tag-amorim","tag-calcio","tag-campo","tag-cardinale","tag-chiama","tag-chiama-luka","tag-cristiano","tag-cristiano-ronaldo","tag-croazia","tag-europa","tag-fondo","tag-football","tag-giocare","tag-giochera","tag-giocherebbe","tag-it","tag-italia","tag-italy","tag-luka","tag-luka-modric","tag-madrid","tag-milan","tag-modric","tag-mondiale","tag-partite","tag-passione","tag-pronto","tag-restare","tag-restera","tag-ronaldo","tag-rossonero","tag-settimane","tag-si","tag-soccer","tag-sport","tag-sports","tag-ultime","tag-ultimi","tag-vedeva"],"share_on_mastodon":{"url":"https:\/\/pubeurope.com\/@it\/116858640651653087","error":""},"_links":{"self":[{"href":"https:\/\/www.europesays.com\/it\/wp-json\/wp\/v2\/posts\/568481","targetHints":{"allow":["GET"]}}],"collection":[{"href":"https:\/\/www.europesays.com\/it\/wp-json\/wp\/v2\/posts"}],"about":[{"href":"https:\/\/www.europesays.com\/it\/wp-json\/wp\/v2\/types\/post"}],"author":[{"embeddable":true,"href":"https:\/\/www.europesays.com\/it\/wp-json\/wp\/v2\/users\/3"}],"replies":[{"embeddable":true,"href":"https:\/\/www.europesays.com\/it\/wp-json\/wp\/v2\/comments?post=568481"}],"version-history":[{"count":0,"href":"https:\/\/www.europesays.com\/it\/wp-json\/wp\/v2\/posts\/568481\/revisions"}],"wp:featuredmedia":[{"embeddable":true,"href":"https:\/\/www.europesays.com\/it\/wp-json\/wp\/v2\/media\/568482"}],"wp:attachment":[{"href":"https:\/\/www.europesays.com\/it\/wp-json\/wp\/v2\/media?parent=568481"}],"wp:term":[{"taxonomy":"category","embeddable":true,"href":"https:\/\/www.europesays.com\/it\/wp-json\/wp\/v2\/categories?post=568481"},{"taxonomy":"post_tag","embeddable":true,"href":"https:\/\/www.europesays.com\/it\/wp-json\/wp\/v2\/tags?post=568481"}],"curies":[{"name":"wp","href":"https:\/\/api.w.org\/{rel}","templated":true}]}}