{"id":568838,"date":"2026-07-04T05:31:15","date_gmt":"2026-07-04T05:31:15","guid":{"rendered":"https:\/\/www.europesays.com\/it\/568838\/"},"modified":"2026-07-04T05:31:15","modified_gmt":"2026-07-04T05:31:15","slug":"whoopi-goldberg-spiega-il-palio-di-siena-agli-americani-lattrice-e-lospite-donore-in-piazza-del-campo","status":"publish","type":"post","link":"https:\/\/www.europesays.com\/it\/568838\/","title":{"rendered":"Whoopi Goldberg\u00a0spiega il Palio di Siena agli americani: l\u2019attrice \u00e8 l\u2019ospite d\u2019onore in piazza del Campo"},"content":{"rendered":"<p>Siena, 3 luglio 2026 \u2013\u00a0Il Palio di Siena conquista ancora una volta il jet set internazionale. Questa volta ad affacciarsi in Piazza del Campo \u00e8 <strong>Whoopi Goldberg,<\/strong> attrice premio Oscar interprete di film di grande successo come &#8220;Ghost &#8211; Fantasma&#8221;, &#8220;Il colore viola&#8221; e &#8220;Sister Act &#8211; Una svitata in abito da suora&#8221;. La diva, come riporta l&#8217;Adnkronos, ha scelto Siena per vivere da vicino una delle tradizioni pi\u00f9 identitarie d&#8217;Italia, assistendo <strong>alla Carriera<\/strong> da una delle prospettive pi\u00f9 esclusive: le finestre di <strong>Palazzo Chigi Zondadari,<\/strong> affacciato direttamente su <strong>Piazza del Camp<\/strong>o. Il programma, per\u00f2, ha subito una battuta d&#8217;arresto: la corsa tradizionalmente fissata per il 2 luglio \u00e8 stata rinviata per maltempo e si correr\u00e0 oggi alle ore 19,30.<\/p>\n<p>Approfondisci:<\/p>\n<p><a href=\"https:\/\/www.lanazione.it\/siena\/cronaca\/palio-siena-diretta-il8n95gj\" class=\"ArticleEmbed_article__embed__content__Jzqnz\" rel=\"nofollow noopener\" target=\"_blank\">Palio di Siena, la diretta: vince l\u2019Aquila, un trionfo atteso da 34 anni. Tittia padrone, 12esima vittoria<img alt=\"Palio di Siena, la diretta: vince l\u2019Aquila, un trionfo atteso da 34 anni. Tittia padrone, 12esima vittoria\" loading=\"lazy\" width=\"140\" height=\"78\" decoding=\"async\" data-nimg=\"1\" style=\"color:transparent\"  src=\"https:\/\/www.europesays.com\/it\/wp-content\/uploads\/2026\/07\/palio.webp\"\/><\/a><br \/>\nIl Palio spiegato agli americani <\/p>\n<p>In un video condiviso sui social, <strong>Goldberg<\/strong> ha raccontato l&#8217;episodio <strong>ai suoi 2,2 milioni di follower<\/strong>, spiegando le ragioni della decisione e sottolineando l&#8217;importanza della tutela dei cavalli, elemento centrale dell&#8217;evento senese. Un messaggio che l&#8217;attrice ha accolto con evidente sensibilit\u00e0, evidenziando come lo spettacolo non possa prescindere dalla sicurezza degli animali e dal rispetto delle condizioni del tufo, reso impraticabile dalla pioggia. Nonostante la delusione per il rinvio, Whoopi Goldberg ha trasformato l&#8217;attesa in racconto: sempre dal palazzo storico ha mostrato ai fan gli interni del prestigioso edificio settecentesco, offrendo uno sguardo privilegiato su una delle dimore pi\u00f9 affascinanti affacciate sulla piazza.<\/p>\n<p> <img alt=\"efw\" loading=\"lazy\" width=\"1600\" height=\"900\" decoding=\"async\" data-nimg=\"1\" style=\"color:transparent;max-width:100%;height:auto\"   src=\"https:\/\/www.europesays.com\/it\/wp-content\/uploads\/2026\/07\/efw.webp\"\/><\/p>\n<p>Whoopi Goldberg e la storia postata su Instagram: sar\u00e0 spettatrice del Palio<\/p>\n<p>Gli scatti con il super chef internazionale <\/p>\n<p>&#8220;Sono qui a Siena, e normalmente avremmo appena guardato il Palio dalla piazza, ma oggi ha piovuto e non hanno potuto far correre i cavalli per proteggerli &#8211; racconta l&#8217;attrice ai follower &#8211; Come vedi laggi\u00f9, tutto quel tratto \u00e8 terra battuta, ma ha un colore pi\u00f9 scuro: significa che \u00e8 ancora bagnata. Ecco perch\u00e9 la corsa non si \u00e8 tenuta. Per\u00f2, se guardi qui dentro, stiamo facendo una cena splendida. Insomma, va tutto bene: fa caldo, \u00e8 bellissimo. Spero che tu ti stia divertendo quanto me, e ci vediamo quando torniamo&#8221;. A rendere ancora pi\u00f9 mondano il soggiorno senese, anche alcuni scatti sui social dell&#8217;attrice con lo chef <strong>Yannick All\u00e9no<\/strong>, tra i nomi pi\u00f9 noti dell&#8217;alta cucina internazionale. La presenza della star americana conferma ancora una volta il richiamo di Siena e del suo Palio, capace di unire storia, tradizione e celebrit\u00e0 in uno scenario unico al mondo, dove ogni affaccio pu\u00f2 trasformarsi in una narrazione internazionale. <strong>Prima di Woopi Goldberg<\/strong>, al precedente Palio del 16 agosto 2025,<strong> la popstar Madonna <\/strong>aveva festeggiato il suo 67esimo compleanno a Palazzo Pannocchieschi d&#8217;Elci, situato direttamente su<\/p>\n","protected":false},"excerpt":{"rendered":"Siena, 3 luglio 2026 \u2013\u00a0Il Palio di Siena conquista ancora una volta il jet set internazionale. Questa volta&hellip;\n","protected":false},"author":3,"featured_media":568839,"comment_status":"","ping_status":"","sticky":false,"template":"","format":"standard","meta":{"footnotes":"","_share_on_mastodon":"0"},"categories":[174],"tags":[2017,7738,921,203,34054,204,1537,90,89,11044,17191,27056,5543,11909,479,126833],"class_list":["post-568838","post","type-post","status-publish","format-standard","has-post-thumbnail","category-intrattenimento","tag-americani","tag-attrice","tag-campo","tag-entertainment","tag-goldberg","tag-intrattenimento","tag-it","tag-italia","tag-italy","tag-onore","tag-ospite","tag-palio","tag-piazza","tag-siena","tag-spiega","tag-whoopi"],"share_on_mastodon":{"url":"https:\/\/pubeurope.com\/@it\/116860072586389563","error":""},"_links":{"self":[{"href":"https:\/\/www.europesays.com\/it\/wp-json\/wp\/v2\/posts\/568838","targetHints":{"allow":["GET"]}}],"collection":[{"href":"https:\/\/www.europesays.com\/it\/wp-json\/wp\/v2\/posts"}],"about":[{"href":"https:\/\/www.europesays.com\/it\/wp-json\/wp\/v2\/types\/post"}],"author":[{"embeddable":true,"href":"https:\/\/www.europesays.com\/it\/wp-json\/wp\/v2\/users\/3"}],"replies":[{"embeddable":true,"href":"https:\/\/www.europesays.com\/it\/wp-json\/wp\/v2\/comments?post=568838"}],"version-history":[{"count":0,"href":"https:\/\/www.europesays.com\/it\/wp-json\/wp\/v2\/posts\/568838\/revisions"}],"wp:featuredmedia":[{"embeddable":true,"href":"https:\/\/www.europesays.com\/it\/wp-json\/wp\/v2\/media\/568839"}],"wp:attachment":[{"href":"https:\/\/www.europesays.com\/it\/wp-json\/wp\/v2\/media?parent=568838"}],"wp:term":[{"taxonomy":"category","embeddable":true,"href":"https:\/\/www.europesays.com\/it\/wp-json\/wp\/v2\/categories?post=568838"},{"taxonomy":"post_tag","embeddable":true,"href":"https:\/\/www.europesays.com\/it\/wp-json\/wp\/v2\/tags?post=568838"}],"curies":[{"name":"wp","href":"https:\/\/api.w.org\/{rel}","templated":true}]}}