{"id":568882,"date":"2026-07-04T06:25:12","date_gmt":"2026-07-04T06:25:12","guid":{"rendered":"https:\/\/www.europesays.com\/it\/568882\/"},"modified":"2026-07-04T06:25:12","modified_gmt":"2026-07-04T06:25:12","slug":"colombia-ghana-1-0-gol-di-arias-mondiali","status":"publish","type":"post","link":"https:\/\/www.europesays.com\/it\/568882\/","title":{"rendered":"Colombia-Ghana 1-0: gol di Arias | Mondiali"},"content":{"rendered":"<p>                                        I sudamericani si qualificano per la sfida con la squadra europea dominando la squadra africana dell&#8217;ex Queiroz, al sesto Mondiale, per larghi tratti<\/p>\n<p class=\"paragraph\" spellcheck=\"true\">Se migliora in termini di concretezza, la Colombia pu\u00f2 diventare la mina vagante del Mondiale. Gioca bene, concede poco. Ha qualit\u00e0 e organizzazione. Ma avrebbe dovuto travolgere, e non semplicemente battere il Ghana nell\u2019ultimo sedicesimo di finale del torneo. Non ha saputo valorizzare l\u2019enorme differenza espressa in campo, non solo e non tanto nei valori individuali ma proprio da un punto di vista collettivo. Ha sprecato tanto e contro la Svizzera negli ottavi non potr\u00e0 permetterselo. Resta per\u00f2 una squadra dall\u2019alto potenziale, che merita credibilit\u00e0. In fondo stavolta la partita si \u00e8 incanalata presto verso l\u2019unico risultato possibile. E questo pu\u00f2 avere inconsciamente tolto ai colombiani la ferocia necessaria.\u00a0<\/p>\n<p class=\"paragraph\" spellcheck=\"true\">DESTINO \u2013 La vera svolta della serata \u00e8 stata un infortunio: Cordoba, il centravanti titolare scelto da Nestor Lorenzo per la Colombia, si \u00e8 fermato dopo pochi minuti lasciando il posto a Luis Suarez, cannoniere dello Sporting Lisbona omonimo del collega uruguayano. Proprio Suarez ha avuto subito la lucidit\u00e0 e la perseveranza di costruire il cross che ha mandato in tilt la difesa ghanese: nel duello tra mezzali Jhon Arias ha seguito l\u2019azione colpendo dritto in rete mentre l\u2019avversario Yirenkyi, chiss\u00e0 perch\u00e9, si \u00e8 distratto interrompendo la sua corsa. Non fortunata nella circostanza la difesa, che aveva appena cambiato il terzino destro Seneya a causa di un altro problema fisico ed \u00e8 stata punita anche dallo sfavorevole rimpallo tra Suarez e Mensah. Colombia comunque avanti e boato colossale all\u2019Arrowhead di Kansas City, dove un muro giallo di trentamila tifosi spingeva i \u201ccafeteros\u201d verso la felicit\u00e0.\u00a0<\/p>\n<p>    sviluppo\u2014 \u00a0<\/p>\n<p class=\"paragraph is-inline\" spellcheck=\"true\">Il Ghana, che era partito bene e aveva sfiorato il vantaggio dopo pochi secondi con un tiro da lontano di Partey, ha accettato la brutta novit\u00e0 senza cambiare atteggiamento: baricentro basso e palla agli avversari. Il santone Queiroz, grande ex, aspettava il momento buono immaginando che la Colombia avrebbe continuato a palleggiare e a gestire il ritmo. Solo che cos\u00ec si \u00e8 sottoposta al rischio di sparire dalla partita: sono state le imperfezioni di Luis Diaz, che ha sprecato un paio di buone occasioni, e una parata mostruosa di Zigi, il portiere del San Gallo recuperato in extremis, a tenere aperte le prospettive per il secondo tempo.\u00a0<\/p>\n<p>    ripartenza\u2014 \u00a0<\/p>\n<p class=\"paragraph is-inline\" spellcheck=\"true\">Dopo l\u2019intervallo ci saremmo aspettati qualche cambiamento nel Ghana. Invece \u00e8 stato Lorenzo a togliere James Rodriguez, innocuo e disordinato, per rinforzare gli ormeggi con Richard Rios, amore mancato di Gasperini alla Roma. La Colombia ha conservato la struttura del 4-3-3 ma ha avanzato nel tridente Arias, l\u2019autore del gol. E ha continuato a mulinare per produrre grano, con Luis Diaz sempre protagonista nel bene e nel male. Il problema per\u00f2 \u00e8 sempre lo stesso, gi\u00e0 emerso contro il Portogallo: il raccolto \u00e8 povero rispetto alla semina. Per sognare, sognare davvero, la squadra deve essere pi\u00f9 cattiva sotto porta.\u00a0<\/p>\n<p><a class=\"is-partner-link\" href=\"https:\/\/abbonamenti.gazzetta.it\/de-promo-mondiali\/?pwcmp=cta&amp;forceBrowser=true\" rel=\"nofollow noopener\" target=\"_blank\">Gazzetta Mondiale: ogni notte un\u2019edizione straordinaria esclusiva. Non perdertela, abbonati a 1\u20ac\/mese!<\/a><\/p>\n<p>    reazione\u2014 \u00a0<\/p>\n<p class=\"paragraph is-inline\" spellcheck=\"true\">Il Ghana, certo, ha fatto peggio, cio\u00e8 quasi nulla. Il vecchio centravanti Ayew, del 1991 come James Rodriguez, non ha mai pizzicato l\u2019ottima coppia Sanchez-Lucumi. Invece la stella Semenyo, pallino di Guardiola al City, non era in condizione di nuocere sulla fascia perch\u00e9 aveva male a una caviglia. Il consuntivo finale, zero tiri in porta, racconta meglio di ogni aggettivo l&#8217;impossibilit\u00e0 di competere. Per Queiroz l&#8217;addio al sesto Mondiale \u00e8 davvero cupo.<\/p>\n<p>Colombia-Ghana, la partita\u2014 \u00a0<\/p>\n<p>Non esistono precedenti tra le due squadre: Colombia e Ghana si sfideranno per la prima volta nei sedicesimi di finale del Mondiale. La nazionale sudamericana ha chiuso al primo posto il girone, quella africana al terzo.<\/p>\n<p class=\"is-copyright\">\u00a9 RIPRODUZIONE RISERVATA<\/p>\n","protected":false},"excerpt":{"rendered":"I sudamericani si qualificano per la sfida con la squadra europea dominando la squadra africana dell&#8217;ex Queiroz, al&hellip;\n","protected":false},"author":3,"featured_media":568883,"comment_status":"","ping_status":"","sticky":false,"template":"","format":"standard","meta":{"footnotes":"","_share_on_mastodon":"0"},"categories":[176],"tags":[8398,313420,313421,2983,313422,313423,49222,187925,12837,820,24927,22552,1278,18350,767,1426,78637,1976,1537,90,89,3190,299812,3417,21518,43296,1353,34979,1290,2466,98,1885,299733,32898,15533,313419,40374,245,244,169437,1857,56878,8093],"class_list":["post-568882","post","type-post","status-publish","format-standard","has-post-thumbnail","category-sport","tag-accettato","tag-accettato-brutta","tag-accettato-brutta-novita","tag-addio","tag-addio-sesto","tag-addio-sesto-mondiale","tag-africana","tag-arias","tag-centravanti","tag-city","tag-colombia","tag-continuato","tag-davvero","tag-diaz","tag-difesa","tag-finale","tag-ghana","tag-gol","tag-it","tag-italia","tag-italy","tag-james","tag-james-rodriguez","tag-lorenzo","tag-luis","tag-luis-diaz","tag-mondiale","tag-ottavi","tag-partita","tag-pochi","tag-porta","tag-problema","tag-queiroz","tag-rodriguez","tag-sesto","tag-sesto-mondiale","tag-sognare","tag-sport","tag-sports","tag-sprecato","tag-squadra","tag-suarez","tag-svizzera"],"share_on_mastodon":{"url":"https:\/\/pubeurope.com\/@it\/116860284030641428","error":""},"_links":{"self":[{"href":"https:\/\/www.europesays.com\/it\/wp-json\/wp\/v2\/posts\/568882","targetHints":{"allow":["GET"]}}],"collection":[{"href":"https:\/\/www.europesays.com\/it\/wp-json\/wp\/v2\/posts"}],"about":[{"href":"https:\/\/www.europesays.com\/it\/wp-json\/wp\/v2\/types\/post"}],"author":[{"embeddable":true,"href":"https:\/\/www.europesays.com\/it\/wp-json\/wp\/v2\/users\/3"}],"replies":[{"embeddable":true,"href":"https:\/\/www.europesays.com\/it\/wp-json\/wp\/v2\/comments?post=568882"}],"version-history":[{"count":0,"href":"https:\/\/www.europesays.com\/it\/wp-json\/wp\/v2\/posts\/568882\/revisions"}],"wp:featuredmedia":[{"embeddable":true,"href":"https:\/\/www.europesays.com\/it\/wp-json\/wp\/v2\/media\/568883"}],"wp:attachment":[{"href":"https:\/\/www.europesays.com\/it\/wp-json\/wp\/v2\/media?parent=568882"}],"wp:term":[{"taxonomy":"category","embeddable":true,"href":"https:\/\/www.europesays.com\/it\/wp-json\/wp\/v2\/categories?post=568882"},{"taxonomy":"post_tag","embeddable":true,"href":"https:\/\/www.europesays.com\/it\/wp-json\/wp\/v2\/tags?post=568882"}],"curies":[{"name":"wp","href":"https:\/\/api.w.org\/{rel}","templated":true}]}}