{"id":569012,"date":"2026-07-04T08:30:13","date_gmt":"2026-07-04T08:30:13","guid":{"rendered":"https:\/\/www.europesays.com\/it\/569012\/"},"modified":"2026-07-04T08:30:13","modified_gmt":"2026-07-04T08:30:13","slug":"piu-rispetto-condividi-la-strada-la-lombardia-ai-tricolori-con-un-messaggio-per-la-sicurezza","status":"publish","type":"post","link":"https:\/\/www.europesays.com\/it\/569012\/","title":{"rendered":"PIU&#8217; RISPETTO-CONDIVIDI LA STRADA. LA LOMBARDIA AI TRICOLORI CON UN MESSAGGIO PER LA SICUREZZA"},"content":{"rendered":"<p>            <a class=\"category\" href=\"https:\/\/www.tuttobiciweb.it\/articles\/category\/NEWS\" itemprop=\"about\" rel=\"nofollow noopener\" target=\"_blank\">NEWS<\/a> | 04\/07\/2026 | 09:04<br \/>\n            <a class=\"author\" href=\"https:\/\/www.tuttobiciweb.it\/articles\/author\/Comitato%20Regionale%20Lombardo\" rel=\"nofollow noopener\" target=\"_blank\">di Comitato Regionale Lombardo<\/a><\/p>\n<p>Il messaggio \u00e8 semplice, diretto, impossibile da ignorare: <strong>\u201cPi\u00f9 rispetto \u2013 Condividi la strada\u201d.<\/strong> \u00c8 il motto che i giovani della <strong>rappresentativa<\/strong> <strong>lombarda<\/strong> porteranno con s\u00e9 nelle ore che precedono il via dei Campionati Italiani di Laives, in provincia di Bolzano. Un gesto simbolico ma potentissimo, pensato per ricordare che la sicurezza non \u00e8 un tema che riguarda solo chi gareggia, ma ogni persona che vive la strada: ciclisti, automobilisti, pedoni.\n            <\/p>\n<p><strong>Sotto la sella<\/strong> di ogni bici ci sar\u00e0 un nastro ben visibile, un segno che accompagna gli atleti in gara e che vuole parlare a tutti. Un invito alla convivenza, alla prudenza, alla responsabilit\u00e0 condivisa. Un modo per trasformare un campionato nazionale in un palcoscenico educativo, dove il talento dei ragazzi si unisce a un messaggio civile che vale pi\u00f9 di qualsiasi risultato.\n            <\/p>\n<p>Un tricolore che corre, ma che deve fare anche riflettere. Perch\u00e8 questa \u00e8 la voce dei ragazzi della nuova generazione, quella che chiede pi\u00f9 attenzione, pi\u00f9 responsabilit\u00e0, pi\u00f9 rispetto. Una generazione che interpreta la strada in modo diverso: non come un luogo di conflitto, ma come uno spazio da condividere.<\/p>\n<p>Il movimento del ciclismo deve crescere in modo consapevole, serio e rispettoso del prossimo: \u00e8 una linea guida che non riguarda solo le istituzioni, ma ogni atleta, ogni tecnico, ogni persona che vive la strada. Ed \u00e8 perfettamente coerente con il messaggio che i giovani lombardi porteranno a Laives.<\/p>\n<p>Copyright &amp;copy TBW<\/p>\n","protected":false},"excerpt":{"rendered":"NEWS | 04\/07\/2026 | 09:04 di Comitato Regionale Lombardo Il messaggio \u00e8 semplice, diretto, impossibile da ignorare: \u201cPi\u00f9&hellip;\n","protected":false},"author":3,"featured_media":569013,"comment_status":"","ping_status":"","sticky":false,"template":"","format":"standard","meta":{"footnotes":"","_share_on_mastodon":"0"},"categories":[1456],"tags":[18798,1824,1825,8517,1537,90,89,313519,12631,245,244],"class_list":["post-569012","post","type-post","status-publish","format-standard","has-post-thumbnail","category-ciclismo","tag-campionati-italiani","tag-ciclismo","tag-cycling","tag-giovani-atleti","tag-it","tag-italia","tag-italy","tag-responsabilita-civile","tag-sicurezza-stradale","tag-sport","tag-sports"],"share_on_mastodon":{"url":"https:\/\/pubeurope.com\/@it\/116860775703349812","error":""},"_links":{"self":[{"href":"https:\/\/www.europesays.com\/it\/wp-json\/wp\/v2\/posts\/569012","targetHints":{"allow":["GET"]}}],"collection":[{"href":"https:\/\/www.europesays.com\/it\/wp-json\/wp\/v2\/posts"}],"about":[{"href":"https:\/\/www.europesays.com\/it\/wp-json\/wp\/v2\/types\/post"}],"author":[{"embeddable":true,"href":"https:\/\/www.europesays.com\/it\/wp-json\/wp\/v2\/users\/3"}],"replies":[{"embeddable":true,"href":"https:\/\/www.europesays.com\/it\/wp-json\/wp\/v2\/comments?post=569012"}],"version-history":[{"count":0,"href":"https:\/\/www.europesays.com\/it\/wp-json\/wp\/v2\/posts\/569012\/revisions"}],"wp:featuredmedia":[{"embeddable":true,"href":"https:\/\/www.europesays.com\/it\/wp-json\/wp\/v2\/media\/569013"}],"wp:attachment":[{"href":"https:\/\/www.europesays.com\/it\/wp-json\/wp\/v2\/media?parent=569012"}],"wp:term":[{"taxonomy":"category","embeddable":true,"href":"https:\/\/www.europesays.com\/it\/wp-json\/wp\/v2\/categories?post=569012"},{"taxonomy":"post_tag","embeddable":true,"href":"https:\/\/www.europesays.com\/it\/wp-json\/wp\/v2\/tags?post=569012"}],"curies":[{"name":"wp","href":"https:\/\/api.w.org\/{rel}","templated":true}]}}