{"id":569046,"date":"2026-07-04T09:00:15","date_gmt":"2026-07-04T09:00:15","guid":{"rendered":"https:\/\/www.europesays.com\/it\/569046\/"},"modified":"2026-07-04T09:00:15","modified_gmt":"2026-07-04T09:00:15","slug":"lolimpia-perde-punti-brooks-laddio-e-ufficiale-shields-verso-il-fenerbahce","status":"publish","type":"post","link":"https:\/\/www.europesays.com\/it\/569046\/","title":{"rendered":"L\u2019Olimpia perde punti. Brooks, l\u2019addio \u00e8 ufficiale. Shields verso il Fenerbahce"},"content":{"rendered":"<p>L\u2019Olimpia Milano perde i suoi bomber e avr\u00e0 decisamente un nuovo volto. \u00c8 di ieri l\u2019ufficialit\u00e0 del passaggio all\u2019<strong>Asvel Villeurbanne<\/strong> di <strong>Armoni Brooks<\/strong> per il prossimo biennio. Allo stesso modo anche <strong>Shavon Shields<\/strong>, dopo sei anni in biancorosso, non continuer\u00e0 la sua carriera a Milano. Per l\u2019ex capitano si parla di un passaggio al <strong>Fenerbahce Istanbul<\/strong>. Una rivoluzione, neanche troppo voluta dalla societ\u00e0 milanese, ma della quale ha dovuto prendere atto, sia per l\u2019offerta economica incredibile che ha strappato Brooks all\u2019Armani (sar\u00e0 allenato dall\u2019ex stella NBA, proprietario del club, Tony Parker), ma anche per la chiusura del ciclo di Shields, dopo un numero di stagioni decisamente alto per un giocatore americano in club europeo.<\/p>\n<p>Brooks lascia l\u2019Olimpia da MVP, la stessa societ\u00e0 l\u2019ha ringraziato con una nota sul sito ufficiale: &#8220;Avr\u00e0 sempre un posto speciale nella storia recente del club&#8221;. Il miglior giocatore di un gruppo che ha vinto tre trofei in stagione: &#8220;Sono stati due anni fantastici &#8211; dice lo stesso giocatore americano &#8211; il modo in cui abbiamo chiuso \u00e8 stato perfetto, con i titoli vinti e i premi individuali come ciliegina sulla torta. Ringrazio Dio, i compagni e lo staff. Ora so che Lione \u00e8 il prossimo passo, ma Milano rimane una tappa fondamentale della mia carriera, sono davvero grato per quel che ho potuto fare in biancorosso&#8221;. Una squadra che ha fatto la differenza crescendo nel corso dell\u2019anno: &#8220;Mi mancheranno certamente i compagni, siamo stati molto uniti, una vera fratellanza. \u00c8 questo che ci ha resi forti, stavamo bene anche fuori dal campo. E poi certamente i tifosi, il loro sostegno, i cori durante le partite. Sentire un palazzo intero cantare \u201cMVP, MVP\u201c rivolto a me \u00e8 stato emozionante. Tornare qui da avversario sar\u00e0 difficile&#8221;.<\/p>\n<p>Avversario lo diventer\u00e0 anche Shavon Shields che, molto probabilmente raggiunger\u00e0 Melli in giallobl\u00f9: &#8220;Amo Milano, sono qui da tanto tempo e la mia famiglia si \u00e8 trovato benissimo, solo il tempo dir\u00e0 cosa succeder\u00e0&#8221;. In questo senso, per\u00f2, l\u2019averlo tolto dal roster sul sito ufficiale dopo la scadenza del contratto fissata al 30 giugno sentenzia in modo chiaro che non ci sar\u00e0. Dieci titoli vinti con l\u2019Olimpia, l\u2019ultimo scudetto con la Coppa alzata in solitaria neanche un mese fa a Venezia. &#8220;\u00c8 certamente un titolo speciale. Ovviamente ogni Coppa e ogni titolo significano molto perch\u00e8 sono il frutto del lavoro di squadra, di come si superano gli ostacoli e di come si trovano soluzioni&#8221;.<\/p>\n","protected":false},"excerpt":{"rendered":"L\u2019Olimpia Milano perde i suoi bomber e avr\u00e0 decisamente un nuovo volto. \u00c8 di ieri l\u2019ufficialit\u00e0 del passaggio&hellip;\n","protected":false},"author":3,"featured_media":569047,"comment_status":"","ping_status":"","sticky":false,"template":"","format":"standard","meta":{"footnotes":"","_share_on_mastodon":"0"},"categories":[1453],"tags":[2983,1756,1757,50606,596,1537,90,89,6071,22468,1292,27978,245,244,409],"class_list":["post-569046","post","type-post","status-publish","format-standard","has-post-thumbnail","category-basket","tag-addio","tag-basket","tag-basketball","tag-brooks","tag-fenerbahce","tag-it","tag-italia","tag-italy","tag-olimpia","tag-perde","tag-punti","tag-shields","tag-sport","tag-sports","tag-ufficiale"],"share_on_mastodon":{"url":"https:\/\/pubeurope.com\/@it\/116860893926621336","error":""},"_links":{"self":[{"href":"https:\/\/www.europesays.com\/it\/wp-json\/wp\/v2\/posts\/569046","targetHints":{"allow":["GET"]}}],"collection":[{"href":"https:\/\/www.europesays.com\/it\/wp-json\/wp\/v2\/posts"}],"about":[{"href":"https:\/\/www.europesays.com\/it\/wp-json\/wp\/v2\/types\/post"}],"author":[{"embeddable":true,"href":"https:\/\/www.europesays.com\/it\/wp-json\/wp\/v2\/users\/3"}],"replies":[{"embeddable":true,"href":"https:\/\/www.europesays.com\/it\/wp-json\/wp\/v2\/comments?post=569046"}],"version-history":[{"count":0,"href":"https:\/\/www.europesays.com\/it\/wp-json\/wp\/v2\/posts\/569046\/revisions"}],"wp:featuredmedia":[{"embeddable":true,"href":"https:\/\/www.europesays.com\/it\/wp-json\/wp\/v2\/media\/569047"}],"wp:attachment":[{"href":"https:\/\/www.europesays.com\/it\/wp-json\/wp\/v2\/media?parent=569046"}],"wp:term":[{"taxonomy":"category","embeddable":true,"href":"https:\/\/www.europesays.com\/it\/wp-json\/wp\/v2\/categories?post=569046"},{"taxonomy":"post_tag","embeddable":true,"href":"https:\/\/www.europesays.com\/it\/wp-json\/wp\/v2\/tags?post=569046"}],"curies":[{"name":"wp","href":"https:\/\/api.w.org\/{rel}","templated":true}]}}