{"id":569236,"date":"2026-07-04T11:40:16","date_gmt":"2026-07-04T11:40:16","guid":{"rendered":"https:\/\/www.europesays.com\/it\/569236\/"},"modified":"2026-07-04T11:40:16","modified_gmt":"2026-07-04T11:40:16","slug":"sibiu-tour-malmberg-beffa-il-gruppo-nella-prima-semitappa-2o-van-poppel-3o-donati","status":"publish","type":"post","link":"https:\/\/www.europesays.com\/it\/569236\/","title":{"rendered":"SIBIU TOUR, MALMBERG BEFFA IL GRUPPO NELLA PRIMA SEMITAPPA, 2\u00ba VAN POPPEL, 3\u00ba DONATI"},"content":{"rendered":"<p class=\"MsoNormal\" style=\"text-align: justify;\">Esulta lo <b>Swatt Club<\/b> al termine della prima semitappa del <b>Sibiu Tour 2026<\/b>. A conquistare la prima prova della giornata inaugurale della corsa romena \u00e8 stato infatti <b>Matias Malmberg<\/b> che, allungando nei confronti degli altri fuggitivi a 1,2 chilometri dal traguardo, ha resistito al ritorno del gruppo ottenendo cos\u00ec la prima vittoria da pro&#8217; della carriera.\n            <\/p>\n<p class=\"MsoNormal\" style=\"text-align: justify;\">Secondo posto per <b>Danny van Poppel (Red Bull BORA hansgrohe)<\/b> che, in volata, ha regolato il plotone davanti al compagno <b>Davide Donati, Z\u00e9t\u00e9ny Szij\u00e1rt\u00f3 (Team United Shipping), Riley Pickrell (Modern Adventure Pro Cycling), Benjamin Boos (REMBE | rad-net)<\/b> e un ottimo <b>Simone Buda (Solme &#8211; Olmo &#8211; Arvedi),<\/b> settimo.\n            <\/p>\n<p class=\"MsoNormal\" style=\"text-align: justify;\"><b>LA CORSA<\/b><\/p>\n<p class=\"MsoNormal\" style=\"text-align: justify;\">Registrata la non partenza di <b>Victor Martinez (MENtoRISE Teem CCN)<\/b> a causa dei postumi di una caduta riportata ieri in allenamento, la tappa parte subito con una caduta nei primissimi chilometri che coinvolge fra gli altri <b>Ivo Oliveira (UAE Team Emirates-XRG)<\/b> e <b>Horea-Stefan Precup (Romania).<\/b> Subito dopo la fuga di giornata prende corpo e a comporla sono <b>Philip Heijnen (Azerion-Villa-Valkenburg), Matias Malmberg (Swatt Club), Z\u00e9t\u00e9ny Szij\u00e1rto (Team United Shipping), Iustin-Ioan Vaidian (MENtoRISE Teem CCN), Adam Lewis (APS Pro Cycling by Team Cadence Cyclery), Iben Rommelaere (Tartelletto-Isorex)<\/b> e <b>Bastian Dietl (Run &amp; Race &#8211; Solarpur)\u00a0<\/b>che in fretta arrivano a mettere 1\u201950\u201d fra loro e il gruppo.<\/p>\n<p class=\"MsoNormal\" style=\"text-align: justify;\">Affrontato il primo dei tre passaggi al GPM di Calugaru (primo Vaidian) e il traguardo volante di Orlat (vinto da Rommelaere su Malmberg), la corsa procede regolare e senza sussulti (a parte un improvviso\u00a0\u00a0attraversamento stradale da parte di un gregge di pecore) fino alla seconda scalata verso Calugaru dove questa volta a trasitare per primo in vetta \u00e8 Rommelaere. La successiva discesa non sortisce alcun cambiamento alla situazione vigente con i battistrada che continuano a condurre con poco pi\u00f9 di un minuto sul gruppo e con questo distacco vanno ad approcciare l\u2019ultima ascesa di giornata dove Dietl e Heijnen perdono subito contatto mentre <b>Rommelaere<\/b>, prendendosi con l\u2019ennesimo primo posto gli ultimi punti in palio, va a conquistare la prima maglia di miglior scalatore.<\/p>\n<p class=\"MsoNormal\" style=\"text-align: justify;\">Dietro, passata anche questa asperit\u00e0 e la successiva discesa, il gruppo accelera in maniera decisa per andare a rintuzzare l\u2019azione degli attaccanti ancora in avanscoperta, un\u2019operazione questa che riesce solo parzialmente perch\u00e9, allungando a 1200 metri dal traguardo nei confronti degli altri compagni d\u2019avventura, <b>Malmberg<\/b> resta da solo al comando e, respingendo in maniera superba la rimonta degli inseguitori, va ad imporsi in solitaria beffando tutte le ruote veloci presenti in corsa.<\/p>\n<p class=\"MsoNormal\" style=\"text-align: justify;\">Finiscono cos\u00ec per accontentarsi delle posizioni di rincalzo sia <b>van Poppel<\/b> che <b>Donati<\/b>, rispettivamente secondo e terzo in una tappa che sulla carta li vedeva come principali favoriti e che, invece, li ha visti concludere dietro al venticinquenne danese issatosi, grazie a questo trionfo (il secondo stagionale dopo la frazione conclusiva dell\u2019<b>Olympia\u2019s Tour<\/b>), in vetta alla classifica generale.<\/p>\n<p class=\"MsoNormal\" style=\"text-align: justify;\">Tale primato per\u00f2 sar\u00e0 messo in discussione fra pochissime ore visto che alle 18 locali prender\u00e0 il via la seconda semitappa in programma quest\u2019oggi, ovvero la cronometro individuale di 3,2 chilometri che potrebbe dare una nuova e diversa conformazione alla graduatoria.<\/p>\n<p class=\"MsoNormal\" style=\"text-align: justify;\"><b>ORDINE D\u2019ARRIVO<\/b><\/p>\n<p class=\"MsoNormal\" style=\"text-align: justify;\">1. Matias Malmberg (Swatt Club) 2:32:02<\/p>\n<p class=\"MsoNormal\" style=\"text-align: justify;\">2. Danny van Poppel (Red Bull &#8211; BORA &#8211; hansgrohe) s.t.<\/p>\n<p class=\"MsoNormal\" style=\"text-align: justify;\">3. Davide Donati (Red Bull &#8211; BORA &#8211; hansgrohe) s.t.<\/p>\n<p class=\"MsoNormal\" style=\"text-align: justify;\">4. Z\u00e9t\u00e9ny Szij\u00e1rt\u00f3 (Team United Shipping) s.t.<\/p>\n<p class=\"MsoNormal\" style=\"text-align: justify;\">5. Riley Pickrell (Modern Adventure Pro Cycling) s.t.<\/p>\n<p class=\"MsoNormal\" style=\"text-align: justify;\">6. Benjamin Boos (REMBE | rad-net) s.t.<\/p>\n<p class=\"MsoNormal\" style=\"text-align: justify;\">7. Simone Buda (Solme &#8211; Olmo &#8211; Arvedi) s.t.<\/p>\n<p class=\"MsoNormal\" style=\"text-align: justify;\">8. Adam Lewis (APS Pro Cycling by Team Cadence Cyclery) s.t.<\/p>\n<p class=\"MsoNormal\" style=\"text-align: justify;\">9. Oded Kogut (NSN Development Team) s.t.<\/p>\n<p class=\"MsoNormal\" style=\"text-align: justify;\">10. Iben Rommelaere (Tarteletto &#8211; Isorex) s.t.<\/p>\n<p class=\"MsoNormal\" style=\"text-align: justify;\"><b>CLASSIFICA GENERALE<\/b><\/p>\n<p class=\"MsoNormal\" style=\"text-align: justify;\">1. Matias Malmberg (Swatt Club) 2:32:54<\/p>\n<p class=\"MsoNormal\" style=\"text-align: justify;\">2. Danny van Poppel (Red Bull &#8211; BORA &#8211; hansgrohe) a 0:04<\/p>\n<p class=\"MsoNormal\" style=\"text-align: justify;\">3. Iben Rommelaere (Tarteletto &#8211; Isorex) a 0:05<\/p>\n<p class=\"MsoNormal\" style=\"text-align: justify;\">4. Davide Donati (Red Bull &#8211; BORA &#8211; hansgrohe) a 0:06<\/p>\n<p class=\"MsoNormal\" style=\"text-align: justify;\">5. Z\u00e9t\u00e9ny Szij\u00e1rt\u00f3 (Team United Shipping) a 0:07<\/p>\n<p class=\"MsoNormal\" style=\"text-align: justify;\">6. Riley Pickrell (Modern Adventure Pro Cycling) a 0:08<\/p>\n<p class=\"MsoNormal\" style=\"text-align: justify;\">7. Benjamin Boos (REMBE | rad-net) a 0:08<\/p>\n<p class=\"MsoNormal\" style=\"text-align: justify;\">8. Simone Buda (Solme &#8211; Olmo &#8211; Arvedi) a 0:08<\/p>\n<p class=\"MsoNormal\" style=\"text-align: justify;\">9. Adam Lewis (APS Pro Cycling by Team Cadence Cyclery) a 0:08<\/p>\n<p class=\"MsoNormal\" style=\"text-align: justify;\">10. Oded Kogut (NSN Development Team) a 0:08<\/p>\n<p class=\"MsoNormal\" style=\"text-align: justify;\"><b>ALTRE CLASSIFICHE<\/b><\/p>\n<p class=\"MsoNormal\" style=\"text-align: justify;\">Classifica a punti: Matias Malmberg (Swatt Club)<\/p>\n<p class=\"MsoNormal\" style=\"text-align: justify;\">Classifica dei Gran Premi della Montagna: Iben Rommelaere (Tarteletto &#8211; Isorex)<\/p>\n<p class=\"MsoNormal\" style=\"text-align: justify;\">Classifica di miglior giovane: Iben Rommelaere (Tarteletto &#8211; Isorex)<\/p>\n<p class=\"MsoNormal\" style=\"text-align: justify;\">\u00a0<\/p>\n<p class=\"MsoNormal\" style=\"text-align: justify;\">Photo Credit: Focus Photos Agency<\/p>\n","protected":false},"excerpt":{"rendered":"Esulta lo Swatt Club al termine della prima semitappa del Sibiu Tour 2026. A conquistare la prima prova&hellip;\n","protected":false},"author":3,"featured_media":569237,"comment_status":"","ping_status":"","sticky":false,"template":"","format":"standard","meta":{"footnotes":"","_share_on_mastodon":"0"},"categories":[1456],"tags":[1824,1825,1537,90,89,238188,313718,312323,245,244,18853],"class_list":["post-569236","post","type-post","status-publish","format-standard","has-post-thumbnail","category-ciclismo","tag-ciclismo","tag-cycling","tag-it","tag-italia","tag-italy","tag-malmberg","tag-semitappa","tag-sibiu-tour-2026","tag-sport","tag-sports","tag-swatt-club"],"share_on_mastodon":{"url":"https:\/\/pubeurope.com\/@it\/116861522810314949","error":""},"_links":{"self":[{"href":"https:\/\/www.europesays.com\/it\/wp-json\/wp\/v2\/posts\/569236","targetHints":{"allow":["GET"]}}],"collection":[{"href":"https:\/\/www.europesays.com\/it\/wp-json\/wp\/v2\/posts"}],"about":[{"href":"https:\/\/www.europesays.com\/it\/wp-json\/wp\/v2\/types\/post"}],"author":[{"embeddable":true,"href":"https:\/\/www.europesays.com\/it\/wp-json\/wp\/v2\/users\/3"}],"replies":[{"embeddable":true,"href":"https:\/\/www.europesays.com\/it\/wp-json\/wp\/v2\/comments?post=569236"}],"version-history":[{"count":0,"href":"https:\/\/www.europesays.com\/it\/wp-json\/wp\/v2\/posts\/569236\/revisions"}],"wp:featuredmedia":[{"embeddable":true,"href":"https:\/\/www.europesays.com\/it\/wp-json\/wp\/v2\/media\/569237"}],"wp:attachment":[{"href":"https:\/\/www.europesays.com\/it\/wp-json\/wp\/v2\/media?parent=569236"}],"wp:term":[{"taxonomy":"category","embeddable":true,"href":"https:\/\/www.europesays.com\/it\/wp-json\/wp\/v2\/categories?post=569236"},{"taxonomy":"post_tag","embeddable":true,"href":"https:\/\/www.europesays.com\/it\/wp-json\/wp\/v2\/tags?post=569236"}],"curies":[{"name":"wp","href":"https:\/\/api.w.org\/{rel}","templated":true}]}}