{"id":569301,"date":"2026-07-04T12:31:12","date_gmt":"2026-07-04T12:31:12","guid":{"rendered":"https:\/\/www.europesays.com\/it\/569301\/"},"modified":"2026-07-04T12:31:12","modified_gmt":"2026-07-04T12:31:12","slug":"tifo-da-stadio-per-il-torneo-benefico-di-volley","status":"publish","type":"post","link":"https:\/\/www.europesays.com\/it\/569301\/","title":{"rendered":"Tifo da stadio per il torneo benefico di volley"},"content":{"rendered":"\n<p>Si \u00e8 conclusa splendidamente anche la settima edizione del torneo di beach volley organizzato dai giovani dell\u2019oratorio \u201cSacro Cuore\u201d della parrocchia di San Giovanni Battista, a Par\u00e8, con l\u2019obiettivo di aiutare finanziariamente la comunit\u00e0 religiosa nell\u2019organizzazione delle proprie attivit\u00e0.<\/p>\n<p>\u00c8 stato un gran successo sia per le squadre partecipanti che per la riuscita delle tre serate di appuntamenti pallavolistiche sul rettangolo di gioco di via Cavour, sotto l\u2019aspetto gastronomico. <\/p>\n<p>Sedici le formazioni, composte da sei giocatori con almeno due ragazze, si sono date battaglia per la conquista del trofeo in un\u2019atmosfera da tifo di campo da calcio. Le competizioni si sono svolte nei giorni di marted\u00ec 30 giugno, alle 20, con prosecuzione nelle serate di mercoled\u00ec e gioved\u00ec, 1 e 2 luglio. <\/p>\n<p>Al termine l\u2019abbraccio fra vincitori e sconfitti per far capire che lo sport deve affratellare e non dividere, alla presenza dei giovani organizzatori della competizione e del parroco della parrocchia, don don Sergio Bianchi, guida spirituale della comunit\u00e0 pastorale composta dalla parrocchie di Drezzo e Par\u00e8, frazioni del Comune di Colverde.<\/p>\n<p>\u00abSiamo molto contenti del successo riscosso dal torneo di pallavolo, giunto quest\u2019anno alla settima edizioni &#8211; commenta Giovanni Lurati, uno dei tanti giovani dell\u2019oratorio-. E d\u2019altronde i dati parlano chiaro: abbiamo raggiunto il numero massimo di sedici formazioni iscritte alla nostra rassegna pallavolistica estiva con uno schieramento di oltre cento giocatori sul terreno di gioco che si sono sfidati durante le partite senza esclusioni di colpi, per\u00f2 sempre con la massima correttezza. Abbiamo avuto un grande successo di pubblico e tante persone passate anche dall\u2019area bar-griglia con pi\u00f9 di cinquecento panini venduti, oltre quattrocento confezioni di patatine e quasi venti chilogrammi di frittelle. Il tutto logicamente organizzato e gestito dal nostro Gruppo Giovani dell\u2019oratorio. Ci sentiamo in dovere di ringraziare Emanuele Quadranti per averci aiutato nell\u2019arbitrare le partite durante le tre serate. Meglio di cos\u00ec, dunque, non poteva andare. E a tutti diamo appuntamento all\u2019ottava edizione estiva del prossimo anno\u00bb.<\/p>\n","protected":false},"excerpt":{"rendered":"Si \u00e8 conclusa splendidamente anche la settima edizione del torneo di beach volley organizzato dai giovani dell\u2019oratorio \u201cSacro&hellip;\n","protected":false},"author":3,"featured_media":569302,"comment_status":"","ping_status":"","sticky":false,"template":"","format":"standard","meta":{"footnotes":"","_share_on_mastodon":"0"},"categories":[1474],"tags":[7001,285911,65006,313776,40544,313773,313775,1537,90,89,2347,40543,18422,313774,2258,245,244,1869],"class_list":["post-569301","post","type-post","status-publish","format-standard","has-post-thumbnail","category-volley","tag-beneficenza","tag-cattolico-romana","tag-chiese-cristiane","tag-emanuele-quadranti","tag-fedi","tag-fortunato-raschella","tag-giovanni-lurati","tag-it","tag-italia","tag-italy","tag-pallavolo","tag-religioni","tag-san-giovanni-battista","tag-sergio-bianchi","tag-sociale","tag-sport","tag-sports","tag-volley"],"share_on_mastodon":{"url":"https:\/\/pubeurope.com\/@it\/116861723521750251","error":""},"_links":{"self":[{"href":"https:\/\/www.europesays.com\/it\/wp-json\/wp\/v2\/posts\/569301","targetHints":{"allow":["GET"]}}],"collection":[{"href":"https:\/\/www.europesays.com\/it\/wp-json\/wp\/v2\/posts"}],"about":[{"href":"https:\/\/www.europesays.com\/it\/wp-json\/wp\/v2\/types\/post"}],"author":[{"embeddable":true,"href":"https:\/\/www.europesays.com\/it\/wp-json\/wp\/v2\/users\/3"}],"replies":[{"embeddable":true,"href":"https:\/\/www.europesays.com\/it\/wp-json\/wp\/v2\/comments?post=569301"}],"version-history":[{"count":0,"href":"https:\/\/www.europesays.com\/it\/wp-json\/wp\/v2\/posts\/569301\/revisions"}],"wp:featuredmedia":[{"embeddable":true,"href":"https:\/\/www.europesays.com\/it\/wp-json\/wp\/v2\/media\/569302"}],"wp:attachment":[{"href":"https:\/\/www.europesays.com\/it\/wp-json\/wp\/v2\/media?parent=569301"}],"wp:term":[{"taxonomy":"category","embeddable":true,"href":"https:\/\/www.europesays.com\/it\/wp-json\/wp\/v2\/categories?post=569301"},{"taxonomy":"post_tag","embeddable":true,"href":"https:\/\/www.europesays.com\/it\/wp-json\/wp\/v2\/tags?post=569301"}],"curies":[{"name":"wp","href":"https:\/\/api.w.org\/{rel}","templated":true}]}}