{"id":569409,"date":"2026-07-04T14:05:14","date_gmt":"2026-07-04T14:05:14","guid":{"rendered":"https:\/\/www.europesays.com\/it\/569409\/"},"modified":"2026-07-04T14:05:14","modified_gmt":"2026-07-04T14:05:14","slug":"geolier-altro-record-le-sei-date-annunciate-per-il-2027-al-maradona-sono-gia-sold-out","status":"publish","type":"post","link":"https:\/\/www.europesays.com\/it\/569409\/","title":{"rendered":"Geolier, altro record: le sei date annunciate per il 2027 al Maradona sono gi\u00e0 sold out"},"content":{"rendered":"<p>    di<br \/>\n    Giuliano Delli Paoli<\/p>\n<p class=\"summary-art is-line-h-12\">Nel giro di nemmeno una settimana polverizzati i circa 300 mila biglietti per gli show del prossimo anno. Il rapper aveva anticipato di volersi esibire solo a Napoli<\/p>\n<p class=\"chapter-paragraph\"><b>Geolier <\/b>firma un nuovo record: <b>le sei date <\/b>annunciate la scorsa settimana al Diego Armando Maradona, in programma ancora nello stadio della citt\u00e0<b> il 9, 10, 11, 13, 14 e 15 giugno 2027, sono ufficialmente tutte sold out<\/b>. Una sestina senza precedenti e da capogiro per il rapper di Secondigliano, che durante il weekend conclusivo del suo primo tour negli stadi aveva parlato di <b>un progetto speciale dedicato alla sua citt\u00e0<\/b>, intitolato \u00abNapoli \u00e8 casa tua\u00bb, dichiarando \u00abl\u2019anno prossimo suoner\u00f2 solo a Napoli\u00bb e mandando in delirio i fan che hanno risposto subito con un entusiasmo tale da acquistare, in meno di 48 ore, 150mila biglietti.\u00a0<\/p>\n<p class=\"chapter-paragraph\">Si tratta di <b>un primo triplice sold out<\/b> <b>che ha indotto lo stesso musicista a replicare l\u2019annuncio con altri tre concerti<\/b>, finiti anch\u2019essi nel giro di pochissime ore sold out, stabilendo cos\u00ec un tutto esaurito senza precedenti. Saranno dunque <b>oltre 300mila persone<\/b> a raggiungere il capoluogo campano per vivere un evento che si preannuncia unico nel suo genere, e che va ben oltre il concerto, avendo al centro anche eventi, attivit\u00e0 e iniziative che accompagneranno chiunque arriver\u00e0 in citt\u00e0.\u00a0    &#13;<br \/>\n&#13;<br \/>\n&#13;<br \/>\n&#13;<br \/>\n&#13;<br \/>\n&#13;<br \/>\n&#13;<br \/>\n&#13;<br \/>\n&#13;<br \/>\n&#13;<br \/>\n&#13;<br \/>\n&#13;<br \/>\n&#13;<br \/>\n&#13;<br \/>\n&#13;<br \/>\n&#13;<br \/>\n&#13;<br \/>\n&#13;<br \/>\n&#13;<br \/>\n&#13;<br \/>\n&#13;<br \/>\n&#13;<br \/>\n&#13;<br \/>\n&#13;<br \/>\n&#13;<br \/>\n&#13;<br \/>\n&#13;<br \/>\n&#13;<br \/>\n&#13;<br \/>\n&#13;<br \/>\n&#13;<br \/>\n&#13;<br \/>\n&#13;<br \/>\n&#13;<br \/>\n&#13;<br \/>\n&#13;<br \/>\n&#13;<br \/>\n&#13;<br \/>\n&#13;<br \/>\n&#13;<br \/>\n&#13;<br \/>\n&#13;<br \/>\n&#13;<br \/>\n&#13;<br \/>\n&#13;<br \/>\n&#13;<br \/>\n&#13;<br \/>\n&#13;<br \/>\n&#13;<br \/>\n&#13;<br \/>\n&#13;<br \/>\n&#13;<br \/>\n&#13;\n<\/p>\n<p class=\"chapter-paragraph\"><b>\u00abPerch\u00e9 Napoli non \u00e8 soltanto il luogo da cui Geolier proviene. \u00c8 casa sua. Ed \u00e8 pronta a diventare la casa di tutti\u00bb, come recita lo slogan dei sei show<\/b>.\u00a0<br \/>Il nuovo incredibile record di Geolier arriva a margine delle tre serate al Maradona del 26, 27 e 28 giugno scorso, nelle quali sono saliti sul palco <a href=\"https:\/\/video.corrieredelmezzogiorno.corriere.it\/50-cent-duetta-a-sorpresa-con-geolier-al-maradona\/3e47529b-18a7-45a3-8a13-7f9631112xlk\" rel=\"nofollow noopener\" target=\"_blank\">la leggenda americana dell\u2019hip hop 50 Cent<\/a>, e tanti big della scena italiana come <b>Sfera Ebbasta<\/b>, <b>Anna<\/b>, <b>Luch\u00e8<\/b>, la<b> Slf<\/b> e l&#8217;inseparabile <b>Mv Killa<\/b>, presenza simbolica lungo tutto il tour di Geolier. Ospiti che si aggiungono a quelli delle precedenti tappe al San Siro di Milano e all\u2019Olimpico di Roma come <b>Lazza, Shiva, Kid Yugi<\/b> e <b>Achille Lauro<\/b>.\u00a0<\/p>\n<p class=\"chapter-paragraph\">Infine un altro traguardo inedito: il concerto finale del 28 giugno al Maradona \u00e8 stato trasmesso in <b>live streaming globale su Prime Video<\/b>, oltre che sul canale Twitch e sull&#8217;app di Amazon Music, portando per la prima volta un artista italiano in diretta mondiale sulla piattaforma e inaugurando in Italia una distribuzione simultanea del live su pi\u00f9 servizi streaming. Non solo tour.\u00a0<br \/><b>\u00c8 attualmente in rotazione radiofonica il nuovo singolo di Geolier, \u00ab1H\u00bb, estratto dall\u2019album \u00abTutto \u00e8 possibile\u00bb<\/b>, una canzone che risente soprattutto strumentalmente dell&#8217;influenza rap americana mentre il testo racconta la storia di una ragazza indipendente e sicura di s\u00e9, forte e decisa, che non si piega alle aspettative degli altri e mantiene la sua identit\u00e0 in ogni contesto.<\/p>\n<p class=\"is-mr-t-20 is-mr-b-20\"><b><br \/>\n                    <a href=\"https:\/\/napoli.corriere.it\/?intcmp=Notizielocali_nd_010623_corriere_ss_mezzogior\" target=\"_blank\" rel=\"nofollow noopener\">Vai a tutte le notizie di Napoli<\/a><br \/>\n            <\/b><\/p>\n<p class=\"chapter-paragraph\"><b><a href=\"https:\/\/www.corriere.it\/newsletter\/?theme=50&amp;intcmp=NL-artic_nd_050624_corriere_ss_mezzogior\" target=\"_blank\" rel=\"nofollow noopener\">Iscriviti alla newsletter del Corriere del Mezzogiorno Campania<\/a><\/b><\/p>\n<p class=\"is-last-update\" datetime=\"2026-07-04T13:33:59+02:00\">4 luglio 2026<\/p>\n<p class=\"is-copyright\">\n            \u00a9 RIPRODUZIONE RISERVATA\n        <\/p>\n","protected":false},"excerpt":{"rendered":"di Giuliano Delli Paoli Nel giro di nemmeno una settimana polverizzati i circa 300 mila biglietti per gli&hellip;\n","protected":false},"author":3,"featured_media":569410,"comment_status":"","ping_status":"","sticky":false,"template":"","format":"standard","meta":{"footnotes":"","_share_on_mastodon":"0"},"categories":[1443],"tags":[74170,4717,88989,11439,1569,10696,308033,203,9630,3369,1148,204,1537,90,89,1562,11997,1538,1539,248,313878,12038,4566,4262,2399,3421,313879,313880,989,2936,39387,39388,252,3555],"class_list":["post-569409","post","type-post","status-publish","format-standard","has-post-thumbnail","category-musica","tag-accompagneranno","tag-americana","tag-annunciate","tag-biglietti","tag-concerto","tag-date","tag-date-annunciate","tag-entertainment","tag-geolier","tag-giro","tag-giugno","tag-intrattenimento","tag-it","tag-italia","tag-italy","tag-live","tag-maradona","tag-music","tag-musica","tag-napoli","tag-napoli-geolier","tag-out","tag-precedenti","tag-prossimo","tag-rapper","tag-record","tag-record-date","tag-record-date-annunciate","tag-settimana","tag-show","tag-sold","tag-sold-out","tag-streaming","tag-tour"],"share_on_mastodon":{"url":"https:\/\/pubeurope.com\/@it\/116862093092885334","error":""},"_links":{"self":[{"href":"https:\/\/www.europesays.com\/it\/wp-json\/wp\/v2\/posts\/569409","targetHints":{"allow":["GET"]}}],"collection":[{"href":"https:\/\/www.europesays.com\/it\/wp-json\/wp\/v2\/posts"}],"about":[{"href":"https:\/\/www.europesays.com\/it\/wp-json\/wp\/v2\/types\/post"}],"author":[{"embeddable":true,"href":"https:\/\/www.europesays.com\/it\/wp-json\/wp\/v2\/users\/3"}],"replies":[{"embeddable":true,"href":"https:\/\/www.europesays.com\/it\/wp-json\/wp\/v2\/comments?post=569409"}],"version-history":[{"count":0,"href":"https:\/\/www.europesays.com\/it\/wp-json\/wp\/v2\/posts\/569409\/revisions"}],"wp:featuredmedia":[{"embeddable":true,"href":"https:\/\/www.europesays.com\/it\/wp-json\/wp\/v2\/media\/569410"}],"wp:attachment":[{"href":"https:\/\/www.europesays.com\/it\/wp-json\/wp\/v2\/media?parent=569409"}],"wp:term":[{"taxonomy":"category","embeddable":true,"href":"https:\/\/www.europesays.com\/it\/wp-json\/wp\/v2\/categories?post=569409"},{"taxonomy":"post_tag","embeddable":true,"href":"https:\/\/www.europesays.com\/it\/wp-json\/wp\/v2\/tags?post=569409"}],"curies":[{"name":"wp","href":"https:\/\/api.w.org\/{rel}","templated":true}]}}