{"id":569438,"date":"2026-07-04T14:32:16","date_gmt":"2026-07-04T14:32:16","guid":{"rendered":"https:\/\/www.europesays.com\/it\/569438\/"},"modified":"2026-07-04T14:32:16","modified_gmt":"2026-07-04T14:32:16","slug":"geolier-tutte-sold-out-le-sei-date-a-napoli-nel-2027","status":"publish","type":"post","link":"https:\/\/www.europesays.com\/it\/569438\/","title":{"rendered":"Geolier, tutte sold out le sei date a Napoli nel 2027"},"content":{"rendered":"<p>Quest&#8217;anno <strong><a data-intcmp=\"skytg24_foglia articolo_interlink_text\" href=\"https:\/\/tg24.sky.it\/spettacolo\/musica\/2026\/06\/29\/geolier-concerti-napoli-2027\" rel=\"nofollow noopener\" target=\"_blank\">Geolier<\/a> <\/strong>ha raggiunto i suoi fan in giro per l&#8217;Italia, nel 2027 sar\u00e0 Napoli ad accogliere il suo pubblico in arrivo da tutta la penisola. Il rapper firma un nuovo record nella sua citt\u00e0: le sei date di &#8220;Napoli \u00e8 casa tua&#8221; annunciate la scorsa settimana e in programma il 9, 10, 11, 13, 14 e 15 giugno 2027 allo Stadio Diego Armando Maradona, sono ufficialmente tutte sold out.<\/p>\n<p>Durante il weekend conclusivo del suo primo tour negli stadi Geolier aveva parlato di un progetto speciale dedicato a Napoli, il pubblico ha risposto con un entusiasmo bruciando in meno di 48 ore 150mila biglietti, e arrivando ad un tutto esaurito. Oltre 300mila fan raggiungeranno il capoluogo campano per vivere momenti indimenticabili oltre il concerto, assorbendo l&#8217;energia delle persone e dei luoghi che hanno ispirato il percorso artistico di Geolier. Perch\u00e9 per comprendere davvero ci\u00f2 che il rapper racconta da anni, bisogna vivere emozioni nel luogo da cui tutto ha avuto origine. \u00c8 questa la visione che ha dato vita a\u00a0 &#8220;Napoli \u00e8 casa tua&#8221;, un progetto che trasforma sei concerti in un&#8217;esperienza diffusa, con eventi, attivit\u00e0 e iniziative che accompagneranno chiunque arriver\u00e0 in citt\u00e0. Perch\u00e9 Napoli non \u00e8 soltanto il luogo da cui Geolier proviene. \u00c8 casa sua. Ed \u00e8 pronta a diventare la casa di tutti. \u00c8 attualmente in rotazione radiofonica il brano &#8220;1H&#8221;, dall&#8217;album &#8220;Tutto \u00e8 possibile&#8221; di Geolier.<\/p>\n<p>\t\t\t<a class=\"c-inline-card j-inline-card c-inline-card--with-image\" href=\"https:\/\/tg24.sky.it\/spettacolo\/musica\/2026\/06\/29\/geolier-concerti-napoli-2027\" rel=\"follow nofollow noopener\" data-intcmp=\"skytg24_articolo_approfondimenti_inline\" target=\"_blank\"><\/p>\n<p>\t\t\t         <img decoding=\"async\" crossorigin=\"anonymous\" alt=\"\" src=\"https:\/\/www.europesays.com\/it\/wp-content\/uploads\/2026\/06\/1782824235_684_41-geolier-ipa.jpg\"  loading=\"lazy\"  bad-src=\"https:\/\/www.europesays.com\/it\/wp-content\/uploads\/2026\/06\/1782824235_684_41-geolier-ipa.jpg\"\/><\/p>\n<p>\n\t\t\t         Approfondimento<br \/>\n\t\t\t         Geolier, sei date allo stadio Maradona nel 2027\n\t\t\t      <\/p>\n<p>\t\t\t<\/a><\/p>\n","protected":false},"excerpt":{"rendered":"Quest&#8217;anno Geolier ha raggiunto i suoi fan in giro per l&#8217;Italia, nel 2027 sar\u00e0 Napoli ad accogliere il&hellip;\n","protected":false},"author":3,"featured_media":535865,"comment_status":"","ping_status":"","sticky":false,"template":"","format":"standard","meta":{"footnotes":"","_share_on_mastodon":"0"},"categories":[1443],"tags":[203,9630,204,1537,90,89,1538,1539,248],"class_list":["post-569438","post","type-post","status-publish","format-standard","has-post-thumbnail","category-musica","tag-entertainment","tag-geolier","tag-intrattenimento","tag-it","tag-italia","tag-italy","tag-music","tag-musica","tag-napoli"],"share_on_mastodon":{"url":"https:\/\/pubeurope.com\/@it\/116862199854003671","error":""},"_links":{"self":[{"href":"https:\/\/www.europesays.com\/it\/wp-json\/wp\/v2\/posts\/569438","targetHints":{"allow":["GET"]}}],"collection":[{"href":"https:\/\/www.europesays.com\/it\/wp-json\/wp\/v2\/posts"}],"about":[{"href":"https:\/\/www.europesays.com\/it\/wp-json\/wp\/v2\/types\/post"}],"author":[{"embeddable":true,"href":"https:\/\/www.europesays.com\/it\/wp-json\/wp\/v2\/users\/3"}],"replies":[{"embeddable":true,"href":"https:\/\/www.europesays.com\/it\/wp-json\/wp\/v2\/comments?post=569438"}],"version-history":[{"count":0,"href":"https:\/\/www.europesays.com\/it\/wp-json\/wp\/v2\/posts\/569438\/revisions"}],"wp:featuredmedia":[{"embeddable":true,"href":"https:\/\/www.europesays.com\/it\/wp-json\/wp\/v2\/media\/535865"}],"wp:attachment":[{"href":"https:\/\/www.europesays.com\/it\/wp-json\/wp\/v2\/media?parent=569438"}],"wp:term":[{"taxonomy":"category","embeddable":true,"href":"https:\/\/www.europesays.com\/it\/wp-json\/wp\/v2\/categories?post=569438"},{"taxonomy":"post_tag","embeddable":true,"href":"https:\/\/www.europesays.com\/it\/wp-json\/wp\/v2\/tags?post=569438"}],"curies":[{"name":"wp","href":"https:\/\/api.w.org\/{rel}","templated":true}]}}