{"id":569467,"date":"2026-07-04T14:59:13","date_gmt":"2026-07-04T14:59:13","guid":{"rendered":"https:\/\/www.europesays.com\/it\/569467\/"},"modified":"2026-07-04T14:59:13","modified_gmt":"2026-07-04T14:59:13","slug":"arisa-innamorata-di-napoli-tour-nel-centro-storico-tra-shopping-cucina-e-foto-con-il-murales-di-maradona-e-nino-dangelo","status":"publish","type":"post","link":"https:\/\/www.europesays.com\/it\/569467\/","title":{"rendered":"Arisa innamorata di Napoli: tour nel centro storico tra shopping, cucina, e foto con il murales di Maradona e Nino D&#8217;Angelo"},"content":{"rendered":"<p>\n                            Ogni giorno le notizie pi\u00f9 lette della giornata<br \/>\n                            <b>Iscriviti<\/b> e ricevi le notizie via email\n                        <\/p>\n<p><a href=\"https:\/\/www.ilmattino.it\/t\/arisa\" rel=\"nofollow noopener\" target=\"_blank\">Arisa<\/a> a <a href=\"https:\/\/www.ilmattino.it\/t\/napoli\" rel=\"nofollow noopener\" target=\"_blank\">Napoli<\/a> tra shopping, escursioni e buona tavola. La cantante, al secolo Rosalba Pippa, \u00e8 stata in queste ore in citt\u00e0 come lei stessa ha raccontato ai suoi followers attraverso foto e video scattati tra il centro storico e la provincia dell&#8217;area metropolitana. Dopo aver fatto tappa presso la Divina dove negli scorsi giorni era stata avvistata e paparazzata insieme a due altri grandi artisti quali Nino D&#8217;Angelo e <a href=\"https:\/\/www.ilmattino.it\/t\/fabio-rovazzi\" rel=\"nofollow noopener\" target=\"_blank\">Fabio Rovazzi<\/a>, impegnati per la realizzazione del videoclip del brano, on air da ieri, <a href=\"https:\/\/www.ilmattino.it\/t\/costiera-amalfitana\" rel=\"nofollow noopener\" target=\"_blank\">Costiera Amalfitana<\/a>, gi\u00e0 divenuta la hit dell&#8217;estate e rimbalzata sui social; la cantante si \u00e8 ritagliata uno spazio per visitare Partenope, citt\u00e0 con cui ha un forte legame, e si \u00e8 divertita a fare la turista. Insieme allo stesso Rovazzi si \u00e8 diretta presso\u00a0 il quartiere San Pietro a Patierno, luogo che ha dato i natali a Nino D&#8217;Angelo, e qui i due colleghi hanno posato proprio dinanzi al murales realizzato da <a href=\"https:\/\/www.ilmattino.it\/t\/jorit\" rel=\"nofollow noopener\" target=\"_blank\">Jorit<\/a> e dedicato al cantante di &#8220;Nu jeans e na maglietta&#8221;.<\/p>\n<p>&#13;<\/p>\n<p>APPROFONDIMENTI<\/p>\n<p>&#13;<br \/>\n    &#13;<\/p>\n<p>E&#8217; stato proprio Fabio Rovazzi a condividere pubblicamente la posa sui social. Non poteva poi mancare per Arisa anche una foto con un&#8217;opera che ritrae <a href=\"https:\/\/www.ilmattino.it\/t\/diego-armando-maradona\" rel=\"nofollow noopener\" target=\"_blank\">Diego Armando Maradona<\/a>, che l&#8217;artista ha scattato presso <a href=\"https:\/\/www.ilmattino.it\/t\/via-tribunali\" rel=\"nofollow noopener\" target=\"_blank\">via Tribunali<\/a>. Mentre i rumors intanto discutono sempre di pi\u00f9 del dimagrimento della cantante, apparsa in splendida forma fisica gi\u00e0 durante lo scorso <a href=\"https:\/\/www.ilmattino.it\/t\/festival-di-sanremo\" rel=\"nofollow noopener\" target=\"_blank\">Festival di Sanremo<\/a>, e in tanti tra i fans si dicono preoccupati per il suo stato di salute, Arisa ha invece dimostrato a tutti di essere sempre un&#8217;amante della buona cucina, tanto da far visita al rinomato ristorante &#8220;Mim\u00ec alla ferrovia&#8221; dove la stessa cantautrice si \u00e8 prestata a registrare una gag in cui si cimenta, con il cappello da cuoco, nella realizzazione di un piatto accompagnata dalla chef Daniela e con accanto un personaggio iconico del locale, il ristoratore don Michele.<\/p>\n<p>Molti napoletani hanno poi avuto il piacere di incontrarla nel cuore di <a href=\"https:\/\/www.ilmattino.it\/t\/spaccanapoli\" rel=\"nofollow noopener\" target=\"_blank\">Spaccanapoli<\/a> tra le bancarelle, a fare shopping tra oggetti di antiquariato. Book fotografico notturno infine per la star di brani come &#8220;La notte&#8221; e &#8220;Magica favola&#8221;, presso un parco giochi di <a href=\"https:\/\/www.ilmattino.it\/t\/baia-domizia\" rel=\"nofollow noopener\" target=\"_blank\">Baia Domizia<\/a> tra altalene e ruota panoramica. Con un post pubblico su <a href=\"https:\/\/www.ilmattino.it\/t\/instagram\" rel=\"nofollow noopener\" target=\"_blank\">Instagram<\/a> ieri sera poi Arisa ha salutato cos\u00ec la citt\u00e0: &#8220;E chi dorme? Ultima notte a Napoli, per adesso. <\/p>\n<p>E&#8217; stato davvero bello, godetevi la vita! &#8221;        <\/p>\n","protected":false},"excerpt":{"rendered":"Ogni giorno le notizie pi\u00f9 lette della giornata Iscriviti e ricevi le notizie via email Arisa a Napoli&hellip;\n","protected":false},"author":3,"featured_media":569468,"comment_status":"","ping_status":"","sticky":false,"template":"","format":"standard","meta":{"footnotes":"","_share_on_mastodon":"0"},"categories":[1443],"tags":[53721,18357,43329,10494,6288,102438,203,32190,17090,230,204,1537,90,89,81187,94682,14809,1538,1539,248,65201],"class_list":["post-569467","post","type-post","status-publish","format-standard","has-post-thumbnail","category-musica","tag-arisa","tag-baia-domizia","tag-canzonissima","tag-centro-storico","tag-costiera-amalfitana","tag-diego-armando-maradona","tag-entertainment","tag-fabio-rovazzi","tag-festival-di-sanremo","tag-instagram","tag-intrattenimento","tag-it","tag-italia","tag-italy","tag-jorit","tag-movida","tag-murales","tag-music","tag-musica","tag-napoli","tag-nino-d"],"share_on_mastodon":{"url":"https:\/\/pubeurope.com\/@it\/116862305099469734","error":""},"_links":{"self":[{"href":"https:\/\/www.europesays.com\/it\/wp-json\/wp\/v2\/posts\/569467","targetHints":{"allow":["GET"]}}],"collection":[{"href":"https:\/\/www.europesays.com\/it\/wp-json\/wp\/v2\/posts"}],"about":[{"href":"https:\/\/www.europesays.com\/it\/wp-json\/wp\/v2\/types\/post"}],"author":[{"embeddable":true,"href":"https:\/\/www.europesays.com\/it\/wp-json\/wp\/v2\/users\/3"}],"replies":[{"embeddable":true,"href":"https:\/\/www.europesays.com\/it\/wp-json\/wp\/v2\/comments?post=569467"}],"version-history":[{"count":0,"href":"https:\/\/www.europesays.com\/it\/wp-json\/wp\/v2\/posts\/569467\/revisions"}],"wp:featuredmedia":[{"embeddable":true,"href":"https:\/\/www.europesays.com\/it\/wp-json\/wp\/v2\/media\/569468"}],"wp:attachment":[{"href":"https:\/\/www.europesays.com\/it\/wp-json\/wp\/v2\/media?parent=569467"}],"wp:term":[{"taxonomy":"category","embeddable":true,"href":"https:\/\/www.europesays.com\/it\/wp-json\/wp\/v2\/categories?post=569467"},{"taxonomy":"post_tag","embeddable":true,"href":"https:\/\/www.europesays.com\/it\/wp-json\/wp\/v2\/tags?post=569467"}],"curies":[{"name":"wp","href":"https:\/\/api.w.org\/{rel}","templated":true}]}}