{"id":569490,"date":"2026-07-04T15:22:16","date_gmt":"2026-07-04T15:22:16","guid":{"rendered":"https:\/\/www.europesays.com\/it\/569490\/"},"modified":"2026-07-04T15:22:16","modified_gmt":"2026-07-04T15:22:16","slug":"ruben-amorim-il-ritratto-di-sporteeek-del-nuovo-allenatore-del-milan","status":"publish","type":"post","link":"https:\/\/www.europesays.com\/it\/569490\/","title":{"rendered":"Ruben Amorim, il ritratto di Sporteeek del nuovo allenatore del Milan"},"content":{"rendered":"<p>                                Moderno e vincente, il tecnico portoghese arriva dal Manchester United dopo l\u2019ultima stagione negativa per rilanciarsi insieme ai rossoneri rimasti fuori dalla Champions. Il primo regalo \u00e8 il centravanti Ramos, pagato 70 milioni, l\u2019acquisto pi\u00f9 caro nella storia del club<\/p>\n<p>            <a class=\"image is-50x50\" href=\"https:\/\/www.gazzetta.it\/redazione\/andrea-ramazzotti\/\" rel=\"nofollow noopener\" target=\"_blank\"><br \/>\n                <img decoding=\"async\" class=\"is-rounded\" src=\"https:\/\/www.europesays.com\/it\/wp-content\/uploads\/2025\/11\/andrea_ramazzotti_avatar.png\" alt=\"Andrea Ramazzotti\"\/><br \/>\n            <\/a><\/p>\n<p>Giornalista<\/p>\n<p>                    4 luglio 2026 (modifica alle 14:21)  &#8211; MILANO<\/p>\n<p class=\"paragraph\" spellcheck=\"true\">La voglia di riscatto accomuna Ruben Amorim e il Milan. Un sentimento forte sia per il portoghese, reduce dalla deludente esperienza al Manchester United, sia per il club rossonero, che nelle ultime due stagioni ha fallito la qualificazione alla Champions League. Il nuovo allenatore rossonero \u00e8 abituato alle sfide e quella che lo attende a Milanello \u00e8 sicuramente intrigante: vuole dimostrare tutto il suo valore in un campionato complicato come quello italiano e intende farlo&#8230; alla sua maniera. Ovvero con l\u2019etichetta che aveva in Portogallo, quella di tecnico innovatore e vincente, abile gestore del gruppo e specialista nel lanciare i giovani.\u00a0<\/p>\n<p>        compagni campioni\u2014 \u00a0<\/p>\n<p class=\"paragraph\" spellcheck=\"true\">Il calcio lo conosce perch\u00e9 ha iniziato a giocare da piccolo, ad Almada, dove \u00e8 cresciuto con la madre Anabela, di professione contabile. Il padre Virgilio, invece, gestisce ancora un negozio di ferramenta ad Alverca: si chiama \u201cO Rei das Chaves\u201d, il Re delle Chiavi. L\u00ec dentro, da bambino, Ruben passava diverse ore tra serrature e chiavi inglesi. Una curiosit\u00e0: \u00e8 nato il 27 gennaio 1985 ed \u00e8 appena una settimana pi\u00f9 grande del connazionale Cristiano Ronaldo. A 6 anni giocava a hockey su pista e faceva il portiere, ma ha smesso dopo pochi mesi e, con impegno e dedizione, si \u00e8 costruito una discreta carriera da centrocampista. La sua dote migliore? La grande intelligenza tattica. Tradotto: non avendo la qualit\u00e0 dei fuoriclasse, allenava gi\u00e0 quando indossava le scarpe con i tacchetti e in campo leggeva le situazioni in anticipo. Ha fatto il regista, la mezzala e il mediano, ma all\u2019occorrenza si \u00e8 sacrificato anche in altri ruoli. Era uno di quelli che davano equilibrio alla squadra, che la facevano funzionare perch\u00e9 leggeva i momenti della partita. \u00c8 cresciuto nel vivaio del Benfica e poi del Belenenses, formazione con cui ha debuttato tra i professionisti nel 2003. Nel 2008 il passaggio al Benfica dove ha vinto dieci trofei e ha vissuto il periodo pi\u00f9 bello della sua carriera dividendo lo spogliatoio con \u00c1ngel Di Mar\u00eda, David Luiz, Pablo Aimar, Javi Garc\u00eda, Nemanja Mati\u0107, Jan Oblak e Luis\u00e3o. Con le Aquile ha lavorato con il tecnico che lo ha influenzato di pi\u00f9, Jorge Jesus. Ha giocato anche due Mondiali, nel 2010 e nel 2014, e in nazionale \u00e8 stato insieme a Cristiano Ronaldo e Pepe, tanto per fare solo due esempi. La sua prima \u201cvita\u201d calcistica l\u2019ha interrotta presto, a trentadue anni, dopo l\u2019esperienza all\u2019Al-Wakrah nel 2017, a causa degli infortuni alle ginocchia, ma nella sua testa aveva gi\u00e0 pronto il piano B, ovvero diventare allenatore.\u00a0<\/p>\n<p>        braga e sporting\u2014 \u00a0<\/p>\n<p class=\"paragraph\" spellcheck=\"true\">Una manciata di mesi dopo il suo ritiro, ha iniziato a lavorare nel Casa Pia, senza aver completato tutti i corsi Uefa necessari per allenare. La federazione portoghese ha penalizzato il club e squalificato Amorim che cos\u00ec ha rassegnato le dimissioni ed \u00e8 ripartito dal Braga. Anzi, dalla formazione B del Braga, in terza divisione: gli sono bastate undici giornate per far capire quanto era bravo e per essere promosso in prima squadra al posto dell\u2019esonerato Ricardo S\u00e1 Pinto. Da l\u00ec in poi \u00e8 stata una cavalcata: ha debuttato il 4 gennaio 2020 con una vittoria per 7-1 in trasferta contro il Belenenses, ha ottenuto 8 successi (uno sul campo del Benfica) e un pareggio in 9 giornate di campionato e il 25 gennaio ha vinto la Coppa di Lega, il suo primo trofeo da allenatore, dopo aver battuto in finale il Porto per 1-0. Risultati da predestinato che hanno spinto lo Sporting, nel marzo 2020, a pagare 10 milioni pur di averlo subito sulla sua panchina. Da l\u00ec \u00e8 iniziata una storia d\u2019amore (e di risultati): con i Leoni Amorim ha conquistato due campionati portoghesi, due coppe di Lega e una supercoppa. \u00c8 stato lui soprattutto a interrompere un digiuno di vittorie del club che durava da 19 anni e a valorizzare giocatori come Nuno Mendes, Matheus Nunes, Manuel Ugarte e Pedro Porro, tutti ceduti per cifre importanti, oltre a Pedro Gon\u00e7alves e Gon\u00e7alo In\u00e1cio, ancora in forza allo Sporting. A Lisbona \u00e8 rimasto fino al novembre 2024 quando era in testa al campionato con 11 vittorie in altrettante giornate: il Manchester United aveva individuato in lui il sostituto ideale per prendere il posto dell\u2019esonerato Ten Hag e ha pagato i 10 milioni della clausola rescissoria pur di averlo. Come \u00e8 andata la sua avventura con i Red Devils lo sanno tutti: inizio promettente, poi il calo e il quindicesimo posto in Premier; delusione anche nella finale di Europa League, persa contro il Tottenham. Ancora peggio il 2025-26 quando \u00e8 stato esonerato il 5 gennaio 2026, con la squadra al sesto posto in classifica, dopo uno sfogo in conferenza stampa contro la dirigenza. Prima di dire s\u00ec al Milan, con il quale ha firmato un contratto di tre anni con opzione per la quarta stagione, lo aveva cercato il Benfica, la \u201csua\u201d squadra, ma forse aveva gi\u00e0 capito che il mercato delle panchine poteva riservargli altro e ha atteso finch\u00e9 non si \u00e8 materializzato il Diavolo.\u00a0<\/p>\n<p>        il suo calcio\u2014 \u00a0<\/p>\n<p class=\"paragraph\" spellcheck=\"true\">Il gioco di Amorim \u00e8 moderno e offensivo. Ai suoi giocatori chiede aggressivit\u00e0, coraggio, pressione e movimenti senza palla. Servir\u00e0 una bella rivoluzione a livello di mentalit\u00e0 nella rosa del Milan: non pi\u00f9 blocco basso e difesa al limite dell\u2019area, ma riconquista immediata del pallone, anche sulla trequarti avversaria. Per questo sar\u00e0 fondamentale che la squadra stia compatta e si alzi tutta, in modo da evitare di subire ripartenze. Il suo modulo \u00e8 il 3-4-2-1 (o 3-4-3) che declina in modo diverso in fase di possesso e di non possesso: costruisce con i tre dietro e i due centrocampisti centrali, alzando parecchio gli esterni per formare quasi un 3-2-5, mentre quando sono gli avversari ad attaccare, passa al 5-4-1. Gli piacciono i difensori che sanno impostare e far circolare il pallone perch\u00e9, se non \u00e8 possibile verticalizzare subito dopo aver recuperato la sfera, la sua formazione deve saper cambiare campo, alla ricerca dello spazio dove far male.\u00a0<\/p>\n<p>        rapporti stretti\u2014 \u00a0<\/p>\n<p class=\"paragraph\" spellcheck=\"true\">Il possesso orizzontale non lo esalta (anzi&#8230;): vuole arrivare il pi\u00f9 velocemente possibile nella met\u00e0 campo avversaria usando i triangoli e le rotazioni continue per non dare punti di riferimento. Nel suo calcio fondamentali sono pure gli esterni che devono coprire tutta la fascia: non vedeteli come terzini perch\u00e9 li vuole capaci di inserirsi, abili a dare ampiezza e a creare la superiorit\u00e0 numerica. I suoi allenamenti non sono lunghissimi perch\u00e9 predilige i ritmi alti e l\u2019intensit\u00e0 a sedute di un\u2019ora e mezza o due con tante pause. Meglio la qualit\u00e0 del lavoro che la quantit\u00e0. Il pallone con lui \u00e8 sempre sul campo, ma attenzione a fare quello che chiede: nelle esercitazioni corregge anche il posizionamento del corpo dei giocatori e spiega i movimenti da fare. E naturalmente si aspetta che vengano recepiti. Nello spogliatoio instaura rapporti forti e personali con i suoi uomini: non ama le sfuriate plateali, ma neppure le prime donne. Per lui la squadra viene prima di tutto e se un singolo ha un problema, meglio un faccia a faccia che un confronto davanti al gruppo. In questo aspetto \u00e8 un fine psicologo: vuole sapere tutto dei suoi calciatori, anche fuori dal campo, per mettere i singoli nelle condizioni ideali per rendere al massimo.\u00a0<\/p>\n<p><a class=\"is-partner-link\" href=\"https:\/\/abbonamenti.gazzetta.it\/de-promo-mondiali\/?pwcmp=cta&amp;forceBrowser=true\" rel=\"nofollow noopener\" target=\"_blank\">Gazzetta Mondiale: ogni notte un\u2019edizione straordinaria esclusiva. Non perdertela, abbonati a 1\u20ac\/mese!<\/a><\/p>\n<p>        coinvolti\u2014 \u00a0<\/p>\n<p class=\"paragraph\" spellcheck=\"true\">In questo ha preso da Jos\u00e9 Mourinho, che ha conosciuto quando lo Special One era a Manchester. Amorim lo stima particolarmente per la comunicazione e per il modo in cui gestisce le squadre, soprattutto la fase difensiva. I membri del suo staff hanno un ruolo fondamentale: Ruben li fa sentire coinvolti in ogni decisione, dialoga spesso con loro e li considera una componente cruciale per i successi. Il Milan spera che Amorim ne ottenga tanti. Dopo le ultime due stagioni il mondo rossonero ne ha un tremendo bisogno. Intanto la societ\u00e0 ha fatto un primo regalo al tecnico, prendendogli il centravanti richiesto: il connazionale Gon\u00e7alo Ramos in arrivo dal Psg, pagato 70 milioni (diventerebbero 80 al raggiungimento di determinati bonus), l\u2019acquisto pi\u00f9 caro nella storia del Milan. Quello del centravanti era il primo \u201cbuco\u201d che Amorim aveva chiesto a Cardinale di riempire: il fatto che il suo desiderio sia stato esaudito testimonia il peso del nuovo allenatore nelle scelte del club.<\/p>\n<p class=\"is-copyright\">\u00a9 RIPRODUZIONE RISERVATA<\/p>\n","protected":false},"excerpt":{"rendered":"Moderno e vincente, il tecnico portoghese arriva dal Manchester United dopo l\u2019ultima stagione negativa per rilanciarsi insieme ai&hellip;\n","protected":false},"author":3,"featured_media":569491,"comment_status":"","ping_status":"","sticky":false,"template":"","format":"standard","meta":{"footnotes":"","_share_on_mastodon":"0"},"categories":[1452],"tags":[2842,5400,313908,1960,50020,5678,3304,297123,4432,109804,721,1856,921,4723,313909,1902,12837,1969,30699,475,554,13746,14377,3071,6101,6140,2276,32325,57474,4876,12148,2097,313,1426,4205,1740,1974,2614,63149,3412,1911,1598,39996,6990,1537,90,89,1980,109,127377,1914,5364,2923,553,8611,18984,18830,17959,1955,4695,13201,16737,4565,4804,4963,24823,7969,5893,5389,1956,9611,69195,16865,1739,337,26936,245,4815,244,1857,577,17516,1567,1838,3375,1928,907,233171,5361,25122,4969],"class_list":["post-569490","post","type-post","status-publish","format-standard","has-post-thumbnail","category-calcio","tag-acquisto","tag-acquisto-caro","tag-acquisto-caro-storia","tag-allenatore","tag-amorim","tag-anzi","tag-avversaria","tag-belenenses","tag-benfica","tag-braga","tag-calcio","tag-campionato","tag-campo","tag-caro","tag-caro-storia","tag-carriera","tag-centravanti","tag-champions","tag-chiavi","tag-chiede","tag-club","tag-coinvolti","tag-connazionale","tag-cresciuto","tag-cristiano","tag-cristiano-ronaldo","tag-dare","tag-debuttato","tag-esonerato","tag-esperienza","tag-esterni","tag-far","tag-fase","tag-finale","tag-fondamentale","tag-football","tag-formazione","tag-gennaio","tag-gestisce","tag-giocatori","tag-giornate","tag-giovani","tag-goncalo","tag-iniziato","tag-it","tag-italia","tag-italy","tag-league","tag-lega","tag-leggeva","tag-li","tag-manchester","tag-manchester-united","tag-milan","tag-moderno","tag-movimenti","tag-ovvero","tag-pagato","tag-pallone","tag-pedro","tag-portoghese","tag-possesso","tag-possibile","tag-pur","tag-qualita","tag-ramos","tag-rapporti","tag-regalo","tag-risultati","tag-ronaldo","tag-rossonero","tag-ruben","tag-sanno","tag-soccer","tag-soprattutto","tag-spogliatoio","tag-sport","tag-sporting","tag-sports","tag-squadra","tag-stagione","tag-stagioni","tag-storia","tag-successi","tag-tecnico","tag-testa","tag-ultime","tag-ultime-stagioni","tag-united","tag-vincente","tag-vuole"],"share_on_mastodon":{"url":"","error":"Validation failed: Text character limit of 500 exceeded"},"_links":{"self":[{"href":"https:\/\/www.europesays.com\/it\/wp-json\/wp\/v2\/posts\/569490","targetHints":{"allow":["GET"]}}],"collection":[{"href":"https:\/\/www.europesays.com\/it\/wp-json\/wp\/v2\/posts"}],"about":[{"href":"https:\/\/www.europesays.com\/it\/wp-json\/wp\/v2\/types\/post"}],"author":[{"embeddable":true,"href":"https:\/\/www.europesays.com\/it\/wp-json\/wp\/v2\/users\/3"}],"replies":[{"embeddable":true,"href":"https:\/\/www.europesays.com\/it\/wp-json\/wp\/v2\/comments?post=569490"}],"version-history":[{"count":0,"href":"https:\/\/www.europesays.com\/it\/wp-json\/wp\/v2\/posts\/569490\/revisions"}],"wp:featuredmedia":[{"embeddable":true,"href":"https:\/\/www.europesays.com\/it\/wp-json\/wp\/v2\/media\/569491"}],"wp:attachment":[{"href":"https:\/\/www.europesays.com\/it\/wp-json\/wp\/v2\/media?parent=569490"}],"wp:term":[{"taxonomy":"category","embeddable":true,"href":"https:\/\/www.europesays.com\/it\/wp-json\/wp\/v2\/categories?post=569490"},{"taxonomy":"post_tag","embeddable":true,"href":"https:\/\/www.europesays.com\/it\/wp-json\/wp\/v2\/tags?post=569490"}],"curies":[{"name":"wp","href":"https:\/\/api.w.org\/{rel}","templated":true}]}}