{"id":569575,"date":"2026-07-04T16:26:15","date_gmt":"2026-07-04T16:26:15","guid":{"rendered":"https:\/\/www.europesays.com\/it\/569575\/"},"modified":"2026-07-04T16:26:15","modified_gmt":"2026-07-04T16:26:15","slug":"paolo-fox-loroscopo-dellestate-2026-i-segni-piu-fortunati-e-la-classifica-di-luglio-e-agosto","status":"publish","type":"post","link":"https:\/\/www.europesays.com\/it\/569575\/","title":{"rendered":"Paolo Fox, l\u2019oroscopo dell\u2019estate 2026: i segni pi\u00f9 fortunati e la classifica di luglio e agosto"},"content":{"rendered":"<p><a href=\"https:\/\/www.ilmattino.it\/t\/paolo-fox\" rel=\"nofollow noopener\" target=\"_blank\">Paolo Fox<\/a> torna con l\u2019<strong>oroscopo dell\u2019estate 2026<\/strong> e con le previsioni per i mesi di <a href=\"https:\/\/www.ilmattino.it\/t\/luglio\" rel=\"nofollow noopener\" target=\"_blank\">luglio<\/a> e <a href=\"https:\/\/www.ilmattino.it\/t\/agosto\" rel=\"nofollow noopener\" target=\"_blank\">agosto<\/a>. Come ogni anno, il popolare astrologo ha raccontato a <a href=\"https:\/\/www.ilmattino.it\/t\/i-fatti-vostri\" rel=\"nofollow noopener\" target=\"_blank\">I Fatti Vostri<\/a>, su <a href=\"https:\/\/www.ilmattino.it\/t\/rai-2\" rel=\"nofollow noopener\" target=\"_blank\">Rai 2<\/a>, quali saranno i <strong>segni zodiacali<\/strong> pi\u00f9 favoriti dalle stelle e quali, invece, dovranno affrontare qualche passaggio pi\u00f9 delicato.<\/p>\n<p>L\u2019<a href=\"https:\/\/www.ilmattino.it\/t\/oroscopo\" rel=\"nofollow noopener\" target=\"_blank\">oroscopo<\/a> estivo guarda soprattutto a <strong>amore<\/strong>, lavoro, relazioni e cambiamenti personali. Secondo le previsioni di Paolo Fox, l\u2019estate 2026 sar\u00e0 segnata da un forte desiderio di autenticit\u00e0 e dalla necessit\u00e0 di rivedere ci\u00f2 che non funziona pi\u00f9.<\/p>\n<p>I segni d\u2019<strong>Acqua<\/strong> vivranno settimane intense dal punto di vista emotivo, i segni di <strong>Fuoco<\/strong> potranno contare su energia e ambizione, mentre <strong>Terra<\/strong> e <strong>Aria<\/strong> cercheranno nuovi equilibri tra sentimenti, famiglia e lavoro.<\/p>\n","protected":false},"excerpt":{"rendered":"Paolo Fox torna con l\u2019oroscopo dell\u2019estate 2026 e con le previsioni per i mesi di luglio e agosto.&hellip;\n","protected":false},"author":3,"featured_media":569576,"comment_status":"","ping_status":"","sticky":false,"template":"","format":"standard","meta":{"footnotes":"","_share_on_mastodon":"0"},"categories":[174],"tags":[11460,203,1533,204,1537,90,89,2660,100713,6655,32095],"class_list":["post-569575","post","type-post","status-publish","format-standard","has-post-thumbnail","category-intrattenimento","tag-ariete","tag-entertainment","tag-estate","tag-intrattenimento","tag-it","tag-italia","tag-italy","tag-oroscopo","tag-oroscopo-di-paolo-fox","tag-paolo-fox","tag-rai-2"],"share_on_mastodon":{"url":"https:\/\/pubeurope.com\/@it\/116862647549725347","error":""},"_links":{"self":[{"href":"https:\/\/www.europesays.com\/it\/wp-json\/wp\/v2\/posts\/569575","targetHints":{"allow":["GET"]}}],"collection":[{"href":"https:\/\/www.europesays.com\/it\/wp-json\/wp\/v2\/posts"}],"about":[{"href":"https:\/\/www.europesays.com\/it\/wp-json\/wp\/v2\/types\/post"}],"author":[{"embeddable":true,"href":"https:\/\/www.europesays.com\/it\/wp-json\/wp\/v2\/users\/3"}],"replies":[{"embeddable":true,"href":"https:\/\/www.europesays.com\/it\/wp-json\/wp\/v2\/comments?post=569575"}],"version-history":[{"count":0,"href":"https:\/\/www.europesays.com\/it\/wp-json\/wp\/v2\/posts\/569575\/revisions"}],"wp:featuredmedia":[{"embeddable":true,"href":"https:\/\/www.europesays.com\/it\/wp-json\/wp\/v2\/media\/569576"}],"wp:attachment":[{"href":"https:\/\/www.europesays.com\/it\/wp-json\/wp\/v2\/media?parent=569575"}],"wp:term":[{"taxonomy":"category","embeddable":true,"href":"https:\/\/www.europesays.com\/it\/wp-json\/wp\/v2\/categories?post=569575"},{"taxonomy":"post_tag","embeddable":true,"href":"https:\/\/www.europesays.com\/it\/wp-json\/wp\/v2\/tags?post=569575"}],"curies":[{"name":"wp","href":"https:\/\/api.w.org\/{rel}","templated":true}]}}