{"id":569734,"date":"2026-07-04T18:43:15","date_gmt":"2026-07-04T18:43:15","guid":{"rendered":"https:\/\/www.europesays.com\/it\/569734\/"},"modified":"2026-07-04T18:43:15","modified_gmt":"2026-07-04T18:43:15","slug":"abbiamo-lavorato-come-assassini-la-messa-in-onda-alle-22-e-scandalosa-il-nostro-lavoro-maltrattato-laccusa-di-elena-sofia-ricci","status":"publish","type":"post","link":"https:\/\/www.europesays.com\/it\/569734\/","title":{"rendered":"\u00abAbbiamo lavorato come assassini. La messa in onda alle 22 \u00e8 scandalosa. Il nostro lavoro maltrattato\u00bb. L&#8217;accusa di Elena Sofia Ricci\u200b"},"content":{"rendered":"<p>\n                            Il punto serale sulle notizie del giorno<br \/>\n                            <b>Iscriviti<\/b> e ricevi le notizie via email\n                        <\/p>\n<p>\u00abTutte le serie sono ormai penalizzate dalla programmazione, che \u00e8 diventata scandalosa. Una volta andavano in onda alle 20:30, adesso alle 22. Sono incavolata nera. Non \u00e8 giusto, perch\u00e9 capisco tutte le logiche del caso, ma noi lavoriamo tutti sodo e vedere i nostri prodotti cos\u00ec maltrattati mi fa avvelenare. Basterebbe andassero in onda tre quarti d\u2019ora prima per garantirgli il successero che meriterebbero\u00bb. Se sull\u2019ultima stagione de \u201cI Cesaroni\u201d e i bassi indici di ascolto rifiuta di commentare, su tutto il resto \u00e8 una Elena Sofia Ricci a ruota libera quella salita sul palco del Teatro Atti di Rimini per presentare \u201cI casi di Teresa Battaglia\u201d, atto terzo della serie targata Rai Fiction e Publispei, tratta dai romanzi di Ilaria Tuti. \u00abRitroveremo la Teresa ruvida, aspra, scontrosa che tratta tutti male e che abbiamo imparato ad amare\u00bb, confessa la protagonista accanto al fidato regista dell\u2019opera, Kiko Rosati. \u00abIn questo nuovo capitolo andremo a vedere cos\u2019\u00e8 successo nel passato di Teresa. Finora abbiamo parlato delle violenze subite e della perdita del figlio e con questa stagione stagione scaveremo ancora pi\u00f9 a fondo per capire realmente di pi\u00f9 su ci\u00f2 che l\u2019ha resa la donna che \u00e8\u201d. A farle eco \u00e8 Rosati, secondo cui la terza parte \u00abesplorer\u00e0 le radici del dolore e della ruvidezza\u00bb di un personaggio \u00abche si confronta col mostro dentro di s\u00e9 e che emerge con l\u2019aggressivit\u00e0 tipica di chi ha l\u2019Alzheimer\u00bb, aggiunge Ricci.<\/p>\n<p>&#13;<br \/>\n    APPROFONDIMENTI&#13;<\/p>\n<p>&#13;<\/p>\n<p>                <a href=\"https:\/\/www.ilmessaggero.it\/schede\/palinsesti_rai_novita_ore_14_chi_l_ha_visto_domenica_in_sal_da_vinci-9629830.html\" title=\"Palinsesti Rai, Salvo Sottile conduce Ore 14\" rel=\"nofollow noopener\" target=\"_blank\"><img loading=\"lazy\" decoding=\"async\" src=\"https:\/\/www.europesays.com\/it\/wp-content\/uploads\/2026\/07\/9629830_03121855_erede_cast_2026_07_03t121836.537.jpg\" title=\"Palinsesti Rai, Salvo Sottile conduce Ore 14\" width=\"64\" height=\"64\" data-pagespeed-no-transform=\"\"\/><\/a>            <\/p>\n<p>    &#13;<\/p>\n<p>&#13;<\/p>\n<p>                <a href=\"https:\/\/www.ilmessaggero.it\/persone\/elena_sofia_ricci_lasciata_uomini_cosa_ha_detto-9490220.html\" title=\"Elena Sofia Ricci: \u00abLasciata tante volte, ho smesso di cercare l&#039;amore\u00bb\" rel=\"nofollow noopener\" target=\"_blank\"><img loading=\"lazy\" decoding=\"async\" src=\"https:\/\/www.europesays.com\/it\/wp-content\/uploads\/2026\/07\/9490220_23101256_onecms_1mfqq2bwtmw7t9gt4u6.jpg\" title=\"Elena Sofia Ricci: \u00abLasciata tante volte, ho smesso di cercare l'amore\u00bb\" width=\"64\" height=\"64\" data-pagespeed-no-transform=\"\"\/><\/a>            <\/p>\n<p>    &#13;<\/p>\n<p>    &#13;<\/p>\n<p><a class=\"link_item\" data-linked_from=\"null\" href=\"https:\/\/www.ilmessaggero.it\/persone\/barbara_d_urso_torna_tv_casting_storie_podcast-9618255.html\" rel=\"nofollow noopener\" target=\"_blank\">Barbara D&#8217;Urso torna in tv? Dal casting via social cerca \u00abstorie straordinarie\u00bb. E spunta fuori l&#8217;ipotesi podcast<\/a><\/p>\n<p>Ricci:\u00a0\u00abMastroianni mi disse che il mestiere si impara facendolo\u00bb\u00a0 <\/p>\n<p>Un modello di eroina sui generis, un detective al femminile respingente grazie a cui l\u2019attrice fiorentina rivela di aver imparato \u00abad affrontare un problema con il conflitto dicendo le cose per come devono essere dette\u00bb. E a conferma di questa evoluzione personale, la protagonista de \u201cI casi di Teresa Battaglia\u201d si \u00e8 tolta senza troppi fronzoli qualche macigno dalle scarpe.\u00a0<br \/>\u00abPer anni sono stata considerata un\u2019attrice di serie B perch\u00e9 ho sempre fatto le serie\u00bb, sostiene. \u00abMa io me ne sono sempre fregata. <\/p>\n<p>Ho sempre cercato di non farmi incasellare e per questo non venivo in mente ai grandi registi cinematografici. Ogni volta che vincevo un premio ero sicura che non mi avrebbero fatto lavorare per un periodo, tanto che nel mio curriculum il cinema \u00e8 assente per diversi anni\u00bb. A guidarla, rivela, \u00e8 stato un consiglio \u00abdell\u2019amico di famiglia e maestro\u00bb Marcello Mastroianni che \u00abmi consigli\u00f2 di accettare tutto, perch\u00e9 questo mestiere si impara facendolo\u00bb.                <\/p>\n<p>&#13;<br \/>\n                            \u00a9 RIPRODUZIONE RISERVATA&#13;<\/p>\n<p>&#13;<\/p>\n","protected":false},"excerpt":{"rendered":"Il punto serale sulle notizie del giorno Iscriviti e ricevi le notizie via email \u00abTutte le serie sono&hellip;\n","protected":false},"author":3,"featured_media":569735,"comment_status":"","ping_status":"","sticky":false,"template":"","format":"standard","meta":{"footnotes":"","_share_on_mastodon":"0"},"categories":[174],"tags":[10746,203,204,1537,90,89,19472],"class_list":["post-569734","post","type-post","status-publish","format-standard","has-post-thumbnail","category-intrattenimento","tag-elena-sofia-ricci","tag-entertainment","tag-intrattenimento","tag-it","tag-italia","tag-italy","tag-prime-time"],"share_on_mastodon":{"url":"https:\/\/pubeurope.com\/@it\/116863186336817645","error":""},"_links":{"self":[{"href":"https:\/\/www.europesays.com\/it\/wp-json\/wp\/v2\/posts\/569734","targetHints":{"allow":["GET"]}}],"collection":[{"href":"https:\/\/www.europesays.com\/it\/wp-json\/wp\/v2\/posts"}],"about":[{"href":"https:\/\/www.europesays.com\/it\/wp-json\/wp\/v2\/types\/post"}],"author":[{"embeddable":true,"href":"https:\/\/www.europesays.com\/it\/wp-json\/wp\/v2\/users\/3"}],"replies":[{"embeddable":true,"href":"https:\/\/www.europesays.com\/it\/wp-json\/wp\/v2\/comments?post=569734"}],"version-history":[{"count":0,"href":"https:\/\/www.europesays.com\/it\/wp-json\/wp\/v2\/posts\/569734\/revisions"}],"wp:featuredmedia":[{"embeddable":true,"href":"https:\/\/www.europesays.com\/it\/wp-json\/wp\/v2\/media\/569735"}],"wp:attachment":[{"href":"https:\/\/www.europesays.com\/it\/wp-json\/wp\/v2\/media?parent=569734"}],"wp:term":[{"taxonomy":"category","embeddable":true,"href":"https:\/\/www.europesays.com\/it\/wp-json\/wp\/v2\/categories?post=569734"},{"taxonomy":"post_tag","embeddable":true,"href":"https:\/\/www.europesays.com\/it\/wp-json\/wp\/v2\/tags?post=569734"}],"curies":[{"name":"wp","href":"https:\/\/api.w.org\/{rel}","templated":true}]}}