{"id":569783,"date":"2026-07-04T19:28:16","date_gmt":"2026-07-04T19:28:16","guid":{"rendered":"https:\/\/www.europesays.com\/it\/569783\/"},"modified":"2026-07-04T19:28:16","modified_gmt":"2026-07-04T19:28:16","slug":"como-chalobah-pronta-nuova-offerta-di-calciomercato-al-chelsea-e-linter","status":"publish","type":"post","link":"https:\/\/www.europesays.com\/it\/569783\/","title":{"rendered":"Como Chalobah, pronta nuova offerta di calciomercato al Chelsea. E l&#8217;Inter&#8230;"},"content":{"rendered":"<p>Il <strong>Como non molla<\/strong>\u00a0la pista<strong> Trevor Chalobah <\/strong>per riforzare la difesa. Tra luned\u00ec 6 e marted\u00ec 7 luglio, infatti, il club presenter\u00e0 al Chelsea una <strong>nuova offerta<\/strong> per l&#8217;inglese da <strong>30 milioni di euro pi\u00f9 5 di bonus<\/strong>. Una proposta che si avvicina alle richieste dei Blues di 35 milioni, dopo che la prima della squadra di Fabregas da 28 milioni pi\u00f9 2 di bonus era stata rifiutata.<\/p>\n<p>\t\t\tSul giocatore c&#8217;\u00e8 anche l&#8217;Inter<\/p>\n<p>Non mancano le pretendenti per Trevor Chalobah. <strong>Sul giocatore c&#8217;\u00e8 anche l&#8217;Inter<\/strong>: i nerazzurri\u00a0stanno valutando se avanzare o meno una prima proposta al Chelsea, che non si sposta al momento dalla propria richiesta di 35 milioni di euro.<\/p>\n","protected":false},"excerpt":{"rendered":"Il Como non molla\u00a0la pista Trevor Chalobah per riforzare la difesa. Tra luned\u00ec 6 e marted\u00ec 7 luglio,&hellip;\n","protected":false},"author":3,"featured_media":569784,"comment_status":"","ping_status":"","sticky":false,"template":"","format":"standard","meta":{"footnotes":"","_share_on_mastodon":"0"},"categories":[1452],"tags":[721,353,16323,6293,5368,3705,1740,350,1537,90,89,1739,245,244],"class_list":["post-569783","post","type-post","status-publish","format-standard","has-post-thumbnail","category-calcio","tag-calcio","tag-calciomercato","tag-calciomercato-inter","tag-calciomercato-serie-a","tag-chelsea","tag-como","tag-football","tag-inter","tag-it","tag-italia","tag-italy","tag-soccer","tag-sport","tag-sports"],"share_on_mastodon":{"url":"https:\/\/pubeurope.com\/@it\/116863364218155684","error":""},"_links":{"self":[{"href":"https:\/\/www.europesays.com\/it\/wp-json\/wp\/v2\/posts\/569783","targetHints":{"allow":["GET"]}}],"collection":[{"href":"https:\/\/www.europesays.com\/it\/wp-json\/wp\/v2\/posts"}],"about":[{"href":"https:\/\/www.europesays.com\/it\/wp-json\/wp\/v2\/types\/post"}],"author":[{"embeddable":true,"href":"https:\/\/www.europesays.com\/it\/wp-json\/wp\/v2\/users\/3"}],"replies":[{"embeddable":true,"href":"https:\/\/www.europesays.com\/it\/wp-json\/wp\/v2\/comments?post=569783"}],"version-history":[{"count":0,"href":"https:\/\/www.europesays.com\/it\/wp-json\/wp\/v2\/posts\/569783\/revisions"}],"wp:featuredmedia":[{"embeddable":true,"href":"https:\/\/www.europesays.com\/it\/wp-json\/wp\/v2\/media\/569784"}],"wp:attachment":[{"href":"https:\/\/www.europesays.com\/it\/wp-json\/wp\/v2\/media?parent=569783"}],"wp:term":[{"taxonomy":"category","embeddable":true,"href":"https:\/\/www.europesays.com\/it\/wp-json\/wp\/v2\/categories?post=569783"},{"taxonomy":"post_tag","embeddable":true,"href":"https:\/\/www.europesays.com\/it\/wp-json\/wp\/v2\/tags?post=569783"}],"curies":[{"name":"wp","href":"https:\/\/api.w.org\/{rel}","templated":true}]}}