{"id":569785,"date":"2026-07-04T19:29:30","date_gmt":"2026-07-04T19:29:30","guid":{"rendered":"https:\/\/www.europesays.com\/it\/569785\/"},"modified":"2026-07-04T19:29:30","modified_gmt":"2026-07-04T19:29:30","slug":"perche-labito-a-fiori-belen-rodriguez-ci-conquista-ancora","status":"publish","type":"post","link":"https:\/\/www.europesays.com\/it\/569785\/","title":{"rendered":"Perch\u00e9 l&#8217;abito a fiori Bel\u00e9n Rodr\u00edguez ci conquista ancora"},"content":{"rendered":"<p data-journey-content=\"true\" data-node-id=\"5\" class=\"css-1ood0zq emevuu60\">Al sentire la parola versatilit\u00e0 ci vengono subito in mente quei grandi classici che abitano stabilmente il guardaroba: i jeans, una t-shirt bianca, il tubino nero, la camicia a righe, un paio di sandali in cuoio. Difficilmente, invece, penseremmo a un <strong data-node-id=\"5.1\">abito a fiori<\/strong>, con quelle  stampe che, almeno in apparenza, sembrano complicarne gli abbinamenti e limitarne le occasioni d&#8217;uso. Eppure \u00e8 proprio <strong data-node-id=\"5.3\">a questo vestito che torniamo ogni anno<\/strong>, dalla primavera in poi, in un rituale che si rinnova puntuale nonostante la fantasia floreale sia considerata il clich\u00e9 per eccellenza della bella stagione. <\/p>\n<p data-journey-content=\"true\" data-node-id=\"10\" class=\"css-1ood0zq emevuu60\">Perch\u00e9 per quanto possano presentarsi con stampe vivaci, disegni irregolari o palette cromatiche inaspettate, gli abiti a fiori sono <strong data-node-id=\"10.1\">tra i capi pi\u00f9 semplici da sfoggiare<\/strong>. Anzi, possono risolvere il classico dilemma fashion del \u00abnon so cosa mettere\u00bb, consentendo di risparmiare tempo nelle giornate pi\u00f9 frenetiche. Il merito \u00e8 di quella ricchezza cromatica che li caratterizza: hanno gi\u00e0 tutto ci\u00f2 che serve per farsi notare. <strong data-node-id=\"10.3\">Ce lo ricorda anche<\/strong> <strong data-node-id=\"10.5\">Bel\u00e9n Rodr\u00edguez<\/strong>, che degli abiti a fiori ha fatto uno dei fil rouge del suo brand Mar De Margaritas. <\/p>\n<p><img draggable=\"true\" alt=\"abito a fiori belen rodriguez estate 2026\" title=\"abito a fiori belen rodriguez estate 2026\" loading=\"lazy\" width=\"3072\" height=\"4096\" decoding=\"async\" data-nimg=\"1\" style=\"color:transparent;width:100%;height:auto;\"   src=\"https:\/\/www.europesays.com\/it\/wp-content\/uploads\/2026\/07\/2e3ef458-f5b2-457a-82fa-6678715c0f53.jpg\" class=\"css-0 e1g79fud0\"\/><a target=\"_blank\" rel=\"noopener nofollow\" data-theme-key=\"base-link\" href=\"https:\/\/pinterest.com\/pin\/create\/button\/?url=https:\/\/www.cosmopolitan.com\/it\/moda\/tendenze\/a71802814\/belen-rodriguez-abito-fiori-estate\/&amp;description=- CosmopolitanIT&amp;media=https:\/\/hips.hearstapps.com\/hmg-prod\/images\/2e3ef458-f5b2-457a-82fa-6678715c0f53.jpg?resize=1600:*\" class=\"pinterest css-on9hn5 e1socmtw0\"><img decoding=\"async\" data-dynamic-svg=\"true\" src=\"https:\/\/www.cosmopolitan.com\/_assets\/design-tokens\/fre\/static\/icons\/social\/pinterest.e8cf655.svg?primary=%2523ffffff\" loading=\"lazy\" data-testid=\"dynamic-svg-base\" height=\"auto\" width=\"auto\" alt=\"pinterest\" class=\"css-4lml0h e1mlxuuw1\"\/><\/a><\/p>\n<p>@belenrodriguez\/\/Instagram<\/p>\n<p data-journey-content=\"true\" data-node-id=\"15\" class=\"css-1ood0zq emevuu60\">In uno degli ultimi caroselli condivisi su Instagram la vediamo indossare un modello lungo rosa, punteggiato da petali multicolor. A completare l&#8217;ensemble, una borsa in pelle marrone di Hinnominate: una scelta dall&#8217;aria spontanea che funziona alla perfezione, dimostrando come un abito a fiori non richieda accessori appariscenti e studiati ad hoc. A questo punto, dopo aver selezionato <strong data-node-id=\"15.1\"><a href=\"https:\/\/www.cosmopolitan.com\/it\/moda\/g71586539\/vestiti-fiori-moda-estate\/\" target=\"_blank\" data-vars-ga-outbound-link=\"https:\/\/www.cosmopolitan.com\/it\/moda\/g71586539\/vestiti-fiori-moda-estate\/\" data-vars-ga-ux-element=\"Hyperlink\" data-vars-ga-call-to-action=\"gli abiti a fiori su cui puntare per l&#039;estate 2026\" data-node-id=\"15.1.0\" class=\"body-link css-ohbdae emevuu60\" rel=\"nofollow noopener\">gli abiti a fiori su cui puntare per l&#8217;estate 2026<\/a><\/strong>, vi suggeriamo ora <strong data-node-id=\"15.3\">qualche idea di styling da replicare a occhi chiusi<\/strong> con qualsiasi vestito floreale abbiate gi\u00e0 nell&#8217;armadio o stiate pensando di aggiungere alla vostra wishlist.  <br data-node-id=\"15.5\"\/><\/p>\n<p>Con sandali minimal per un look chic e pratico<\/p>\n<p id=\"con-una-borsa-in-rafia-per-il-giorno\" data-journey-content=\"true\" data-node-id=\"22\" class=\"body-text css-1ood0zq emevuu60\">Linee pulite e dettagli ridotti al minimo per non sottrarre la scena alla stampa floreale. Noi li preferiamo flat per muoverci con disinvoltura da mattina a sera. <\/p>\n<p>Mango  Sandali pelle mini borchie<a target=\"_blank\" rel=\"nofollow noopener\" data-theme-key=\"product-image-wrapper\" href=\"https:\/\/go.redirectingat.com?id=86393X1538932&amp;url=https%3A%2F%2Fwww.mangooutlet.com%2Fit%2Fit%2Fp%2Fdonna%2Fscarpe%2Fpelle%2Fsandali-pelle-mini-borchie%2F87098259%2FCU%2F00%3Fs%3D38%26utm_source%3Dgoogle%26utm_medium%3Dcpc%26utm_campaign%3DPMAX_1WOMAN_Outlet_IT%26utm_campaignid%3D23817018176%26utm_content%3D%26gclsrc%3Daw.ds%26mkwid%3D_dc%26pcrid%3D%26pkw%3D%26pmt%3D%26slid%3D%26gad_source%3D1%26gad_campaignid%3D23811660717%26gbraid%3D0AAAAADpcxJhWji2aLdaaNmD1WdxtdTtQy%26gclid%3DCjwKCAjwmJjSBhB-EiwAkZgxi5TDhfPZE6DM1v8A37wFBSPVMOlpp6sKrEdViQyK_QT3cjR3I9Bf9hoCEiQQAvD_BwE\" aria-label=\"28\u00a0\u20ac su mangooutlet per Sandali pelle mini borchie\" data-href=\"https:\/\/www.mangooutlet.com\/it\/it\/p\/donna\/scarpe\/pelle\/sandali-pelle-mini-borchie\/87098259\/CU\/00?s=38&amp;utm_source=google&amp;utm_medium=cpc&amp;utm_campaign=PMAX_1WOMAN_Outlet_IT&amp;utm_campaignid=23817018176&amp;utm_content=&amp;gclsrc=aw.ds&amp;mkwid=_dc&amp;pcrid=&amp;pkw=&amp;pmt=&amp;slid=&amp;gad_source=1&amp;gad_campaignid=23811660717&amp;gbraid=0AAAAADpcxJhWji2aLdaaNmD1WdxtdTtQy&amp;gclid=CjwKCAjwmJjSBhB-EiwAkZgxi5TDhfPZE6DM1v8A37wFBSPVMOlpp6sKrEdViQyK_QT3cjR3I9Bf9hoCEiQQAvD_BwE\" data-product-url=\"https:\/\/www.mangooutlet.com\/it\/it\/p\/donna\/scarpe\/pelle\/sandali-pelle-mini-borchie\/87098259\/CU\/00?s=38&amp;utm_source=google&amp;utm_medium=cpc&amp;utm_campaign=PMAX_1WOMAN_Outlet_IT&amp;utm_campaignid=23817018176&amp;utm_content=&amp;gclsrc=aw.ds&amp;mkwid=_dc&amp;pcrid=&amp;pkw=&amp;pmt=&amp;slid=&amp;gad_source=1&amp;gad_campaignid=23811660717&amp;gbraid=0AAAAADpcxJhWji2aLdaaNmD1WdxtdTtQy&amp;gclid=CjwKCAjwmJjSBhB-EiwAkZgxi5TDhfPZE6DM1v8A37wFBSPVMOlpp6sKrEdViQyK_QT3cjR3I9Bf9hoCEiQQAvD_BwE\" data-affiliate=\"true\" data-affiliate-url=\"https:\/\/go.redirectingat.com?id=86393X1538932&amp;url=https%3A%2F%2Fwww.mangooutlet.com%2Fit%2Fit%2Fp%2Fdonna%2Fscarpe%2Fpelle%2Fsandali-pelle-mini-borchie%2F87098259%2FCU%2F00%3Fs%3D38%26utm_source%3Dgoogle%26utm_medium%3Dcpc%26utm_campaign%3DPMAX_1WOMAN_Outlet_IT%26utm_campaignid%3D23817018176%26utm_content%3D%26gclsrc%3Daw.ds%26mkwid%3D_dc%26pcrid%3D%26pkw%3D%26pmt%3D%26slid%3D%26gad_source%3D1%26gad_campaignid%3D23811660717%26gbraid%3D0AAAAADpcxJhWji2aLdaaNmD1WdxtdTtQy%26gclid%3DCjwKCAjwmJjSBhB-EiwAkZgxi5TDhfPZE6DM1v8A37wFBSPVMOlpp6sKrEdViQyK_QT3cjR3I9Bf9hoCEiQQAvD_BwE\" data-affiliate-network=\"{&quot;site_id&quot;:&quot;d373c840-ece5-4ebc-a094-32ac96ffad6c&quot;,&quot;network&quot;:{&quot;name&quot;:&quot;Skimlinks&quot;}}\" data-fp-affiliate-inline-link=\"true\" data-fp-affiliate-button-link=\"false\" data-vars-ga-call-to-action=\"28\u00a0\u20ac su mangooutlet\" data-vars-ga-media-role=\"\" data-vars-ga-media-type=\"Single Product Embed\" data-vars-ga-outbound-link=\"https:\/\/www.mangooutlet.com\/it\/it\/p\/donna\/scarpe\/pelle\/sandali-pelle-mini-borchie\/87098259\/CU\/00?s=38&amp;utm_source=google&amp;utm_medium=cpc&amp;utm_campaign=PMAX_1WOMAN_Outlet_IT&amp;utm_campaignid=23817018176&amp;utm_content=&amp;gclsrc=aw.ds&amp;mkwid=_dc&amp;pcrid=&amp;pkw=&amp;pmt=&amp;slid=&amp;gad_source=1&amp;gad_campaignid=23811660717&amp;gbraid=0AAAAADpcxJhWji2aLdaaNmD1WdxtdTtQy&amp;gclid=CjwKCAjwmJjSBhB-EiwAkZgxi5TDhfPZE6DM1v8A37wFBSPVMOlpp6sKrEdViQyK_QT3cjR3I9Bf9hoCEiQQAvD_BwE\" data-vars-ga-product-brand=\"Mango \" data-vars-ga-product-id=\"38f121b9-d266-437b-a23d-00b37a3595cb\" data-vars-ga-product-price=\"28,00\u00a0\u20ac\" data-vars-ga-product-retailer-id=\"2d7503c6-2c6d-452f-a695-15f17c65ebfe\" data-vars-ga-product-sem3-brand=\"Mango \" data-vars-ga-link-treatment=\"sale | (not set)\" class=\"product-image-link ebgq4gw7 e12px3ys0 css-g6od0w e1socmtw0\"><img  alt=\"Sandali pelle mini borchie\" title=\"Sandali pelle mini borchie\" data-fp-product-image=\"true\" datafptag=\"data-fp-product-image\" src=\"https:\/\/www.europesays.com\/it\/wp-content\/uploads\/2026\/07\/1782986666-1e2ce3d8-32be-4a90-a93b-46c8a3692319.jpg\" width=\"1080\" height=\"1350\" decoding=\"async\" loading=\"lazy\"\/><\/a>Mango  Sandali pelle mini borchie<\/p>\n<p>Ora in sconto del 44%<\/p>\n<p>Con una borsa in rafia per il giorno <\/p>\n<p data-journey-content=\"true\" data-node-id=\"28\" class=\"css-1ood0zq emevuu60\">L&#8217;accessorio estivo per eccellenza che aggiunge texture al look senza entrare in competizione con la fantasia dell&#8217;abito. <\/p>\n<p>S\u00e9zane Borsa Farrow in rafia naturale<a target=\"_blank\" rel=\"nofollow noopener\" data-theme-key=\"product-image-wrapper\" href=\"https:\/\/www.awin1.com\/cread.php?awinmid=83633&amp;awinaffid=678969&amp;campaign=&amp;clickref=cosit|xid:{xid}&amp;ued=https%3A%2F%2Fwww.sezane.com%2Fit-it%2Fproduct%2Fborsa-farrow%2Frafia-naturale%23size-TU&amp;platform=pl\" aria-label=\"150\u00a0\u20ac su Sezane per Borsa Farrow in rafia naturale\" data-href=\"https:\/\/www.sezane.com\/it-it\/product\/borsa-farrow\/rafia-naturale#size-TU\" data-product-url=\"https:\/\/www.sezane.com\/it-it\/product\/borsa-farrow\/rafia-naturale#size-TU\" data-affiliate=\"true\" data-affiliate-url=\"https:\/\/www.awin1.com\/cread.php?awinmid=83633&amp;awinaffid=678969&amp;campaign=&amp;clickref=cosit|xid:{xid}&amp;ued=https%3A%2F%2Fwww.sezane.com%2Fit-it%2Fproduct%2Fborsa-farrow%2Frafia-naturale%23size-TU&amp;platform=pl\" data-affiliate-network=\"{&quot;site_id&quot;:&quot;d373c840-ece5-4ebc-a094-32ac96ffad6c&quot;,&quot;network&quot;:{&quot;name&quot;:&quot;Trackonomics&quot;},&quot;metadata&quot;:{&quot;trackonomics&quot;:{&quot;network_name&quot;:&quot;awin&quot;}},&quot;product_metadata&quot;:{&quot;d373c840-ece5-4ebc-a094-32ac96ffad6c&quot;:{&quot;network_name&quot;:&quot;awin&quot;,&quot;link&quot;:&quot;https:\/\/www.awin1.com\/cread.php?awinmid=83633&amp;awinaffid=678969&amp;campaign=&amp;clickref={subid}&amp;ued=https%3A%2F%2Fwww.sezane.com%2Fit-it%2Fproduct%2Fborsa-farrow%2Frafia-naturale%23size-TU&amp;platform=pl&quot;}}}\" data-fp-affiliate-inline-link=\"true\" data-fp-affiliate-button-link=\"false\" data-vars-ga-call-to-action=\"150\u00a0\u20ac su Sezane\" data-vars-ga-media-role=\"\" data-vars-ga-media-type=\"Single Product Embed\" data-vars-ga-outbound-link=\"https:\/\/www.sezane.com\/it-it\/product\/borsa-farrow\/rafia-naturale#size-TU\" data-vars-ga-product-brand=\"S\u00e9zane\" data-vars-ga-product-id=\"762f01b7-1faa-42eb-ae5e-50d7f04c487a\" data-vars-ga-product-price=\"150,00\u00a0\u20ac\" data-vars-ga-product-retailer-id=\"dd8af9a1-1fcc-43c1-8e33-2244d11b133d\" data-vars-ga-product-sem3-brand=\"S\u00e9zane\" data-vars-ga-link-treatment=\"(not set) | (not set)\" class=\"product-image-link ebgq4gw7 e12px3ys0 css-g6od0w e1socmtw0\"><img  alt=\"Borsa Farrow in rafia naturale\" title=\"Borsa Farrow in rafia naturale\" data-fp-product-image=\"true\" datafptag=\"data-fp-product-image\" src=\"https:\/\/www.europesays.com\/it\/wp-content\/uploads\/2026\/07\/1782986828-b4aebf51-7561-4c29-ae7a-22250da6affb.jpg\" width=\"1080\" height=\"1350\" decoding=\"async\" loading=\"lazy\"\/><\/a>S\u00e9zane Borsa Farrow in rafia naturaleCon gioielli dorati per la sera<\/p>\n<p data-journey-content=\"true\" data-node-id=\"34\" class=\"css-1ood0zq emevuu60\">Dagli orecchini ai bracciali, fino agli anelli: catturano la luce e regalano una nota pi\u00f9 sofisticata, perfetta anche dopo il tramonto. <\/p>\n<p>Stroili Orecchini a cerchio Radiance acciaio dorato<a target=\"_blank\" rel=\"nofollow noopener\" data-theme-key=\"product-image-wrapper\" href=\"https:\/\/www.awin1.com\/cread.php?awinmid=31481&amp;awinaffid=678969&amp;campaign=&amp;clickref=cosit|xid:{xid}&amp;ued=https%3A%2F%2Fwww.stroilioro.com%2Fit_IT%2Fp%2Forecchini-a-cerchio-radiance-acciaio-dorato%2F1694809.html%3Futm_source%3Dgoogle%26utm_medium%3Dcpc%26utm_campaign%3DSTO_%5BPMC_SHO_ALL_IT%5D_Donna_Zombies-With-Potential%26utm_term%3DSSTO_%5BPMC_SHO_ALL_IT%5D_Donna_Zombies-With-Potential%26gclsrc%3Daw.ds%26gad_source%3D1%26gad_campaignid%3D23277334684%26gbraid%3D0AAAAADFPZwhWb9lqS-t-0rGClPrwNX2U0%26gclid%3DCjwKCAjwmJjSBhB-EiwAkZgxixMdiloZU_13ZpnBqTBSDwecBSFlAc6-I7E0R7XAEL8alelxSwR5qBoCBaYQAvD_BwE&amp;platform=pl\" aria-label=\"32\u00a0\u20ac su stroilioro per Orecchini a cerchio Radiance acciaio dorato\" data-href=\"https:\/\/www.stroilioro.com\/it_IT\/p\/orecchini-a-cerchio-radiance-acciaio-dorato\/1694809.html?utm_source=google&amp;utm_medium=cpc&amp;utm_campaign=STO_[PMC_SHO_ALL_IT]_Donna_Zombies-With-Potential&amp;utm_term=SSTO_[PMC_SHO_ALL_IT]_Donna_Zombies-With-Potential&amp;gclsrc=aw.ds&amp;gad_source=1&amp;gad_campaignid=23277334684&amp;gbraid=0AAAAADFPZwhWb9lqS-t-0rGClPrwNX2U0&amp;gclid=CjwKCAjwmJjSBhB-EiwAkZgxixMdiloZU_13ZpnBqTBSDwecBSFlAc6-I7E0R7XAEL8alelxSwR5qBoCBaYQAvD_BwE\" data-product-url=\"https:\/\/www.stroilioro.com\/it_IT\/p\/orecchini-a-cerchio-radiance-acciaio-dorato\/1694809.html?utm_source=google&amp;utm_medium=cpc&amp;utm_campaign=STO_[PMC_SHO_ALL_IT]_Donna_Zombies-With-Potential&amp;utm_term=SSTO_[PMC_SHO_ALL_IT]_Donna_Zombies-With-Potential&amp;gclsrc=aw.ds&amp;gad_source=1&amp;gad_campaignid=23277334684&amp;gbraid=0AAAAADFPZwhWb9lqS-t-0rGClPrwNX2U0&amp;gclid=CjwKCAjwmJjSBhB-EiwAkZgxixMdiloZU_13ZpnBqTBSDwecBSFlAc6-I7E0R7XAEL8alelxSwR5qBoCBaYQAvD_BwE\" data-affiliate=\"true\" data-affiliate-url=\"https:\/\/www.awin1.com\/cread.php?awinmid=31481&amp;awinaffid=678969&amp;campaign=&amp;clickref=cosit|xid:{xid}&amp;ued=https%3A%2F%2Fwww.stroilioro.com%2Fit_IT%2Fp%2Forecchini-a-cerchio-radiance-acciaio-dorato%2F1694809.html%3Futm_source%3Dgoogle%26utm_medium%3Dcpc%26utm_campaign%3DSTO_%5BPMC_SHO_ALL_IT%5D_Donna_Zombies-With-Potential%26utm_term%3DSSTO_%5BPMC_SHO_ALL_IT%5D_Donna_Zombies-With-Potential%26gclsrc%3Daw.ds%26gad_source%3D1%26gad_campaignid%3D23277334684%26gbraid%3D0AAAAADFPZwhWb9lqS-t-0rGClPrwNX2U0%26gclid%3DCjwKCAjwmJjSBhB-EiwAkZgxixMdiloZU_13ZpnBqTBSDwecBSFlAc6-I7E0R7XAEL8alelxSwR5qBoCBaYQAvD_BwE&amp;platform=pl\" data-affiliate-network=\"{&quot;site_id&quot;:&quot;d373c840-ece5-4ebc-a094-32ac96ffad6c&quot;,&quot;network&quot;:{&quot;name&quot;:&quot;Trackonomics&quot;},&quot;metadata&quot;:{&quot;trackonomics&quot;:{&quot;network_name&quot;:&quot;awin&quot;}},&quot;product_metadata&quot;:{&quot;d373c840-ece5-4ebc-a094-32ac96ffad6c&quot;:{&quot;network_name&quot;:&quot;awin&quot;,&quot;link&quot;:&quot;https:\/\/www.awin1.com\/cread.php?awinmid=31481&amp;awinaffid=678969&amp;campaign=&amp;clickref={subid}&amp;ued=https%3A%2F%2Fwww.stroilioro.com%2Fit_IT%2Fp%2Forecchini-a-cerchio-radiance-acciaio-dorato%2F1694809.html%3Futm_source%3Dgoogle%26utm_medium%3Dcpc%26utm_campaign%3DSTO_%5BPMC_SHO_ALL_IT%5D_Donna_Zombies-With-Potential%26utm_term%3DSSTO_%5BPMC_SHO_ALL_IT%5D_Donna_Zombies-With-Potential%26gclsrc%3Daw.ds%26gad_source%3D1%26gad_campaignid%3D23277334684%26gbraid%3D0AAAAADFPZwhWb9lqS-t-0rGClPrwNX2U0%26gclid%3DCjwKCAjwmJjSBhB-EiwAkZgxixMdiloZU_13ZpnBqTBSDwecBSFlAc6-I7E0R7XAEL8alelxSwR5qBoCBaYQAvD_BwE&amp;platform=pl&quot;}}}\" data-fp-affiliate-inline-link=\"true\" data-fp-affiliate-button-link=\"false\" data-vars-ga-call-to-action=\"32\u00a0\u20ac su stroilioro\" data-vars-ga-media-role=\"\" data-vars-ga-media-type=\"Single Product Embed\" data-vars-ga-outbound-link=\"https:\/\/www.stroilioro.com\/it_IT\/p\/orecchini-a-cerchio-radiance-acciaio-dorato\/1694809.html?utm_source=google&amp;utm_medium=cpc&amp;utm_campaign=STO_[PMC_SHO_ALL_IT]_Donna_Zombies-With-Potential&amp;utm_term=SSTO_[PMC_SHO_ALL_IT]_Donna_Zombies-With-Potential&amp;gclsrc=aw.ds&amp;gad_source=1&amp;gad_campaignid=23277334684&amp;gbraid=0AAAAADFPZwhWb9lqS-t-0rGClPrwNX2U0&amp;gclid=CjwKCAjwmJjSBhB-EiwAkZgxixMdiloZU_13ZpnBqTBSDwecBSFlAc6-I7E0R7XAEL8alelxSwR5qBoCBaYQAvD_BwE\" data-vars-ga-product-brand=\"Stroili\" data-vars-ga-product-id=\"5082294a-c26f-40d4-b59b-59089d2bb928\" data-vars-ga-product-price=\"31,92\u00a0\u20ac\" data-vars-ga-product-retailer-id=\"59e61e28-cbf4-45b2-90ad-cbf46fca9840\" data-vars-ga-product-sem3-brand=\"Stroili\" data-vars-ga-link-treatment=\"sale | (not set)\" class=\"product-image-link ebgq4gw7 e12px3ys0 css-g6od0w e1socmtw0\"><img  alt=\"Orecchini a cerchio Radiance acciaio dorato\" title=\"Orecchini a cerchio Radiance acciaio dorato\" data-fp-product-image=\"true\" datafptag=\"data-fp-product-image\" src=\"https:\/\/www.europesays.com\/it\/wp-content\/uploads\/2026\/07\/1782986884-0cc08eae-172b-4ca8-8b57-43e9fd3e3ee4.jpg\" width=\"1080\" height=\"1350\" decoding=\"async\" loading=\"lazy\"\/><\/a>Stroili Orecchini a cerchio Radiance acciaio dorato<\/p>\n<p>Ora in sconto del 20%<\/p>\n<p><a target=\"_blank\" rel=\"nofollow noopener\" data-theme-key=\"product-image-wrapper\" href=\"https:\/\/go.redirectingat.com?id=86393X1538932&amp;url=https%3A%2F%2Fwww.pdpaola.com%2Fit%2Fproducts%2Fdeva-bracelet\" aria-label=\"185\u00a0\u20ac su pdpaola per Bracciale Brise\" data-href=\"https:\/\/www.pdpaola.com\/it\/products\/deva-bracelet\" data-product-url=\"https:\/\/www.pdpaola.com\/it\/products\/deva-bracelet\" data-affiliate=\"true\" data-affiliate-url=\"https:\/\/go.redirectingat.com?id=86393X1538932&amp;url=https%3A%2F%2Fwww.pdpaola.com%2Fit%2Fproducts%2Fdeva-bracelet\" data-affiliate-network=\"{&quot;site_id&quot;:&quot;d373c840-ece5-4ebc-a094-32ac96ffad6c&quot;,&quot;network&quot;:{&quot;name&quot;:&quot;Skimlinks&quot;}}\" data-fp-affiliate-inline-link=\"true\" data-fp-affiliate-button-link=\"false\" data-vars-ga-call-to-action=\"185\u00a0\u20ac su pdpaola\" data-vars-ga-media-role=\"\" data-vars-ga-media-type=\"Single Product Embed\" data-vars-ga-outbound-link=\"https:\/\/www.pdpaola.com\/it\/products\/deva-bracelet\" data-vars-ga-product-brand=\"PDPAOLA\" data-vars-ga-product-id=\"97f90f40-fd4c-456f-8669-c56e5fcd36c1\" data-vars-ga-product-price=\"185,00\u00a0\u20ac\" data-vars-ga-product-retailer-id=\"759ba180-fc5e-4f01-a36e-c66ce670590e\" data-vars-ga-product-sem3-brand=\"PDPAOLA\" data-vars-ga-link-treatment=\"(not set) | (not set)\" class=\"product-image-link ebgq4gw7 e12px3ys0 css-g6od0w e1socmtw0\"><img  alt=\"Bracciale Brise\" title=\"Bracciale Brise\" data-fp-product-image=\"true\" datafptag=\"data-fp-product-image\" src=\"https:\/\/www.europesays.com\/it\/wp-content\/uploads\/2026\/07\/1782986970-5e913fe3-1b44-4bc3-bf09-3b7e3226a0e2.jpg\" width=\"1080\" height=\"1350\" decoding=\"async\" loading=\"lazy\"\/><\/a>Asos Design   Confezione multipack di anelli misti tonalit\u00e0 oro<a target=\"_blank\" rel=\"nofollow noopener\" data-theme-key=\"product-image-wrapper\" href=\"https:\/\/click.linksynergy.com\/deeplink?id=2fv8O7DnZlc&amp;mid=48130&amp;u1=cosit|xid:{xid}&amp;murl=https%3A%2F%2Fwww.asos.com%2Fit%2Fasos-design%2Fasos-design-confezione-multipack-di-anelli-misti-tonalita-oro%2Fprd%2F210757704%3Faffid%3D29324%26_CjwKCAjwmJjSBhB-EiwAkZgxi14VdIax5FOHApq2yWShwOEwFdSV5BnTh9REvpxPm8u5cgjQEkK4FxoCcl8QAvD_BwE%26channelref%3Dproduct%2Bsearch%26ppcadref%3D21517426258%7C%7C%26utm_source%3Dgoogle%26utm_medium%3Dcpc%26utm_campaign%3D21517426258%26utm_content%3D%26utm_term%3D%26gad_source%3D1%26gad_campaignid%3D21513530087%26gbraid%3D0AAAAADqFjODAPz854XmlwdfWM5hhr7JY9%26gclid%3DCjwKCAjwmJjSBhB-EiwAkZgxi14VdIax5FOHApq2yWShwOEwFdSV5BnTh9REvpxPm8u5cgjQEkK4FxoCcl8QAvD_BwE\" aria-label=\"13\u00a0\u20ac su ASOS per  Confezione multipack di anelli misti tonalit\u00e0 oro\" data-href=\"https:\/\/www.asos.com\/it\/asos-design\/asos-design-confezione-multipack-di-anelli-misti-tonalita-oro\/prd\/210757704?affid=29324&amp;_CjwKCAjwmJjSBhB-EiwAkZgxi14VdIax5FOHApq2yWShwOEwFdSV5BnTh9REvpxPm8u5cgjQEkK4FxoCcl8QAvD_BwE&amp;channelref=product+search&amp;ppcadref=21517426258||&amp;utm_source=google&amp;utm_medium=cpc&amp;utm_campaign=21517426258&amp;utm_content=&amp;utm_term=&amp;gad_source=1&amp;gad_campaignid=21513530087&amp;gbraid=0AAAAADqFjODAPz854XmlwdfWM5hhr7JY9&amp;gclid=CjwKCAjwmJjSBhB-EiwAkZgxi14VdIax5FOHApq2yWShwOEwFdSV5BnTh9REvpxPm8u5cgjQEkK4FxoCcl8QAvD_BwE\" data-product-url=\"https:\/\/www.asos.com\/it\/asos-design\/asos-design-confezione-multipack-di-anelli-misti-tonalita-oro\/prd\/210757704?affid=29324&amp;_CjwKCAjwmJjSBhB-EiwAkZgxi14VdIax5FOHApq2yWShwOEwFdSV5BnTh9REvpxPm8u5cgjQEkK4FxoCcl8QAvD_BwE&amp;channelref=product+search&amp;ppcadref=21517426258||&amp;utm_source=google&amp;utm_medium=cpc&amp;utm_campaign=21517426258&amp;utm_content=&amp;utm_term=&amp;gad_source=1&amp;gad_campaignid=21513530087&amp;gbraid=0AAAAADqFjODAPz854XmlwdfWM5hhr7JY9&amp;gclid=CjwKCAjwmJjSBhB-EiwAkZgxi14VdIax5FOHApq2yWShwOEwFdSV5BnTh9REvpxPm8u5cgjQEkK4FxoCcl8QAvD_BwE\" data-affiliate=\"true\" data-affiliate-url=\"https:\/\/click.linksynergy.com\/deeplink?id=2fv8O7DnZlc&amp;mid=48130&amp;u1=cosit|xid:{xid}&amp;murl=https%3A%2F%2Fwww.asos.com%2Fit%2Fasos-design%2Fasos-design-confezione-multipack-di-anelli-misti-tonalita-oro%2Fprd%2F210757704%3Faffid%3D29324%26_CjwKCAjwmJjSBhB-EiwAkZgxi14VdIax5FOHApq2yWShwOEwFdSV5BnTh9REvpxPm8u5cgjQEkK4FxoCcl8QAvD_BwE%26channelref%3Dproduct%2Bsearch%26ppcadref%3D21517426258%7C%7C%26utm_source%3Dgoogle%26utm_medium%3Dcpc%26utm_campaign%3D21517426258%26utm_content%3D%26utm_term%3D%26gad_source%3D1%26gad_campaignid%3D21513530087%26gbraid%3D0AAAAADqFjODAPz854XmlwdfWM5hhr7JY9%26gclid%3DCjwKCAjwmJjSBhB-EiwAkZgxi14VdIax5FOHApq2yWShwOEwFdSV5BnTh9REvpxPm8u5cgjQEkK4FxoCcl8QAvD_BwE\" data-affiliate-network=\"{&quot;site_id&quot;:&quot;d373c840-ece5-4ebc-a094-32ac96ffad6c&quot;,&quot;network&quot;:{&quot;name&quot;:&quot;Trackonomics&quot;},&quot;metadata&quot;:{&quot;trackonomics&quot;:{&quot;network_name&quot;:&quot;ls&quot;}},&quot;product_metadata&quot;:{&quot;d373c840-ece5-4ebc-a094-32ac96ffad6c&quot;:{&quot;network_name&quot;:&quot;ls&quot;,&quot;link&quot;:&quot;https:\/\/click.linksynergy.com\/deeplink?id=2fv8O7DnZlc&amp;mid=48130&amp;u1={subid}&amp;murl=https%3A%2F%2Fwww.asos.com%2Fit%2Fasos-design%2Fasos-design-confezione-multipack-di-anelli-misti-tonalita-oro%2Fprd%2F210757704%3Faffid%3D29324%26_CjwKCAjwmJjSBhB-EiwAkZgxi14VdIax5FOHApq2yWShwOEwFdSV5BnTh9REvpxPm8u5cgjQEkK4FxoCcl8QAvD_BwE%26channelref%3Dproduct%2Bsearch%26ppcadref%3D21517426258%7C%7C%26utm_source%3Dgoogle%26utm_medium%3Dcpc%26utm_campaign%3D21517426258%26utm_content%3D%26utm_term%3D%26gad_source%3D1%26gad_campaignid%3D21513530087%26gbraid%3D0AAAAADqFjODAPz854XmlwdfWM5hhr7JY9%26gclid%3DCjwKCAjwmJjSBhB-EiwAkZgxi14VdIax5FOHApq2yWShwOEwFdSV5BnTh9REvpxPm8u5cgjQEkK4FxoCcl8QAvD_BwE&quot;}}}\" data-fp-affiliate-inline-link=\"true\" data-fp-affiliate-button-link=\"false\" data-vars-ga-call-to-action=\"13\u00a0\u20ac su ASOS\" data-vars-ga-media-role=\"\" data-vars-ga-media-type=\"Single Product Embed\" data-vars-ga-outbound-link=\"https:\/\/www.asos.com\/it\/asos-design\/asos-design-confezione-multipack-di-anelli-misti-tonalita-oro\/prd\/210757704?affid=29324&amp;_CjwKCAjwmJjSBhB-EiwAkZgxi14VdIax5FOHApq2yWShwOEwFdSV5BnTh9REvpxPm8u5cgjQEkK4FxoCcl8QAvD_BwE&amp;channelref=product+search&amp;ppcadref=21517426258||&amp;utm_source=google&amp;utm_medium=cpc&amp;utm_campaign=21517426258&amp;utm_content=&amp;utm_term=&amp;gad_source=1&amp;gad_campaignid=21513530087&amp;gbraid=0AAAAADqFjODAPz854XmlwdfWM5hhr7JY9&amp;gclid=CjwKCAjwmJjSBhB-EiwAkZgxi14VdIax5FOHApq2yWShwOEwFdSV5BnTh9REvpxPm8u5cgjQEkK4FxoCcl8QAvD_BwE\" data-vars-ga-product-brand=\"Asos Design \" data-vars-ga-product-id=\"aae889c6-26a7-4c99-aa5d-f9565fe533f1\" data-vars-ga-product-price=\"13,00\u00a0\u20ac\" data-vars-ga-product-retailer-id=\"c5b8442f-481a-4c4c-8cbd-87f830231f23\" data-vars-ga-product-sem3-brand=\"Asos Design \" data-vars-ga-link-treatment=\"(not set) | (not set)\" class=\"product-image-link ebgq4gw7 e12px3ys0 css-g6od0w e1socmtw0\"><img  alt=\" Confezione multipack di anelli misti tonalit\u00e0 oro\" title=\" Confezione multipack di anelli misti tonalit\u00e0 oro\" data-fp-product-image=\"true\" datafptag=\"data-fp-product-image\" src=\"https:\/\/www.europesays.com\/it\/wp-content\/uploads\/2026\/07\/1782987507-e174b786-feec-40cd-8f5e-993b9780b3ac.jpg\" width=\"1080\" height=\"1350\" decoding=\"async\" loading=\"lazy\"\/><\/a>Asos Design   Confezione multipack di anelli misti tonalit\u00e0 oroCon le sneakers per dare un twist casual<\/p>\n<p id=\"\" data-journey-content=\"true\" data-node-id=\"42\" class=\"body-text css-1ood0zq emevuu60\">Meglio se in tela. Sul colore avete ampia libert\u00e0 di scelta: bianche per andare sul sicuro e illuminare, oppure in palette con una delle nuance che attraversano l&#8217;abito, per un risultato ancora pi\u00f9 armonioso. <\/p>\n<p>Superga 2750-Cotu Classic White<a target=\"_blank\" rel=\"nofollow noopener\" data-theme-key=\"product-image-wrapper\" href=\"https:\/\/superga.pxf.io\/c\/3503984\/1926848\/23152?subId1=cosit&amp;subId3=xid:{xid}&amp;u=https%3A%2F%2Fwww.superga.com%2Fit%2Fproducts%2Fle-superga-unisex-2750-cotu-classic-white-s000010-901%3Futm_source%3Dgoogle%26utm_medium%3Dcpc%26utm_campaign%3Dw_it_superga_google_pmax-mix_ao_perf%26tw_source%3Dgoogle%26tw_adid%3D%26tw_campaign%3D23626476404%26tw_kwdid%3D%26utm_content%3DSS26%26tw_source%3Dgoogle%26tw_adid%3D%26tw_campaign%3D23626476404%26tw_kwdid%3D%26gad_source%3D1%26gad_campaignid%3D23626476386%26gbraid%3D0AAAAADpfvUHuc7TgXvm26hvRBAaHXFMAN%26gclid%3DCjwKCAjwmJjSBhB-EiwAkZgxi60YzDKUTc_PXnwRCahH06WoDkTkMMKjjVgldiKMmToabVXxJwhb7hoC180QAvD_BwE\" aria-label=\"75\u00a0\u20ac su superga per 2750-Cotu Classic White\" data-href=\"https:\/\/www.superga.com\/it\/products\/le-superga-unisex-2750-cotu-classic-white-s000010-901?utm_source=google&amp;utm_medium=cpc&amp;utm_campaign=w_it_superga_google_pmax-mix_ao_perf&amp;tw_source=google&amp;tw_adid=&amp;tw_campaign=23626476404&amp;tw_kwdid=&amp;utm_content=SS26&amp;tw_source=google&amp;tw_adid=&amp;tw_campaign=23626476404&amp;tw_kwdid=&amp;gad_source=1&amp;gad_campaignid=23626476386&amp;gbraid=0AAAAADpfvUHuc7TgXvm26hvRBAaHXFMAN&amp;gclid=CjwKCAjwmJjSBhB-EiwAkZgxi60YzDKUTc_PXnwRCahH06WoDkTkMMKjjVgldiKMmToabVXxJwhb7hoC180QAvD_BwE\" data-product-url=\"https:\/\/www.superga.com\/it\/products\/le-superga-unisex-2750-cotu-classic-white-s000010-901?utm_source=google&amp;utm_medium=cpc&amp;utm_campaign=w_it_superga_google_pmax-mix_ao_perf&amp;tw_source=google&amp;tw_adid=&amp;tw_campaign=23626476404&amp;tw_kwdid=&amp;utm_content=SS26&amp;tw_source=google&amp;tw_adid=&amp;tw_campaign=23626476404&amp;tw_kwdid=&amp;gad_source=1&amp;gad_campaignid=23626476386&amp;gbraid=0AAAAADpfvUHuc7TgXvm26hvRBAaHXFMAN&amp;gclid=CjwKCAjwmJjSBhB-EiwAkZgxi60YzDKUTc_PXnwRCahH06WoDkTkMMKjjVgldiKMmToabVXxJwhb7hoC180QAvD_BwE\" data-affiliate=\"true\" data-affiliate-url=\"https:\/\/superga.pxf.io\/c\/3503984\/1926848\/23152?subId1=cosit&amp;subId3=xid:{xid}&amp;u=https%3A%2F%2Fwww.superga.com%2Fit%2Fproducts%2Fle-superga-unisex-2750-cotu-classic-white-s000010-901%3Futm_source%3Dgoogle%26utm_medium%3Dcpc%26utm_campaign%3Dw_it_superga_google_pmax-mix_ao_perf%26tw_source%3Dgoogle%26tw_adid%3D%26tw_campaign%3D23626476404%26tw_kwdid%3D%26utm_content%3DSS26%26tw_source%3Dgoogle%26tw_adid%3D%26tw_campaign%3D23626476404%26tw_kwdid%3D%26gad_source%3D1%26gad_campaignid%3D23626476386%26gbraid%3D0AAAAADpfvUHuc7TgXvm26hvRBAaHXFMAN%26gclid%3DCjwKCAjwmJjSBhB-EiwAkZgxi60YzDKUTc_PXnwRCahH06WoDkTkMMKjjVgldiKMmToabVXxJwhb7hoC180QAvD_BwE\" data-affiliate-network=\"{&quot;site_id&quot;:&quot;d373c840-ece5-4ebc-a094-32ac96ffad6c&quot;,&quot;network&quot;:{&quot;name&quot;:&quot;Trackonomics&quot;},&quot;metadata&quot;:{&quot;trackonomics&quot;:{&quot;network_name&quot;:&quot;ir&quot;}},&quot;product_metadata&quot;:{&quot;d373c840-ece5-4ebc-a094-32ac96ffad6c&quot;:{&quot;network_name&quot;:&quot;ir&quot;,&quot;link&quot;:&quot;https:\/\/superga.pxf.io\/c\/3503984\/1926848\/23152?subId1={subid}&amp;u=https%3A%2F%2Fwww.superga.com%2Fit%2Fproducts%2Fle-superga-unisex-2750-cotu-classic-white-s000010-901%3Futm_source%3Dgoogle%26utm_medium%3Dcpc%26utm_campaign%3Dw_it_superga_google_pmax-mix_ao_perf%26tw_source%3Dgoogle%26tw_adid%3D%26tw_campaign%3D23626476404%26tw_kwdid%3D%26utm_content%3DSS26%26tw_source%3Dgoogle%26tw_adid%3D%26tw_campaign%3D23626476404%26tw_kwdid%3D%26gad_source%3D1%26gad_campaignid%3D23626476386%26gbraid%3D0AAAAADpfvUHuc7TgXvm26hvRBAaHXFMAN%26gclid%3DCjwKCAjwmJjSBhB-EiwAkZgxi60YzDKUTc_PXnwRCahH06WoDkTkMMKjjVgldiKMmToabVXxJwhb7hoC180QAvD_BwE&quot;}}}\" data-fp-affiliate-inline-link=\"true\" data-fp-affiliate-button-link=\"false\" data-vars-ga-call-to-action=\"75\u00a0\u20ac su superga\" data-vars-ga-media-role=\"\" data-vars-ga-media-type=\"Single Product Embed\" data-vars-ga-outbound-link=\"https:\/\/www.superga.com\/it\/products\/le-superga-unisex-2750-cotu-classic-white-s000010-901?utm_source=google&amp;utm_medium=cpc&amp;utm_campaign=w_it_superga_google_pmax-mix_ao_perf&amp;tw_source=google&amp;tw_adid=&amp;tw_campaign=23626476404&amp;tw_kwdid=&amp;utm_content=SS26&amp;tw_source=google&amp;tw_adid=&amp;tw_campaign=23626476404&amp;tw_kwdid=&amp;gad_source=1&amp;gad_campaignid=23626476386&amp;gbraid=0AAAAADpfvUHuc7TgXvm26hvRBAaHXFMAN&amp;gclid=CjwKCAjwmJjSBhB-EiwAkZgxi60YzDKUTc_PXnwRCahH06WoDkTkMMKjjVgldiKMmToabVXxJwhb7hoC180QAvD_BwE\" data-vars-ga-product-brand=\"Superga\" data-vars-ga-product-id=\"355cc30c-9e28-49a3-999f-5be6cce15c2b\" data-vars-ga-product-price=\"75,00\u00a0\u20ac\" data-vars-ga-product-retailer-id=\"266bd655-d41e-4a37-839a-0c9535411e1b\" data-vars-ga-product-sem3-brand=\"Superga\" data-vars-ga-link-treatment=\"(not set) | (not set)\" class=\"product-image-link ebgq4gw7 e12px3ys0 css-g6od0w e1socmtw0\"><img  alt=\"2750-Cotu Classic White\" title=\"2750-Cotu Classic White\" data-fp-product-image=\"true\" datafptag=\"data-fp-product-image\" src=\"https:\/\/www.europesays.com\/it\/wp-content\/uploads\/2026\/07\/1782987616-7710eeb3-4c76-4b3a-8537-10659bc0d110.jpg\" width=\"1080\" height=\"1350\" decoding=\"async\" loading=\"lazy\"\/><\/a>Superga 2750-Cotu Classic WhiteCon una cintura per reinventarne la silhouette<\/p>\n<p data-journey-content=\"true\" data-node-id=\"48\" class=\"css-1ood0zq emevuu60\">Se l&#8217;abito non presenta particolari rifiniture, si pu\u00f2 stringere appena il punto vita per dargli una nuova struttura e cambiare la percezione dell&#8217;intero look.<br data-node-id=\"48.1\"\/><\/p>\n<p>Zara Cintura elastica in iuta e pelle<a target=\"_blank\" rel=\"nofollow noopener\" data-theme-key=\"product-image-wrapper\" href=\"https:\/\/www.awin1.com\/cread.php?awinmid=32883&amp;awinaffid=678969&amp;campaign=&amp;clickref=cosit|xid:{xid}&amp;ued=https%3A%2F%2Fwww.zara.com%2Fit%2Fit%2Fcintura-elastica-iuta-pelle-p01736030.html%3Fv1%3D545479477%26v2%3D2418966&amp;platform=pl\" aria-label=\"26\u00a0\u20ac su ZARA per Cintura elastica in iuta e pelle\" data-href=\"https:\/\/www.zara.com\/it\/it\/cintura-elastica-iuta-pelle-p01736030.html?v1=545479477&amp;v2=2418966\" data-product-url=\"https:\/\/www.zara.com\/it\/it\/cintura-elastica-iuta-pelle-p01736030.html?v1=545479477&amp;v2=2418966\" data-affiliate=\"true\" data-affiliate-url=\"https:\/\/www.awin1.com\/cread.php?awinmid=32883&amp;awinaffid=678969&amp;campaign=&amp;clickref=cosit|xid:{xid}&amp;ued=https%3A%2F%2Fwww.zara.com%2Fit%2Fit%2Fcintura-elastica-iuta-pelle-p01736030.html%3Fv1%3D545479477%26v2%3D2418966&amp;platform=pl\" data-affiliate-network=\"{&quot;site_id&quot;:&quot;d373c840-ece5-4ebc-a094-32ac96ffad6c&quot;,&quot;network&quot;:{&quot;name&quot;:&quot;Trackonomics&quot;},&quot;metadata&quot;:{&quot;trackonomics&quot;:{&quot;network_name&quot;:&quot;awin&quot;}},&quot;product_metadata&quot;:{&quot;d373c840-ece5-4ebc-a094-32ac96ffad6c&quot;:{&quot;network_name&quot;:&quot;awin&quot;,&quot;link&quot;:&quot;https:\/\/www.awin1.com\/cread.php?awinmid=32883&amp;awinaffid=678969&amp;campaign=&amp;clickref={subid}&amp;ued=https%3A%2F%2Fwww.zara.com%2Fit%2Fit%2Fcintura-elastica-iuta-pelle-p01736030.html%3Fv1%3D545479477%26v2%3D2418966&amp;platform=pl&quot;}}}\" data-fp-affiliate-inline-link=\"true\" data-fp-affiliate-button-link=\"false\" data-vars-ga-call-to-action=\"26\u00a0\u20ac su ZARA\" data-vars-ga-media-role=\"\" data-vars-ga-media-type=\"Single Product Embed\" data-vars-ga-outbound-link=\"https:\/\/www.zara.com\/it\/it\/cintura-elastica-iuta-pelle-p01736030.html?v1=545479477&amp;v2=2418966\" data-vars-ga-product-brand=\"Zara\" data-vars-ga-product-id=\"90e81868-c955-48fc-98fe-6ae263a3f73b\" data-vars-ga-product-price=\"26,00\u00a0\u20ac\" data-vars-ga-product-retailer-id=\"84472c04-6540-4a44-a74e-a13c905eccbf\" data-vars-ga-product-sem3-brand=\"Zara\" data-vars-ga-link-treatment=\"(not set) | (not set)\" class=\"product-image-link ebgq4gw7 e12px3ys0 css-g6od0w e1socmtw0\"><img  alt=\"Cintura elastica in iuta e pelle\" title=\"Cintura elastica in iuta e pelle\" data-fp-product-image=\"true\" datafptag=\"data-fp-product-image\" src=\"https:\/\/www.europesays.com\/it\/wp-content\/uploads\/2026\/07\/1782987671-64f82d2b-887a-40a2-aa6e-ed65db0914c3.jpg\" width=\"1080\" height=\"1350\" decoding=\"async\" loading=\"lazy\"\/><\/a>Zara Cintura elastica in iuta e pelleLa moda must-have secondo Cosmopolitan<a target=\"_blank\" rel=\"nofollow noopener\" data-theme-key=\"product-image-wrapper\" href=\"https:\/\/www.awin1.com\/cread.php?awinmid=18831&amp;awinaffid=678969&amp;campaign=&amp;clickref=cosit|xid:{xid}&amp;ued=https%3A%2F%2Fwww.uniqlo.com%2Fit%2Fit%2Fproducts%2FE484276-000%2F00%3FcolorDisplayCode%3D01%26sizeDisplayCode%3D003&amp;platform=pl\" aria-label=\"50\u00a0\u20ac su Uniqlo per Gilet 100% Lino Premium\" data-href=\"https:\/\/www.uniqlo.com\/it\/it\/products\/E484276-000\/00?colorDisplayCode=01&amp;sizeDisplayCode=003\" data-product-url=\"https:\/\/www.uniqlo.com\/it\/it\/products\/E484276-000\/00?colorDisplayCode=01&amp;sizeDisplayCode=003\" data-affiliate=\"true\" data-affiliate-url=\"https:\/\/www.awin1.com\/cread.php?awinmid=18831&amp;awinaffid=678969&amp;campaign=&amp;clickref=cosit|xid:{xid}&amp;ued=https%3A%2F%2Fwww.uniqlo.com%2Fit%2Fit%2Fproducts%2FE484276-000%2F00%3FcolorDisplayCode%3D01%26sizeDisplayCode%3D003&amp;platform=pl\" data-affiliate-network=\"{&quot;site_id&quot;:&quot;d373c840-ece5-4ebc-a094-32ac96ffad6c&quot;,&quot;metadata&quot;:{&quot;trackonomics&quot;:{&quot;network_name&quot;:&quot;awin&quot;}},&quot;network&quot;:{&quot;name&quot;:&quot;Trackonomics&quot;},&quot;product_metadata&quot;:{&quot;d373c840-ece5-4ebc-a094-32ac96ffad6c&quot;:{&quot;network_name&quot;:&quot;awin&quot;,&quot;link&quot;:&quot;https:\/\/www.awin1.com\/cread.php?awinmid=18831&amp;awinaffid=678969&amp;campaign=&amp;clickref={subid}&amp;ued=https%3A%2F%2Fwww.uniqlo.com%2Fit%2Fit%2Fproducts%2FE484276-000%2F00%3FcolorDisplayCode%3D01%26sizeDisplayCode%3D003&amp;platform=pl&quot;}}}\" data-fp-affiliate-inline-link=\"true\" data-fp-affiliate-button-link=\"false\" data-vars-ga-call-to-action=\"50\u00a0\u20ac su Uniqlo\" data-vars-ga-media-role=\"1\" data-vars-ga-media-type=\"Embedded Gallery List\" data-vars-ga-outbound-link=\"https:\/\/www.uniqlo.com\/it\/it\/products\/E484276-000\/00?colorDisplayCode=01&amp;sizeDisplayCode=003\" data-vars-ga-product-brand=\"Uniqlo\" data-vars-ga-product-id=\"5a2cc813-ab10-4862-9e72-7087a3fd406f\" data-vars-ga-product-price=\"49,90\u00a0\u20ac\" data-vars-ga-product-retailer-id=\"9b8cc276-0d82-4306-b690-6bc5be28c71c\" data-vars-ga-product-sem3-brand=\"Uniqlo\" data-vars-ga-gallery-display=\"list\" data-vars-ga-link-treatment=\"(not set) | (not set)\" class=\"product-image-link ebgq4gw7 e12px3ys0 css-g6od0w e1socmtw0\"><img  alt=\"Gilet 100% Lino Premium\" title=\"Gilet 100% Lino Premium\" data-fp-product-image=\"true\" datafptag=\"data-fp-product-image\" src=\"https:\/\/www.europesays.com\/it\/wp-content\/uploads\/2026\/07\/1778854056-214e9d25-c644-4e68-8db3-4412595ac983.jpg\" width=\"2000\" height=\"2000\" decoding=\"async\" loading=\"lazy\"\/><\/a><a target=\"_blank\" rel=\"nofollow noopener\" data-theme-key=\"product-image-wrapper\" href=\"https:\/\/l.oo34.net\/E5V60uz\" aria-label=\"30\u00a0\u20ac su Bonprix per Borsa a sacco in paglia\" data-href=\"https:\/\/l.oo34.net\/E5V60uz\" data-product-url=\"https:\/\/l.oo34.net\/E5V60uz\" data-affiliate=\"false\" data-affiliate-url=\"\" data-affiliate-network=\"\" data-fp-affiliate-inline-link=\"false\" data-fp-affiliate-button-link=\"false\" data-vars-ga-call-to-action=\"30\u00a0\u20ac su Bonprix\" data-vars-ga-media-role=\"1\" data-vars-ga-media-type=\"Embedded Gallery List\" data-vars-ga-outbound-link=\"https:\/\/l.oo34.net\/E5V60uz\" data-vars-ga-product-id=\"57151396-a655-4969-a552-4a3c355ae644\" data-vars-ga-product-price=\"29,99\u00a0\u20ac\" data-vars-ga-product-retailer-id=\"1f372488-09d4-4f48-93f5-1af364de0e7c\" data-vars-ga-gallery-display=\"list\" data-vars-ga-link-treatment=\"sale | (not set)\" class=\"product-image-link noskim noamzn ebgq4gw7 e12px3ys0 css-g6od0w e1socmtw0\" data-><img  alt=\"Borsa a sacco in paglia\" title=\"Borsa a sacco in paglia\" data-fp-product-image=\"true\" datafptag=\"data-fp-product-image\" src=\"https:\/\/www.europesays.com\/it\/wp-content\/uploads\/2026\/07\/1778855591-be12ebd0-170d-4f71-9681-1685b2c9225f.jpg\" width=\"1254\" height=\"1254\" decoding=\"async\" loading=\"lazy\"\/><\/a>Borsa a sacco in paglia<\/p>\n<p>Ora in sconto del 14%<\/p>\n<p><a target=\"_blank\" rel=\"nofollow noopener\" data-theme-key=\"product-image-wrapper\" href=\"https:\/\/l.oo34.net\/TyKkdXr\" aria-label=\"18\u00a0\u20ac su h&amp;m.com per Shorts in denim\" data-href=\"https:\/\/l.oo34.net\/TyKkdXr\" data-product-url=\"https:\/\/l.oo34.net\/TyKkdXr\" data-affiliate=\"false\" data-affiliate-url=\"\" data-affiliate-network=\"\" data-fp-affiliate-inline-link=\"false\" data-fp-affiliate-button-link=\"false\" data-vars-ga-call-to-action=\"18\u00a0\u20ac su h&amp;m.com\" data-vars-ga-media-role=\"1\" data-vars-ga-media-type=\"Embedded Gallery List\" data-vars-ga-outbound-link=\"https:\/\/l.oo34.net\/TyKkdXr\" data-vars-ga-product-id=\"2f04145a-0c0d-4478-a2a5-0058c89d1303\" data-vars-ga-product-price=\"17,99\u00a0\u20ac\" data-vars-ga-product-retailer-id=\"c4e9bf49-730d-4768-b74a-d016b95956bc\" data-vars-ga-gallery-display=\"list\" data-vars-ga-link-treatment=\"(not set) | (not set)\" class=\"product-image-link noskim noamzn ebgq4gw7 e12px3ys0 css-g6od0w e1socmtw0\" data-><img  alt=\"Shorts in denim\" title=\"Shorts in denim\" data-fp-product-image=\"true\" datafptag=\"data-fp-product-image\" src=\"https:\/\/www.europesays.com\/it\/wp-content\/uploads\/2026\/07\/1778856370-96cfac78-42bc-4ee3-9da9-3b53f765c354.jpg\" width=\"1448\" height=\"1086\" decoding=\"async\" loading=\"lazy\"\/><\/a><a target=\"_blank\" rel=\"nofollow noopener\" data-theme-key=\"product-image-wrapper\" href=\"https:\/\/clk.tradedoubler.com\/click?p=326654&amp;a=3311644&amp;epi=cosit|xid:{xid}&amp;url=https%3A%2F%2Fwww.pullandbear.com%2Fit%2Fballerine-alluncinetto-l11419740%3FcS%3D002%26pelement%3D744181474\" aria-label=\"36\u00a0\u20ac su Pull&amp;Bear per Ballerine all&#039;uncinetto\" data-href=\"https:\/\/www.pullandbear.com\/it\/ballerine-alluncinetto-l11419740?cS=002&amp;pelement=744181474\" data-product-url=\"https:\/\/www.pullandbear.com\/it\/ballerine-alluncinetto-l11419740?cS=002&amp;pelement=744181474\" data-affiliate=\"true\" data-affiliate-url=\"https:\/\/clk.tradedoubler.com\/click?p=326654&amp;a=3311644&amp;epi=cosit|xid:{xid}&amp;url=https%3A%2F%2Fwww.pullandbear.com%2Fit%2Fballerine-alluncinetto-l11419740%3FcS%3D002%26pelement%3D744181474\" data-affiliate-network=\"{&quot;site_id&quot;:&quot;d373c840-ece5-4ebc-a094-32ac96ffad6c&quot;,&quot;metadata&quot;:{&quot;trackonomics&quot;:{&quot;network_name&quot;:&quot;td&quot;}},&quot;network&quot;:{&quot;name&quot;:&quot;Trackonomics&quot;},&quot;product_metadata&quot;:{&quot;d373c840-ece5-4ebc-a094-32ac96ffad6c&quot;:{&quot;network_name&quot;:&quot;td&quot;,&quot;link&quot;:&quot;https:\/\/clk.tradedoubler.com\/click?p=326654&amp;a=3311644&amp;epi={subid}&amp;url=https%3A%2F%2Fwww.pullandbear.com%2Fit%2Fballerine-alluncinetto-l11419740%3FcS%3D002%26pelement%3D744181474&quot;}}}\" data-fp-affiliate-inline-link=\"true\" data-fp-affiliate-button-link=\"false\" data-vars-ga-call-to-action=\"36\u00a0\u20ac su Pull&amp;Bear\" data-vars-ga-media-role=\"1\" data-vars-ga-media-type=\"Embedded Gallery List\" data-vars-ga-outbound-link=\"https:\/\/www.pullandbear.com\/it\/ballerine-alluncinetto-l11419740?cS=002&amp;pelement=744181474\" data-vars-ga-product-id=\"56c86735-9fb3-4299-9581-42c296875ebf\" data-vars-ga-product-price=\"35,99\u00a0\u20ac\" data-vars-ga-product-retailer-id=\"e5f2a5d8-65af-4c00-86aa-18e0c58b7961\" data-vars-ga-gallery-display=\"list\" data-vars-ga-link-treatment=\"(not set) | (not set)\" class=\"product-image-link ebgq4gw7 e12px3ys0 css-g6od0w e1socmtw0\"><img  alt=\"Ballerine all'uncinetto\" title=\"Ballerine all'uncinetto\" data-fp-product-image=\"true\" datafptag=\"data-fp-product-image\" src=\"https:\/\/www.europesays.com\/it\/wp-content\/uploads\/2026\/07\/1778855796-79a46571-d33b-4de3-9b51-322fb66baf6a.jpg\" width=\"1254\" height=\"1254\" decoding=\"async\" loading=\"lazy\"\/><\/a><\/p>\n","protected":false},"excerpt":{"rendered":"Al sentire la parola versatilit\u00e0 ci vengono subito in mente quei grandi classici che abitano stabilmente il guardaroba:&hellip;\n","protected":false},"author":3,"featured_media":569786,"comment_status":"","ping_status":"","sticky":false,"template":"","format":"standard","meta":{"footnotes":"","_share_on_mastodon":"0"},"categories":[1451],"tags":[314007,314004,314003,1621,1620,203,204,1537,90,89,314006,314011,279874,287371,314010,314009,314012,1780,287372,314008,314005],"class_list":["post-569785","post","type-post","status-publish","format-standard","has-post-thumbnail","category-celebrita","tag-abiti-estivi","tag-abito-a-fiori","tag-bele-rodriguez","tag-celebrita","tag-celebrities","tag-entertainment","tag-intrattenimento","tag-it","tag-italia","tag-italy","tag-look-belen-rodriguez","tag-look-estivi","tag-moda-donna","tag-moda-estate-2026","tag-outfit-estivi","tag-stampa-floreale","tag-tendenze-moda","tag-traffico","tag-trend-estate-2026","tag-vestiti-estivi","tag-vestito-a-fiori"],"share_on_mastodon":{"url":"https:\/\/pubeurope.com\/@it\/116863368162958804","error":""},"_links":{"self":[{"href":"https:\/\/www.europesays.com\/it\/wp-json\/wp\/v2\/posts\/569785","targetHints":{"allow":["GET"]}}],"collection":[{"href":"https:\/\/www.europesays.com\/it\/wp-json\/wp\/v2\/posts"}],"about":[{"href":"https:\/\/www.europesays.com\/it\/wp-json\/wp\/v2\/types\/post"}],"author":[{"embeddable":true,"href":"https:\/\/www.europesays.com\/it\/wp-json\/wp\/v2\/users\/3"}],"replies":[{"embeddable":true,"href":"https:\/\/www.europesays.com\/it\/wp-json\/wp\/v2\/comments?post=569785"}],"version-history":[{"count":0,"href":"https:\/\/www.europesays.com\/it\/wp-json\/wp\/v2\/posts\/569785\/revisions"}],"wp:featuredmedia":[{"embeddable":true,"href":"https:\/\/www.europesays.com\/it\/wp-json\/wp\/v2\/media\/569786"}],"wp:attachment":[{"href":"https:\/\/www.europesays.com\/it\/wp-json\/wp\/v2\/media?parent=569785"}],"wp:term":[{"taxonomy":"category","embeddable":true,"href":"https:\/\/www.europesays.com\/it\/wp-json\/wp\/v2\/categories?post=569785"},{"taxonomy":"post_tag","embeddable":true,"href":"https:\/\/www.europesays.com\/it\/wp-json\/wp\/v2\/tags?post=569785"}],"curies":[{"name":"wp","href":"https:\/\/api.w.org\/{rel}","templated":true}]}}