{"id":569855,"date":"2026-07-04T20:29:26","date_gmt":"2026-07-04T20:29:26","guid":{"rendered":"https:\/\/www.europesays.com\/it\/569855\/"},"modified":"2026-07-04T20:29:26","modified_gmt":"2026-07-04T20:29:26","slug":"mika-sinfonico-infiamma-il-festival-di-spoleto-ho-aspettato-20-anni-per-essere-invitato-qui-video-e-foto","status":"publish","type":"post","link":"https:\/\/www.europesays.com\/it\/569855\/","title":{"rendered":"Mika &#8220;sinfonico&#8221; infiamma il Festival di Spoleto: &#8220;Ho aspettato 20 anni per essere invitato qui&#8221; | Video e foto"},"content":{"rendered":"<p class=\"wp-block-paragraph\">\u201cE\u2019 davvero un onore e anche un grandissimo piacere per me cantare qua al Festival dei Due Mondi di Spoleto, con questa orchestra bellissima\u201c. Mika, la pop star internazionale che da 20 anni calca i palcoscenici di tutto il mondo, \u00e8 stato<a href=\"https:\/\/tuttoggi.info\/festival-dei-due-mondi-da-vanessa-di-barber-menotti-a-mika-le-anticipazioni-di-spoleto-69-nasce-lacademy\/981012\/\" type=\"link\" id=\"https:\/\/tuttoggi.info\/festival-dei-due-mondi-da-vanessa-di-barber-menotti-a-mika-le-anticipazioni-di-spoleto-69-nasce-lacademy\/981012\/\" target=\"_blank\" rel=\"noreferrer noopener nofollow\"> uno dei protagonisti delle prime giornate<\/a> della 69esima edizione dello Spoleto Festival. Infiammando le oltre 2mila persone che hanno gremito piazza Duomo per la sua esibizione insieme all\u2019Orchestra del Teatro Comunale di Bologna, diretta dal maestro Simon Leclerc, al Coro del Teatro Lirico Sperimentale \u201cA. Belli\u201d e ai vocalist Max Taylor, James Bradshaw, Esme Bowdler. \t<\/p>\n<p class=\"wp-block-paragraph\">\u201cMika Symphonique\u201d \u00e8 stata una rivisitazione in chiave sinfonica di 20 canzoni del cantautore, tra cui alcuni dei suoi brani pi\u00f9 famosi. Versioni in alcuni casi irriconiscibili, con ritmi e musicalit\u00e0 stravolte, in altri casi esaltati da archi, fiati, percussioni e coro. Con il pubblico seduto che in alcuni casi non riusciva a fermare il battito ritmato delle mani o la voce nel cantare i ritornelli di alcuni testi, stimolato a volte dallo stesso artista. Che dopo la seconda canzone \u2013 una versione leggiadra di \u201cUnderwater\u201d \u2013 ha preso il microfono per interloquire ironicamente con la platea: \u201cSacrilegio, il cantante parla\u201d ha scherzato. Per poi parlare a lungo, dopo un\u2019intima esecuzione di \u201cLast party\u201d, del tema di Spoleto69, traghettando il pubblico da una canzone all\u2019altra.  <\/p>\n<p class=\"wp-block-paragraph\">\u201cLe radici \u2013 ha detto Mika \u2013 sono una cosa molto interessante: quest\u2019anno si parla di radici. Noi siamo qua, di fronte a un Duomo, con una persona che normalmente canta con un pianoforte e anche una batteria e una chitarra elettrica. Per\u00f2 di fronte a me c\u2019\u00e8 un pubblico seduto e qui c\u2019\u00e8 la cosa pi\u00f9 bella del mondo: noi che cerchiamo di diventare un corpo unico. Le radici sono molto pi\u00f9 potenti dei confini, perch\u00e9 le radici di un albero vanno a cercare quello di cui hanno bisogno, vanno a comunicare: un albero parla a un altro albero a 200 km di distanza. E con le radici spesso pensiamo da dove veniamo, per\u00f2 quando le radici non rispettano per niente i confini delle nostre superfici, parlano di dove vogliamo andare\u201d.<\/p>\n<p class=\"wp-block-paragraph\">Tra una canzone e l\u2019altra \u2013 tra cui le pi\u00f9 note \u201cHappy ending\u201d, \u201cRelax, take it easy\u201d, \u201cGrace Kelly\u201d, \u201cLove today\u201d \u2013 ha ripercorso l\u2019importanza del Festival dei Due Mondi dal 1958 ad oggi, la sua storia musicale iniziata a 8 anni con la musica classica e proseguita in Conservatorio a Londra, dove scriveva canzoni segretamente. E ancora: \u201cHo aspettato 20 anni per essere invitato qui, stasera voi avete aspettato un\u2019ora e mezza per questo invito a cantare in questa edizione di Spoleto Due Mondi, rifiutate o accettate?\u201d stimolando il pubblico a cantare con lui. <\/p>\n<p class=\"wp-block-paragraph\">Insomma, due ore di show puro, seguendo per\u00f2 la peculiarit\u00e0 del Festival dei Due Mondi di contaminare generi e offrire al pubblico qualcosa di unico. Per Mika, in realt\u00e0, si \u00e8 trattato di una riproposizione \u2013 con un programma in esclusiva per Spoleto \u2013 di un qualcosa gi\u00e0 sperimentato nel 2015. A febbraio di 11 anni fa, infatti, si esib\u00ec con l\u2019Orchestre Symphonique di Montr\u00e9al con il suo repertorio riarrangiato in chiave classica proprio da Simon Leclerc; un concerto replicato al Teatro Sociale di Como qualche mese dopo con un\u2019orchestra creata per l\u2019occasione e mandato in onda da <a href=\"https:\/\/tg24.sky.it\/spettacolo\/tv-show\/2015\/11\/24\/mika-sinfonia-pop-concerto-como\" type=\"link\" id=\"https:\/\/tg24.sky.it\/spettacolo\/tv-show\/2015\/11\/24\/mika-sinfonia-pop-concerto-como\" target=\"_blank\" rel=\"noreferrer noopener nofollow\">Sky<\/a>. A Spoleto, il programma si \u00e8 arricchito di brani nuovi  e del coinvolgimento di un\u2019eccellenza cittadina, il Teatro Lirico Sperimentale fondato nel 1947 da Adriano Belli, con il suo coro. <\/p>\n<p>Mika \u201csinfonico\u201d a Spoleto, i video<\/p>\n","protected":false},"excerpt":{"rendered":"\u201cE\u2019 davvero un onore e anche un grandissimo piacere per me cantare qua al Festival dei Due Mondi&hellip;\n","protected":false},"author":3,"featured_media":569856,"comment_status":"","ping_status":"","sticky":false,"template":"","format":"standard","meta":{"footnotes":"","_share_on_mastodon":"0"},"categories":[1443],"tags":[203,3048,52273,314030,204,1537,90,89,69636,314031,1538,1539,96372,43876,9601],"class_list":["post-569855","post","type-post","status-publish","format-standard","has-post-thumbnail","category-musica","tag-entertainment","tag-evidenza","tag-festival-dei-due-mondi","tag-festival-di-spoleto","tag-intrattenimento","tag-it","tag-italia","tag-italy","tag-mika","tag-mika-symphonique","tag-music","tag-musica","tag-musica-classica","tag-orchestra","tag-spoleto"],"share_on_mastodon":{"url":"https:\/\/pubeurope.com\/@it\/116863603184535931","error":""},"_links":{"self":[{"href":"https:\/\/www.europesays.com\/it\/wp-json\/wp\/v2\/posts\/569855","targetHints":{"allow":["GET"]}}],"collection":[{"href":"https:\/\/www.europesays.com\/it\/wp-json\/wp\/v2\/posts"}],"about":[{"href":"https:\/\/www.europesays.com\/it\/wp-json\/wp\/v2\/types\/post"}],"author":[{"embeddable":true,"href":"https:\/\/www.europesays.com\/it\/wp-json\/wp\/v2\/users\/3"}],"replies":[{"embeddable":true,"href":"https:\/\/www.europesays.com\/it\/wp-json\/wp\/v2\/comments?post=569855"}],"version-history":[{"count":0,"href":"https:\/\/www.europesays.com\/it\/wp-json\/wp\/v2\/posts\/569855\/revisions"}],"wp:featuredmedia":[{"embeddable":true,"href":"https:\/\/www.europesays.com\/it\/wp-json\/wp\/v2\/media\/569856"}],"wp:attachment":[{"href":"https:\/\/www.europesays.com\/it\/wp-json\/wp\/v2\/media?parent=569855"}],"wp:term":[{"taxonomy":"category","embeddable":true,"href":"https:\/\/www.europesays.com\/it\/wp-json\/wp\/v2\/categories?post=569855"},{"taxonomy":"post_tag","embeddable":true,"href":"https:\/\/www.europesays.com\/it\/wp-json\/wp\/v2\/tags?post=569855"}],"curies":[{"name":"wp","href":"https:\/\/api.w.org\/{rel}","templated":true}]}}