{"id":569882,"date":"2026-07-04T20:52:12","date_gmt":"2026-07-04T20:52:12","guid":{"rendered":"https:\/\/www.europesays.com\/it\/569882\/"},"modified":"2026-07-04T20:52:12","modified_gmt":"2026-07-04T20:52:12","slug":"tutto-sul-matrimonio-di-aurora-ramazzotti-e-goffredo-cerza-le-foto","status":"publish","type":"post","link":"https:\/\/www.europesays.com\/it\/569882\/","title":{"rendered":"Tutto sul matrimonio di Aurora Ramazzotti e Goffredo Cerza: le foto"},"content":{"rendered":"<p data-journey-content=\"true\" data-node-id=\"3\" class=\"body-text css-1ood0zq emevuu60\">Se il mese di giugno \u00e8 stato \u2014 per ammissione della stessa <strong data-node-id=\"3.1\"><a href=\"https:\/\/www.elle.com\/it\/magazine\/interviste\/a63813877\/aurora-ramazzotti-intervista\/\" target=\"_blank\" data-vars-ga-outbound-link=\"https:\/\/www.elle.com\/it\/magazine\/interviste\/a63813877\/aurora-ramazzotti-intervista\/\" data-vars-ga-ux-element=\"Hyperlink\" data-vars-ga-call-to-action=\"Aurora Ramazzotti\" data-node-id=\"3.1.0\" class=\"body-link css-ohbdae emevuu60\" rel=\"nofollow noopener\">Aurora Ramazzotti<\/a><\/strong> \u2014 &#8220;30% concerti, 20% prove abito e 50% lacrime&#8221;, i primi giorni di luglio sono senz&#8217;altro 100% emozioni, equamente distribuite tra commozione, amore e risate in un <strong data-node-id=\"3.3\">matrimonio<\/strong> che tra cerimonia civile, feste, balli e tante sorprese \u00e8 durato un intero weekend. E non avrebbe potuto essere diversamente per <strong data-node-id=\"3.5\">la figlia maggiore di Michelle Hunziker<\/strong>, finalmente <strong data-node-id=\"3.7\">sposa con Goffredo Cerza presso il <\/strong><strong data-node-id=\"3.8\"><a href=\"https:\/\/www.elle.com\/it\/lifestyle\/viaggi\/a71497218\/aurora-ramazzotti-matrimonio-location-goffredo-cerza\/\" target=\"_blank\" data-vars-ga-outbound-link=\"https:\/\/www.elle.com\/it\/lifestyle\/viaggi\/a71497218\/aurora-ramazzotti-matrimonio-location-goffredo-cerza\/\" data-vars-ga-ux-element=\"Hyperlink\" data-vars-ga-call-to-action=\"Castello Xirumi Serravalle di Lentini\" data-node-id=\"3.8.0\" class=\"body-link css-ohbdae emevuu60\" rel=\"nofollow noopener\">Castello Xirumi Serravalle di Lentini<\/a><\/strong>, in provincia di <strong data-node-id=\"3.10\">Siracusa<\/strong>.<\/p>\n<p>Il rito civile nel paese natale di Pippo Baudo<\/p>\n<p data-journey-content=\"true\" data-node-id=\"9\" class=\"body-text css-1ood0zq emevuu60\">La coppia, <strong data-node-id=\"9.1\">legata da oltre otto anni e <a href=\"https:\/\/www.elle.com\/it\/showbiz\/gossip\/a43465245\/aurora-ramazzotti-partorito-figlio-cesare\/\" target=\"_blank\" data-vars-ga-outbound-link=\"https:\/\/www.elle.com\/it\/showbiz\/gossip\/a43465245\/aurora-ramazzotti-partorito-figlio-cesare\/\" data-vars-ga-ux-element=\"Hyperlink\" data-vars-ga-call-to-action=\"ancora pi\u00f9 unita dal 2023 con l&#039;arrivo del figlio Cesare Augusto\" data-node-id=\"9.1.1\" class=\"body-link css-ohbdae emevuu60\" rel=\"nofollow noopener\">ancora pi\u00f9 unita dal 2023 con l&#8217;arrivo del figlio Cesare Augusto<\/a><\/strong>, \u00e8 finalmente convolata a nozze con una doppia cerimonia. Venerd\u00ec 3 luglio Aurora e Goffredo hanno pronunciato il primo &#8220;s\u00ec&#8221; civilmente presso l&#8217;antico monastero dei <strong data-node-id=\"9.3\">Benedettini di Militello in Val di Catania, paese natale di <a href=\"https:\/\/www.elle.com\/it\/showbiz\/celebrities\/a71761739\/pippo-baudo-biografia\/\" target=\"_blank\" data-vars-ga-outbound-link=\"https:\/\/www.elle.com\/it\/showbiz\/celebrities\/a71761739\/pippo-baudo-biografia\/\" data-vars-ga-ux-element=\"Hyperlink\" data-vars-ga-call-to-action=\"Pippo Baudo\" data-node-id=\"9.3.1\" class=\"body-link css-ohbdae emevuu60\" rel=\"nofollow noopener\">Pippo Baudo<\/a><\/strong>. Un momento molto intimo, al quale hanno preso parte come testimoni le due reciproche madri, <strong data-node-id=\"9.5\">Michelle Hunziker e Francesca Romano Malato<\/strong>. Per l&#8217;occasione <strong data-node-id=\"9.7\">la mamma di Aurora ha anche ricevuto la cittadinanza onoraria del paese in provincia di Catania<\/strong>, con il quale ha un legame speciale da anni, dal momento che era solita trascorrervi le estati da bambina. Pantaloni neri, sneakers e camicia bianca per lo sposo, gonna bianca, top, saldalo infradito e copricapo a rete per la sposa: nella loro semplicit\u00e0 Aurora e Goffredo si sono giurati amore eterno davanti alla legge.<\/p>\n<p>Il party serale sotto gli ulivi<\/p>\n<p data-journey-content=\"true\" data-node-id=\"15\" class=\"css-1ood0zq emevuu60\">Dopo l&#8217;intima cerimonia, il ritorno al castello e i preparativi per i primi festeggiamenti: un welcome dinner sotto gli ulivi con circa 200 invitati, curato dalla wedding planner <strong data-node-id=\"15.1\">Eva Presutti con lunghe tavolate impreziosite di fiori e ceramiche di Caltagirone, musica dal vivo e dj set per ballare fino a notte fonda. <\/strong>Dalle foto condivise su Instagram scopriamo che alla festa, <a href=\"https:\/\/www.elle.com\/it\/showbiz\/celebrities\/a71803829\/eros-ramazzotti-michelle-hunziker-aurora-ramazzotti-matrimonio-luna-di-miele\/\" target=\"_blank\" data-vars-ga-outbound-link=\"https:\/\/www.elle.com\/it\/showbiz\/celebrities\/a71803829\/eros-ramazzotti-michelle-hunziker-aurora-ramazzotti-matrimonio-luna-di-miele\/\" data-vars-ga-ux-element=\"Hyperlink\" data-vars-ga-call-to-action=\"oltre a Michelle Hunziker, in abito blu elettrico con scollo all&#039;americana, ha partecipato anche l&#039;immancabile padre della sposa, Eros Ramazzotti\" data-node-id=\"15.3\" class=\"body-link css-ohbdae emevuu60\" rel=\"nofollow noopener\">oltre a Michelle Hunziker, in abito blu elettrico con scollo all&#8217;americana, ha partecipato anche l&#8217;immancabile <strong data-node-id=\"15.3.1\">padre della sposa, Eros Ramazzotti<\/strong><\/a>. Tra balli, trenini e karaoke, all&#8217;1.30 di notte anche lo spazio per uno spuntino notturno con vassoi di brioche ripiene. Per il cambio d&#8217;abito del pre-wedding, Aurora ha optato per un vestito pi\u00f9 tradizionale con spalle scoperte e ampia gonna impreziosita da ricami, in abbinamento ad una parure di diamanti di alta gioielleria.<\/p>\n<p>La cerimonia al castello<\/p>\n<p data-journey-content=\"true\" data-node-id=\"23\" class=\"css-1ood0zq emevuu60\">Il giorno dopo \u2014 con una manciata di ore di sonno in corpo e dopo avere &#8220;scaldato i motori&#8221; la sera precedente \u2014 si fa sul serio. Ecco allora la sposa, la mamma, le <strong data-node-id=\"23.1\">sorelline Sole e Celeste<\/strong>, e il <strong data-node-id=\"23.3\">figlio Cesare<\/strong> prepararsi per il grande evento, organizzato presso il <strong data-node-id=\"23.5\">castello Xirumi Serravalle di Lentini<\/strong>. Si tratta di una dimora siciliana del Cinquecento, immersa tra agrumeti e giardini mediterranei del siracusano. Pare che la scelta non sia stata immediata. Come ricostruito da Il Messaggero, Aurora aveva raccontato online che trovare la location giusta \u00e8 stato uno degli aspetti pi\u00f9 complicati dell&#8217;organizzazione: &#8220;\u00c8 stato difficilissimo trovare un posto dove sposarci, perch\u00e9 non avevamo un luogo in cui entrambi abbiamo detto: &#8216;Vogliamo sposarci l\u00ec&#8217;. <strong data-node-id=\"23.9\">Abbiamo visitato due regioni e 20 location<\/strong> e alla fine abbiamo scelto proprio l&#8217;ultima che abbiamo visto, quella che inizialmente non avremmo nemmeno dovuto visitare perch\u00e9 non era disponibile&#8221;. Insomma, per uno scherzo del destino la coppia \u00e8 atterrata in Sicilia, la stessa regione che poche settimane fa era stata protagonista di un altro matrimonio da favola, quello tra <strong data-node-id=\"23.11\"><a href=\"https:\/\/www.elle.com\/it\/moda\/street-style\/a71511113\/dua-lipa-vestito-matrimonio-sicilia-foto-welcome-party\/\" target=\"_blank\" data-vars-ga-outbound-link=\"https:\/\/www.elle.com\/it\/moda\/street-style\/a71511113\/dua-lipa-vestito-matrimonio-sicilia-foto-welcome-party\/\" data-vars-ga-ux-element=\"Hyperlink\" data-vars-ga-call-to-action=\"Dua Lipa\" data-node-id=\"23.11.0\" class=\"body-link css-ohbdae emevuu60\" rel=\"nofollow noopener\">Dua Lipa<\/a> e Callum Turner <a href=\"https:\/\/www.elle.com\/it\/lifestyle\/viaggi\/a71422382\/bagheria-film-matrimonio-dua-lipa\/\" target=\"_blank\" data-vars-ga-outbound-link=\"https:\/\/www.elle.com\/it\/lifestyle\/viaggi\/a71422382\/bagheria-film-matrimonio-dua-lipa\/\" data-vars-ga-ux-element=\"Hyperlink\" data-vars-ga-call-to-action=\"con matrimonio a Palermo e cerimonia a Bagheria\" data-node-id=\"23.11.2\" class=\"body-link css-ohbdae emevuu60\" rel=\"nofollow noopener\">con matrimonio a Palermo e cerimonia a Bagheria<\/a><\/strong>.<\/p>\n<p>Gli inviti e i gadget<\/p>\n<p data-journey-content=\"true\" data-node-id=\"28\" class=\"css-1ood0zq emevuu60\">Un <strong data-node-id=\"28.1\">vip retreat<\/strong> in piena regola con tanto di federe, asciugamani e accappatoi personalizzati per la famiglia e le damigelle. Un&#8217;attenzione maniacale ai dettagli testimoniata fin dagli <strong data-node-id=\"28.3\">inviti<\/strong>, decisamente originali. La coppia infatti aveva deciso di far realizzare &#8220;<strong data-node-id=\"28.5\">Sar\u00e0&#8221;<\/strong>, un giornaletto ispirato alle riviste pop per adolescenti degli anni Novanta, con fotografie, adesivi, poster, test e contenuti dedicati alla coppia. La stessa ironia \u00e8 proseguita durante il weekend, tra borse, magliette personalizzate, spille con i volti degli sposi, lanterne e altri gadget pensati per accompagnare gli invitati durante i tre giorni di festa. Proprio come se si trattasse di un grande concerto estivo e gli invitati fossero i fan numero 1 della coppia.<\/p>\n<p>Gli ospiti vip<\/p>\n<p data-journey-content=\"true\" data-node-id=\"33\" class=\"css-1ood0zq emevuu60\">Tra gli invitati presenti, <strong data-node-id=\"33.1\"><a href=\"https:\/\/www.elle.com\/it\/moda\/street-style\/a71804472\/espadrillas-zeppe-serena-autieri-trend-estate-2026\/\" target=\"_blank\" data-vars-ga-outbound-link=\"https:\/\/www.elle.com\/it\/moda\/street-style\/a71804472\/espadrillas-zeppe-serena-autieri-trend-estate-2026\/\" data-vars-ga-ux-element=\"Hyperlink\" data-vars-ga-call-to-action=\"Serena Autieri\" data-node-id=\"33.1.0\" class=\"body-link css-ohbdae emevuu60\" rel=\"nofollow noopener\">Serena Autieri<\/a><\/strong>, storica amica di Michelle Hunziker, <strong data-node-id=\"33.3\">Santo Versace, Giulia Salemi<\/strong>, che ha dovuto fare i conti con l&#8217;imprevisto di avere dimenticato l&#8217;abito ed \u00e8 dovuta correre ai ripari con un acquisto last minute, <strong data-node-id=\"33.5\">Paola Di Benedetto, Jonathan Kashanian, Francesca De Stefano, Alberto Pasotti, Jonella Ligresti e Luca Oldani<\/strong>. Tra gli immancabili ospiti, ovviamente, anche <a href=\"https:\/\/www.elle.com\/it\/showbiz\/celebrities\/a37102504\/sara-daniele-figlia-pino-daniele-aurora-ramazzotti\/\" target=\"_blank\" data-vars-ga-outbound-link=\"https:\/\/www.elle.com\/it\/showbiz\/celebrities\/a37102504\/sara-daniele-figlia-pino-daniele-aurora-ramazzotti\/\" data-vars-ga-ux-element=\"Hyperlink\" data-vars-ga-call-to-action=\"Sara Daniele, figlia del celebre cantautore Pino Daniele. Grande amica di Aurora\" data-node-id=\"33.7\" class=\"body-link css-ohbdae emevuu60\" rel=\"nofollow noopener\"><strong data-node-id=\"33.7.0\">Sara Daniele<\/strong>, figlia del celebre cantautore Pino Daniele. Grande amica di Aurora<\/a>, fu lei anni fa a presentarle Goffredo a Londra. Al long weekend presente, come dicevamo, anche Eros Ramazzotti insieme ai figli Raffaela Maria e Gabrio Tullio, nati dalla relazione con Marica Pellegrinelli. <strong data-node-id=\"33.9\">Grande assente invece <a href=\"https:\/\/www.elle.com\/it\/showbiz\/celebrities\/a65156967\/a-tu-per-tu-con-tommaso-zorzi\/\" target=\"_blank\" data-vars-ga-outbound-link=\"https:\/\/www.elle.com\/it\/showbiz\/celebrities\/a65156967\/a-tu-per-tu-con-tommaso-zorzi\/\" data-vars-ga-ux-element=\"Hyperlink\" data-vars-ga-call-to-action=\"Tommaso Zorzi\" data-node-id=\"33.9.1\" class=\"body-link css-ohbdae emevuu60\" rel=\"nofollow noopener\">Tommaso Zorzi<\/a><\/strong>. L&#8217;influencer, un tempo amico inseparabile di Aurora Ramazzotti, ha preso una strada diversa, come da lui stesso raccontato e oggi i due non si frequentano pi\u00f9. <strong data-node-id=\"33.11\">Non pare attestata, inoltre, la presenza di Tomaso Trussardi<\/strong>, l&#8217;ex marito di Michelle Hunziker nonch\u00e9 padre di Sole e Celeste.<br data-node-id=\"33.13\"\/><\/p>\n<p><img decoding=\"async\" data-dynamic-svg=\"true\" src=\"https:\/\/www.elle.com\/_assets\/design-tokens\/fre\/static\/icons\/arrow-right.7440adc.svg?primary=%2523D4D4D4\" loading=\"lazy\" data-testid=\"dynamic-svg-base\" height=\"auto\" width=\"auto\" aria-label=\"Prev carousel button\" alt=\"Chevron Left Icon\" data-theme-key=\"icon-button-icon\" transform=\"scaleX(-1)\" class=\"css-14vtfey erhb41k0\"\/><img decoding=\"async\" data-dynamic-svg=\"true\" src=\"https:\/\/www.elle.com\/_assets\/design-tokens\/fre\/static\/icons\/arrow-right.7440adc.svg?primary=%25230f0f15\" loading=\"lazy\" data-testid=\"dynamic-svg-base\" height=\"auto\" width=\"auto\" aria-label=\"Next carousel button\" alt=\"Chevron Right Icon\" data-theme-key=\"icon-button-icon\" class=\"css-18znc9e erhb41k0\"\/>Gli outfit Armani<\/p>\n<p data-journey-content=\"true\" data-node-id=\"39\" class=\"css-1ood0zq emevuu60\">Per le nozze, <strong data-node-id=\"39.1\">sia Aurora Ramazzotti sia Goffredo Cerza hanno scelto di indossare abiti Armani<\/strong>. Per la cerimonia, la sposa ha optato per una creazione Giorgio Armani Prive\u0301, seguita da un vestito Giorgio Armani per il ricevimento. Lo sposo ha deciso invece di indossare uno smoking Giorgio Armani Made to Measure. Per sabato, anche Michelle Hunziker ed Eros Ramazzotti hanno scelto di indossare abiti Giorgio Armani, impreziositi, nel caso della conduttrice, da orecchini pendenti in diamanti modello Margherita firmati Damiani.<\/p>\n<p>La cerimonia nel giardino<\/p>\n<p data-journey-content=\"true\" data-node-id=\"45\" class=\"css-1ood0zq emevuu60\">Gli invitati, accolti dalle 18 con un drink di benvenuto all&#8217;interno del Castello Xirumi Serravalle, hanno poi preso parte alla cerimonia, dove <strong data-node-id=\"45.1\">i testimoni sono stati Paolo Gioia, amico storico di Aurora, e Carolina Cerza, sorella di Goffredo<\/strong>. Forte l&#8217;emozione quando la sposa ha fatto il proprio ingresso nel giardino nel suo lungo abito bianco a sirena, con spacco anteriore, lunghissimo velo e bouquet di fiori rosa, accompagnata dal padre in smoking.<\/p>\n<p>Il concerto privato di Eros Ramazzotti<\/p>\n<p data-journey-content=\"true\" data-node-id=\"50\" class=\"css-1ood0zq emevuu60\">Dopo la cena e prima di aprire le danze, il dono di nozze di Eros Ramazzotti alla coppia. Il cantautore romano si \u00e8 infatti esibito in <strong data-node-id=\"50.1\">un concerto privato nel grande giardino del castello<\/strong>, con una dedica speciale alla figlia e al genero. La canzone pi\u00f9 attesa? Ovviamente L&#8217;Aurora. Il brano che l&#8217;artista scrisse e pubblic\u00f2 per l&#8217;allora bimba nel 1996. Padre e figlia l&#8217;hanno cantata insieme anche pochi giorni prima del matrimonio, durante il concerto torinese di Eros. Un momento davvero emozionante e che non poteva certo non coronare anche questo splendido giorno, a 30 anni esatti dalla sua composizione.<br data-node-id=\"50.5\"\/><\/p>\n","protected":false},"excerpt":{"rendered":"Se il mese di giugno \u00e8 stato \u2014 per ammissione della stessa Aurora Ramazzotti \u2014 &#8220;30% concerti, 20%&hellip;\n","protected":false},"author":3,"featured_media":569883,"comment_status":"","ping_status":"","sticky":false,"template":"","format":"standard","meta":{"footnotes":"","_share_on_mastodon":"0"},"categories":[1451],"tags":[7540,314083,1621,1620,2912,203,11679,5613,204,1537,90,89,7541,15384,1780],"class_list":["post-569882","post","type-post","status-publish","format-standard","has-post-thumbnail","category-celebrita","tag-aurora-ramazzotti","tag-aurora-ramazzotti-goffredo-cerza-matrimonio","tag-celebrita","tag-celebrities","tag-engagement","tag-entertainment","tag-eros-ramazzotti","tag-goffredo-cerza","tag-intrattenimento","tag-it","tag-italia","tag-italy","tag-michelle-hunziker","tag-nozze","tag-traffico"],"share_on_mastodon":{"url":"https:\/\/pubeurope.com\/@it\/116863693496166793","error":""},"_links":{"self":[{"href":"https:\/\/www.europesays.com\/it\/wp-json\/wp\/v2\/posts\/569882","targetHints":{"allow":["GET"]}}],"collection":[{"href":"https:\/\/www.europesays.com\/it\/wp-json\/wp\/v2\/posts"}],"about":[{"href":"https:\/\/www.europesays.com\/it\/wp-json\/wp\/v2\/types\/post"}],"author":[{"embeddable":true,"href":"https:\/\/www.europesays.com\/it\/wp-json\/wp\/v2\/users\/3"}],"replies":[{"embeddable":true,"href":"https:\/\/www.europesays.com\/it\/wp-json\/wp\/v2\/comments?post=569882"}],"version-history":[{"count":0,"href":"https:\/\/www.europesays.com\/it\/wp-json\/wp\/v2\/posts\/569882\/revisions"}],"wp:featuredmedia":[{"embeddable":true,"href":"https:\/\/www.europesays.com\/it\/wp-json\/wp\/v2\/media\/569883"}],"wp:attachment":[{"href":"https:\/\/www.europesays.com\/it\/wp-json\/wp\/v2\/media?parent=569882"}],"wp:term":[{"taxonomy":"category","embeddable":true,"href":"https:\/\/www.europesays.com\/it\/wp-json\/wp\/v2\/categories?post=569882"},{"taxonomy":"post_tag","embeddable":true,"href":"https:\/\/www.europesays.com\/it\/wp-json\/wp\/v2\/tags?post=569882"}],"curies":[{"name":"wp","href":"https:\/\/api.w.org\/{rel}","templated":true}]}}