{"id":569893,"date":"2026-07-04T21:02:15","date_gmt":"2026-07-04T21:02:15","guid":{"rendered":"https:\/\/www.europesays.com\/it\/569893\/"},"modified":"2026-07-04T21:02:15","modified_gmt":"2026-07-04T21:02:15","slug":"alpine-svela-la-prossima-a110-al-goodwood-festival-of-speed","status":"publish","type":"post","link":"https:\/\/www.europesays.com\/it\/569893\/","title":{"rendered":"Alpine svela la prossima A110 al Goodwood Festival of Speed"},"content":{"rendered":"<p><strong>Alpine<\/strong> ha svelato la nuova <strong>A110 FUTURE<\/strong>. Si tratta del <strong>prototipo<\/strong> della<strong> terza generazione di Alpine A110.<\/strong> Il modello in questione sar\u00e0 in pista dal 9 al 12 luglio durante il <strong>Goodwood Festival of Speed<\/strong>, l\u2019evento inglese che, ogni anno, attira tanti appassionati del mondo delle quattro ruote e del motorsport. Il nuovo progetto di Alpine ha tutte le carte in regola per stupire, gettando le basi per il futuro del brand come riferimento del settore delle auto sportive.\u00a0 Ecco tutti i dettagli in merito al progetto che, come sottolineato dalla Casa, punta a diventare la prima vera auto sportiva 100% elettrica sul mercato.<\/p>\n<p>Una nuova sportiva elettrica<\/p>\n<p>La A110 FUTURE, che anticipa la terza generazione del modello di serie, si basa sulla nuova <strong>Alpine Performance Platform,<\/strong> detta anche APP. Il progetto \u00e8 stato sviluppato per restare fedele al DNA di Alpine e, nello stesso tempo, superare le auto sportive odierne con motore termico. La piattaforma prevede un\u2019architettura in alluminio, due pacchi batteria, per migliorare la distribuzione dei pesi (40\/60 % tra avantreno e retrotreno, una soluzione tipica di una vera auto sportiva).<\/p>\n<p>Le batterie possono sfruttare la <strong>tecnologia cell-to-pack a 800 V<\/strong>\u00a0e celle ad alta densit\u00e0 energetica. In questo modo, \u00e8 possibile ottenere diversi vantaggi, dalla riduzione del peso a tempi di ricarica minimi. A completare la configurazione tecnica troviamo un nuovo \u00abe-axle\u00bb posteriore con<strong> due motori elettrici integrati 3-in-1<\/strong>, dotato di un inverter SiC, sospensioni in alluminio e nuovi sistemi avanzati di frenata e sterzo.<\/p>\n<p>I dettagli completi della A110 FUTURE saranno rivelati in occasione del debutto in pubblico al Goodwood Festival of Speed. Il prototipo, chiarisce l\u2019azienda, \u00e8 stato progettato per \u201cconvalidare e testare le tecnologie che equipaggeranno la terza generazione dell\u2019A110\u2033. Si tratta, senza dubbio, di una base di partenza ricca di interesse e in grado di fare da apripista al debutto di un modello chiave per il futuro di Alpine. Ricordiamo che il progetto \u00e8 stato <a href=\"https:\/\/www.virgilio.it\/motori\/auto-epoca\/alpine-a110-storia-berlinetta-elettrica\/299153\/\" rel=\"nofollow noopener\" target=\"_blank\">ufficializzato<\/a> lo scorso anno ed \u00e8 sempre pi\u00f9 vicino al debutto del modello di serie.<\/p>\n<p>Un evento da non perdere<\/p>\n<p>La nuova edizione del Goodwood Festival of Speed\u00a0 permetter\u00e0 ad Alpine di mettere<strong> in mostra la sua storia <\/strong>e anche il suo futuro, con la A110. Il marchio porter\u00e0 in pista anche la A290, la compatta sportiva elettrica pi\u00f9 venduta di Alpine, e la A390, una sport fastback a cinque posti da 470 CV, <a href=\"https:\/\/www.virgilio.it\/motori\/auto\/alpine-a390-apertura-ordini-prezzi\/323806\/\" rel=\"nofollow noopener\" target=\"_blank\">ordinabile in Italia<\/a> da poco con una nuova versione ricca di potenzialit\u00e0.<\/p>\n<p>Da segnalare, inoltre, che il prossimo 9 luglio si svolger\u00e0 la sfilata dei marchi e la A110 FUTURE sar\u00e0 affiancata da altri modelli iconici della A110. Durante la sfilata ci sar\u00e0 anche l\u2019occasione di una dimostrazione di guida della monoposto E200 di Formula 1.\u00a0La Casa ha annunciato un programma ricco di eventi.<\/p>\n","protected":false},"excerpt":{"rendered":"Alpine ha svelato la nuova A110 FUTURE. Si tratta del prototipo della terza generazione di Alpine A110. Il&hellip;\n","protected":false},"author":3,"featured_media":569894,"comment_status":"","ping_status":"","sticky":false,"template":"","format":"standard","meta":{"footnotes":"","_share_on_mastodon":"0"},"categories":[172],"tags":[178,3356,181,20838,177,172977,1537,90,89],"class_list":["post-569893","post","type-post","status-publish","format-standard","has-post-thumbnail","category-affari","tag-affari","tag-alpine","tag-auto-elettriche","tag-auto-sportive","tag-business","tag-goodwood-festival-of-speed","tag-it","tag-italia","tag-italy"],"share_on_mastodon":{"url":"https:\/\/pubeurope.com\/@it\/116863732675632792","error":""},"_links":{"self":[{"href":"https:\/\/www.europesays.com\/it\/wp-json\/wp\/v2\/posts\/569893","targetHints":{"allow":["GET"]}}],"collection":[{"href":"https:\/\/www.europesays.com\/it\/wp-json\/wp\/v2\/posts"}],"about":[{"href":"https:\/\/www.europesays.com\/it\/wp-json\/wp\/v2\/types\/post"}],"author":[{"embeddable":true,"href":"https:\/\/www.europesays.com\/it\/wp-json\/wp\/v2\/users\/3"}],"replies":[{"embeddable":true,"href":"https:\/\/www.europesays.com\/it\/wp-json\/wp\/v2\/comments?post=569893"}],"version-history":[{"count":0,"href":"https:\/\/www.europesays.com\/it\/wp-json\/wp\/v2\/posts\/569893\/revisions"}],"wp:featuredmedia":[{"embeddable":true,"href":"https:\/\/www.europesays.com\/it\/wp-json\/wp\/v2\/media\/569894"}],"wp:attachment":[{"href":"https:\/\/www.europesays.com\/it\/wp-json\/wp\/v2\/media?parent=569893"}],"wp:term":[{"taxonomy":"category","embeddable":true,"href":"https:\/\/www.europesays.com\/it\/wp-json\/wp\/v2\/categories?post=569893"},{"taxonomy":"post_tag","embeddable":true,"href":"https:\/\/www.europesays.com\/it\/wp-json\/wp\/v2\/tags?post=569893"}],"curies":[{"name":"wp","href":"https:\/\/api.w.org\/{rel}","templated":true}]}}