{"id":569903,"date":"2026-07-04T21:14:13","date_gmt":"2026-07-04T21:14:13","guid":{"rendered":"https:\/\/www.europesays.com\/it\/569903\/"},"modified":"2026-07-04T21:14:13","modified_gmt":"2026-07-04T21:14:13","slug":"tour-de-france-maglia-gialla-vingegaard-a-barcellona-davanti-a-un-ottimo-ganna","status":"publish","type":"post","link":"https:\/\/www.europesays.com\/it\/569903\/","title":{"rendered":"Tour de France, maglia gialla Vingegaard a Barcellona davanti a un ottimo Ganna"},"content":{"rendered":"<p>    di<br \/>\n    Marco Bonarrigo<\/p>\n<p class=\"summary-art is-line-h-12\">Vingegaard in maglia gialla dopo la cronosquadre di Barcellona, con Ganna superlativo ma battuto di 8&#8243;: Pogacar a 12&#8243;, Evenepoel a 19&#8243;, Piganzoli ottimo a 28&#8243;. Domani sar\u00e0 gi\u00e0 battaglia con un triplo passaggio sul circuito finale<\/p>\n<p class=\"chapter-paragraph\"><b>Barcellona<\/b> \u2014 Solo un <a href=\"https:\/\/www.corriere.it\/sport\/26_luglio_04\/tour-de-france-crono-inizio-vingegaard-pogacar-29995335-8b1f-4dbf-9bff-f9293eb22xlk.shtml\" title=\"Il Tour de France dei Marziani pronto a partire. Vingegaard all\u2019attacco nella crono stravolta\" target=\"_blank\" rel=\"nofollow noopener\">Jonas Vingegaard <\/a>superlativo, trainato da una Visma attrezzatissima e impeccabile nel gestire ventuno minuti di sforzo asfissiante (bravissimo Davide Piganzoli, ultimo a staccarsi dal capitano danese) \u00e8 riuscito a negare a Filippo Ganna quella maglia gialla nella prima tappa del Tour de France che a noi italiani manca dal lontanissimo 1925 quando a prenderla fu un leggendario pioniere delle due ruote, Ottavio Bottecchia e che in generale non indossiamo dal 2019, con Giulio Ciccone.<\/p>\n<p class=\"chapter-paragraph\">In una <b>cronosquadre anomala<\/b> dove i tempi non venivano presi come d&#8217;abitudine sul quarto o sul quinto arrivato di ciascun team, il vincitore dell&#8217;ultimo Giro d&#8217;Italia \u00e8 arrivato solo sul traguardo staccando di <b>8&#8243; Ganna (unico superstite della Ineos) e di 12&#8243; Tadej Pogacar<\/b>, che ha mollato il compagno Isaac Del Toro negli ultimi 500 metri, mentre Juan Ayuso (+16&#8243;) ha avuto la meglio su Remco Evenepoel (+19&#8243;) in una corsa dove tutti i big sono arrivati soli, disegnando un vertice della classifica generale di qualit\u00e0 superlativa. <a href=\"https:\/\/www.corriere.it\/sport\/ciclismo\/26_aprile_22\/paul-seixas-chi-e-97b916ab-9e24-49f1-8511-b2bb90efdxlk.shtml\" title=\"Paul Seixas, chi \u00e8 il nuovo fenomeno del ciclismo: a 19 anni pu\u00f2 gi\u00e0 battere Pogacar al Tour? Per lui si muove anche Macron\" target=\"_blank\" rel=\"nofollow noopener\">Trentanove i secondi lasciati sul terreno dal baby fenomeno francese Seixas<\/a>, 47&#8243; quelli persi da Antonio Tiberi, soltanto 28&#8243; (due pi\u00f9 di Del Toro) quelli ceduti da Davide Piganzoli, che Vingegaard ha voluto ad ogni costo al suo fianco dopo l&#8217;eccellente lavoro al Giro d&#8217;Italia.    &#13;<br \/>\n&#13;<br \/>\n&#13;<br \/>\n&#13;<br \/>\n&#13;<br \/>\n&#13;<br \/>\n&#13;<br \/>\n&#13;<br \/>\n&#13;<br \/>\n&#13;<br \/>\n&#13;<br \/>\n&#13;<br \/>\n&#13;<br \/>\n&#13;<br \/>\n&#13;<br \/>\n&#13;<br \/>\n&#13;<br \/>\n&#13;<br \/>\n&#13;<br \/>\n&#13;<br \/>\n&#13;<br \/>\n&#13;<br \/>\n&#13;<br \/>\n&#13;<br \/>\n&#13;<br \/>\n&#13;<br \/>\n&#13;<br \/>\n&#13;<br \/>\n&#13;<br \/>\n&#13;<br \/>\n&#13;<br \/>\n&#13;<br \/>\n&#13;<br \/>\n&#13;<br \/>\n&#13;<br \/>\n&#13;<br \/>\n&#13;<br \/>\n&#13;<br \/>\n&#13;<br \/>\n&#13;<br \/>\n&#13;<br \/>\n&#13;<br \/>\n&#13;<br \/>\n&#13;<br \/>\n&#13;<br \/>\n&#13;<br \/>\n&#13;<br \/>\n&#13;<br \/>\n&#13;<br \/>\n&#13;<br \/>\n&#13;<br \/>\n&#13;<br \/>\n&#13;\n<\/p>\n<p class=\"chapter-paragraph\"><b>Mostruosa la prova di Ganna<\/b>. Dopo aver generosamente tirato i compagni fino alla <b>base della doppia salita verso l&#8217;Olimpico, Pippo se n&#8217;\u00e8 andato con Tobias Foss<\/b>, che ha mollato sull&#8217;ultima rampa. Ganna ha <b>scalato con lo stesso tempo di Vingegaard <\/b>(che aveva 6&#8243; di vantaggio su di lui all&#8217;ultimo rilevamento) e ne ha persi soltanto due da uno scatenato Pogacar, penalizzato \u2014 come previsto \u2014 dalla minor attitudine nella disciplina da parte della Uae Emirates, disegnata per supportarlo in salita.<\/p>\n<p class=\"chapter-paragraph\"><b>Le due ascese finali e la nuova formula studiata dagli organizzatori hanno reso la prova bellissima <\/b>e creato ampi vuoti nei primi 25\/30 posti della classifica generale. Il distacco tra i marziani Vingo e Pogi \u00e8 minimo ma <b>gi\u00e0 nella tappa di domani<\/b>, che prevede un <b>triplo passaggio sul circuito finale, si accumuleranno stress e tentativi di rivincita <\/b>con l&#8217;orgogliosissimo Pogi (in gran forma e in maglia a pois di miglior scalatore) che cercher\u00e0 subito di prendersi la rivincita.<\/p>\n<p class=\"chapter-paragraph\">\u00abNon vestivo il giallo da tre anni \u2014 ha spiegato Vingegaard \u2014, e la sensazione \u00e8 straordinariamente bella. \u00c8 la maglia pi\u00f9 bella del ciclismo e la onorer\u00f2 ogni singolo giorno. In corsa non era questione di battere Pogacar ma di fare una bella corsa; di certo lui gi\u00e0 nella seconda tappa cercher\u00e0 di recuperare\u00bb.<\/p>\n<p class=\"is-last-update\" datetime=\"2026-07-04T21:29:36+02:00\">4 luglio 2026 ( modifica il 4 luglio 2026 | 21:29)<\/p>\n<p class=\"is-copyright\">\n            \u00a9 RIPRODUZIONE RISERVATA\n        <\/p>\n","protected":false},"excerpt":{"rendered":"di Marco Bonarrigo Vingegaard in maglia gialla dopo la cronosquadre di Barcellona, con Ganna superlativo ma battuto di&hellip;\n","protected":false},"author":3,"featured_media":569904,"comment_status":"","ping_status":"","sticky":false,"template":"","format":"standard","meta":{"footnotes":"","_share_on_mastodon":"0"},"categories":[1456],"tags":[3077,351,5471,41018,1824,12721,266651,1932,1276,55293,1825,8506,74344,277,2237,1690,17133,1426,2240,40773,2226,3369,32871,1537,90,89,2219,2228,125031,35843,67510,1931,245,244,2218,2223],"class_list":["post-569903","post","type-post","status-publish","format-standard","has-post-thumbnail","category-ciclismo","tag-arrivato","tag-barcellona","tag-bella","tag-cerchera","tag-ciclismo","tag-circuito","tag-circuito-finale","tag-classifica","tag-corsa","tag-cronosquadre","tag-cycling","tag-davide","tag-davide-piganzoli","tag-de","tag-de-france","tag-domani","tag-evenepoel","tag-finale","tag-france","tag-ganna","tag-gialla","tag-giro","tag-giro-italia","tag-it","tag-italia","tag-italy","tag-maglia","tag-maglia-gialla","tag-mollato","tag-ottimo","tag-piganzoli","tag-pogacar","tag-sport","tag-sports","tag-tappa","tag-vingegaard"],"share_on_mastodon":{"url":"https:\/\/pubeurope.com\/@it\/116863779795305156","error":""},"_links":{"self":[{"href":"https:\/\/www.europesays.com\/it\/wp-json\/wp\/v2\/posts\/569903","targetHints":{"allow":["GET"]}}],"collection":[{"href":"https:\/\/www.europesays.com\/it\/wp-json\/wp\/v2\/posts"}],"about":[{"href":"https:\/\/www.europesays.com\/it\/wp-json\/wp\/v2\/types\/post"}],"author":[{"embeddable":true,"href":"https:\/\/www.europesays.com\/it\/wp-json\/wp\/v2\/users\/3"}],"replies":[{"embeddable":true,"href":"https:\/\/www.europesays.com\/it\/wp-json\/wp\/v2\/comments?post=569903"}],"version-history":[{"count":0,"href":"https:\/\/www.europesays.com\/it\/wp-json\/wp\/v2\/posts\/569903\/revisions"}],"wp:featuredmedia":[{"embeddable":true,"href":"https:\/\/www.europesays.com\/it\/wp-json\/wp\/v2\/media\/569904"}],"wp:attachment":[{"href":"https:\/\/www.europesays.com\/it\/wp-json\/wp\/v2\/media?parent=569903"}],"wp:term":[{"taxonomy":"category","embeddable":true,"href":"https:\/\/www.europesays.com\/it\/wp-json\/wp\/v2\/categories?post=569903"},{"taxonomy":"post_tag","embeddable":true,"href":"https:\/\/www.europesays.com\/it\/wp-json\/wp\/v2\/tags?post=569903"}],"curies":[{"name":"wp","href":"https:\/\/api.w.org\/{rel}","templated":true}]}}