{"id":569909,"date":"2026-07-04T21:19:13","date_gmt":"2026-07-04T21:19:13","guid":{"rendered":"https:\/\/www.europesays.com\/it\/569909\/"},"modified":"2026-07-04T21:19:13","modified_gmt":"2026-07-04T21:19:13","slug":"il-principe-harry-arrivera-a-londra-da-solo-la-decisione-per-ragioni-di-sicurezza-ma-abitera-in-una-residenza-reale","status":"publish","type":"post","link":"https:\/\/www.europesays.com\/it\/569909\/","title":{"rendered":"Il principe Harry arriver\u00e0 a Londra da solo, la decisione per ragioni di sicurezza (ma abiter\u00e0 in una residenza reale)"},"content":{"rendered":"<p>    di<br \/>\n    Enrica Roddolo<\/p>\n<p class=\"summary-art is-line-h-12\">Il figlio di re Carlo atterrer\u00e0 a Londra da solo per gli impegni nella capitale a giorni, ma la famiglia potrebbe raggiungerlo a Birmingham.<\/p>\n<p class=\"chapter-paragraph\"><b>EDIMBURGO &#8211; Harry arriver\u00e0 solo a Londra<\/b>, a giorni. La decisione sarebbe stata presa dal duca di Sussex all\u2019ultimo minuto in considerazione del punto sicurezza che resta una delle priorit\u00e0 per il figlio di re Carlo III che da anni ormai d\u00e0 battaglia al <b>Ravec<\/b>, l\u2019ente preposto a decidere a chi spetti una copertura di sicurezza che l\u2019ha privato della protezione.\u00a0<\/p>\n<p class=\"chapter-paragraph\"><b>Dunque quando atterrer\u00e0 a Londra il principe Harry non sar\u00e0 accompagnato dalla moglie Meghan e dai due figli <\/b>come sin dall\u2019inizio era nei suoi piani. E come sarebbe stato pi\u00f9 facile per immaginare un incontro di Archie, 7 anni e Lilibet Diana, 5 con il nonno re Carlo.\u00a0    &#13;<br \/>\n&#13;<br \/>\n&#13;<br \/>\n&#13;<br \/>\n&#13;<br \/>\n&#13;<br \/>\n&#13;<br \/>\n&#13;<br \/>\n&#13;<br \/>\n&#13;<br \/>\n&#13;<br \/>\n&#13;<br \/>\n&#13;<br \/>\n&#13;<br \/>\n&#13;<br \/>\n&#13;<br \/>\n&#13;<br \/>\n&#13;<br \/>\n&#13;<br \/>\n&#13;<br \/>\n&#13;<br \/>\n&#13;<br \/>\n&#13;<br \/>\n&#13;<br \/>\n&#13;<br \/>\n&#13;<br \/>\n&#13;<br \/>\n&#13;<br \/>\n&#13;<br \/>\n&#13;<br \/>\n&#13;<br \/>\n&#13;<br \/>\n&#13;<br \/>\n&#13;<br \/>\n&#13;<br \/>\n&#13;<br \/>\n&#13;<br \/>\n&#13;<br \/>\n&#13;<br \/>\n&#13;<br \/>\n&#13;<br \/>\n&#13;<br \/>\n&#13;<br \/>\n&#13;<br \/>\n&#13;<br \/>\n&#13;<br \/>\n&#13;<br \/>\n&#13;<br \/>\n&#13;<br \/>\n&#13;<br \/>\n&#13;<br \/>\n&#13;<br \/>\n&#13;\n<\/p>\n<p class=\"chapter-paragraph\"><b>Ma questo non vuol dire che la famiglia<\/b> non possa raggiungere il duca di Sussex nel corso del soggiorno su suolo britannico, quando per esempio da Londra dove Harry \u00e8 atteso al Royal Hospital Chelsea gioved\u00ec, si sposter\u00e0 a Birmingham dove si terranno i giochi Invictus immaginai proprio da Harry ormai una decade fa. Infatti il principe starebbe anche discutendo il punto sicurezza relativo all\u2019ultima parte della sua trasferta britannica.\u00a0<\/p>\n<p class=\"chapter-paragraph\">Tra l\u2019altro, all\u2019offerta di una sistemazione a Buckingham palace fatta dal padre, questa volta Harry avrebbe risposto s\u00ec. <b>Al contrario un anno fa quando re Carlo gli aveva offerto una sistemazione in una residenza reale<\/b> il principe aveva rifiutato. Un altro segnale che dice che il ghiaccio tra padre e figlio si sta sciogliendo. Anche se per una vera e propria distensione Harry deve fare i conti con la frattura con il fratello William.\u00a0<\/p>\n<p class=\"chapter-paragraph\"><b>E non a caso nei giorni scorsi,<\/b> proprio approfittando della Royal Week che ogni anno porta a Edimburgo i Windsor, <b>il sovrano aveva convocato un meeting di famiglia in Scozia in vista della visita di Harry e Meghan<\/b> nel Regno Unito a giorni ormai.  Invitato, a tavola col re, il figlio William che in Scozia ha festeggiato i traguardi del suo progetto Homewards per dar battaglia al dramma dei senza fissa dimora proprio mentre oggi la madre la principessa dei cuori Diana che ai senza tetto aveva dedicato tante energie, avrebbe festeggiato 65 anni.\u00a0<\/p>\n<p class=\"chapter-paragraph\"><b>E Harry con Meghan aveva fatto capire l&#8217;intenzione di portare in visita nel Regno Unito anche la famiglia, il figlio Archie e la figlia Lilibeth Diana<\/b>, anche a visitare la tomba dove riposa la nonna, Diana, che non hanno mai conosciuto.\u00a0<\/p>\n<p class=\"chapter-paragraph\"><b>Re Carlo III a Edimburgo ha ricevuto le chiavi dalla citt\u00e0 <\/b>\u00a0come tradizione all\u2019inizio della Royal Week \u2013 la settimana che trascorre ogni estate in Scozia \u2013 ma se la settimana scozzese \u00e8 un classico dell&#8217;estate Windsor, insolito quanto raro \u00e8 stato quel momento conviviale al castello di Holyroodhouse Palace la residenza ufficiale della Royal family quando si trova in Scozia. Con William e il fratello Edoardo.<\/p>\n<p class=\"is-last-update\" datetime=\"2026-07-04T18:47:02+02:00\">4 luglio 2026 ( modifica il 4 luglio 2026 | 18:47)<\/p>\n<p class=\"is-copyright\">\n            \u00a9 RIPRODUZIONE RISERVATA\n        <\/p>\n","protected":false},"excerpt":{"rendered":"di Enrica Roddolo Il figlio di re Carlo atterrer\u00e0 a Londra da solo per gli impegni nella capitale&hellip;\n","protected":false},"author":3,"featured_media":569910,"comment_status":"","ping_status":"","sticky":false,"template":"","format":"standard","meta":{"footnotes":"","_share_on_mastodon":"0"},"categories":[1451],"tags":[72647,4987,314086,314087,65171,314088,2233,2930,2387,1630,1621,1620,1368,31116,28538,47527,203,1909,2716,303,204,1537,90,89,5122,57492,133,4661,2516,10233,20204,2198,2010,863,306],"class_list":["post-569909","post","type-post","status-publish","format-standard","has-post-thumbnail","category-celebrita","tag-archie","tag-arrivera","tag-arrivera-londra","tag-arrivera-londra-decisione","tag-atterrera","tag-atterrera-londra","tag-battaglia","tag-birmingham","tag-carlo","tag-carlo-iii","tag-celebrita","tag-celebrities","tag-decisione","tag-diana","tag-duca","tag-edimburgo","tag-entertainment","tag-famiglia","tag-figlio","tag-harry","tag-intrattenimento","tag-it","tag-italia","tag-italy","tag-londra","tag-meghan","tag-ormai","tag-principe","tag-re","tag-re-carlo","tag-residenza","tag-royal","tag-scozia","tag-sicurezza","tag-william"],"share_on_mastodon":{"url":"https:\/\/pubeurope.com\/@it\/116863799464086354","error":""},"_links":{"self":[{"href":"https:\/\/www.europesays.com\/it\/wp-json\/wp\/v2\/posts\/569909","targetHints":{"allow":["GET"]}}],"collection":[{"href":"https:\/\/www.europesays.com\/it\/wp-json\/wp\/v2\/posts"}],"about":[{"href":"https:\/\/www.europesays.com\/it\/wp-json\/wp\/v2\/types\/post"}],"author":[{"embeddable":true,"href":"https:\/\/www.europesays.com\/it\/wp-json\/wp\/v2\/users\/3"}],"replies":[{"embeddable":true,"href":"https:\/\/www.europesays.com\/it\/wp-json\/wp\/v2\/comments?post=569909"}],"version-history":[{"count":0,"href":"https:\/\/www.europesays.com\/it\/wp-json\/wp\/v2\/posts\/569909\/revisions"}],"wp:featuredmedia":[{"embeddable":true,"href":"https:\/\/www.europesays.com\/it\/wp-json\/wp\/v2\/media\/569910"}],"wp:attachment":[{"href":"https:\/\/www.europesays.com\/it\/wp-json\/wp\/v2\/media?parent=569909"}],"wp:term":[{"taxonomy":"category","embeddable":true,"href":"https:\/\/www.europesays.com\/it\/wp-json\/wp\/v2\/categories?post=569909"},{"taxonomy":"post_tag","embeddable":true,"href":"https:\/\/www.europesays.com\/it\/wp-json\/wp\/v2\/tags?post=569909"}],"curies":[{"name":"wp","href":"https:\/\/api.w.org\/{rel}","templated":true}]}}