{"id":569983,"date":"2026-07-04T22:26:13","date_gmt":"2026-07-04T22:26:13","guid":{"rendered":"https:\/\/www.europesays.com\/it\/569983\/"},"modified":"2026-07-04T22:26:13","modified_gmt":"2026-07-04T22:26:13","slug":"shirin-ebadi-ma-il-regime-e-piu-debole-chi-ha-perso-i-propri-cari-nel-massacro-di-gennaio-non-puo-dimenticare","status":"publish","type":"post","link":"https:\/\/www.europesays.com\/it\/569983\/","title":{"rendered":"Shirin Ebadi: \u00abMa il regime \u00e8 pi\u00f9 debole. Chi ha perso i propri cari nel massacro di gennaio non pu\u00f2 dimenticare\u00bb"},"content":{"rendered":"<p>    di<br \/>\n    Greta Privitera<\/p>\n<p class=\"summary-art is-line-h-12\">La premio Nobel iraniana: \u00abLa nuova Guida suprema \u00e8 un fantasma\u00bb<\/p>\n<p class=\"chapter-paragraph\"><b><a href=\"https:\/\/www.corriere.it\/esteri\/26_gennaio_15\/shirin-ebadi-usa-iran-khamenei-e3df8b5e-0250-486f-a4c5-09b2acd09xlk.shtml\" rel=\"nofollow noopener\" target=\"_blank\">Shirin Ebadi<\/a> \u00e8 la prima giudice iraniana<\/b>, un ruolo che la Repubblica islamica le toglie subito dopo la Rivoluzione, perch\u00e9 una donna \u00e8 incapace di emettere sentenze valide. Da quella ferita, invece di arrendersi, nasce la sua seconda vita: diventa avvocata per i diritti umani, anche per rimediare all\u2019errore di aver creduto, da giovane, in quella stessa Rivoluzione che la spoglia di tutto. Quella scelta le vale il Premio Nobel per la Pace, e <b>oggi vive in esilio a Londra<\/b>, dove continua a lavorare per un Iran libero e democratico.<br \/>\u00a0<br \/><b>Quanti sostengono ancora il regime?\u00a0<\/b><br \/>\u00abNon molti, lo sappiamo dal numero delle persone che sono andate a votare nelle ultime elezioni, nel 2024, avvenute prima del massacro di gennaio, una strage che secondo le stime degli analisti ha causato fino a 40.000 vittime. Non dimentichiamo che sono passati solo sei mesi, e mentre quegli uomini celebrano alla grande la morte del leader, le famiglie di chi non c\u2019\u00e8 pi\u00f9 non dimenticano ci\u00f2 che hanno subito. Posso affermare con certezza che oggi solo il 15% della popolazione iraniana sostiene la Repubblica islamica, che, nonostante finga forza e compattezza, \u00e8 molto pi\u00f9 debole di quanto non fosse prima dell\u2019inizio della guerra\u00bb.\u00a0<\/p>\n<p class=\"chapter-paragraph\"><b>Che cosa \u00e8 rimasto davvero degli ayatollah?\u00a0<\/b><br \/>\u00abIl loro leader supremo \u00e8 stato ucciso, cos\u00ec come molti altri comandanti e ufficiali. Non sappiamo nemmeno se l\u2019attuale Guida, Mojtaba Khamenei, l\u2019adorato figlio, sia vivo o morto: non abbiamo mai visto una foto, e la sua voce non si \u00e8 mai sentita dopo l\u2019elezione dell\u20198 marzo\u00bb.\u00a0    &#13;<br \/>\n&#13;<br \/>\n&#13;<br \/>\n&#13;<br \/>\n&#13;<br \/>\n&#13;<br \/>\n&#13;<br \/>\n&#13;<br \/>\n&#13;<br \/>\n&#13;<br \/>\n&#13;<br \/>\n&#13;<br \/>\n&#13;<br \/>\n&#13;<br \/>\n&#13;<br \/>\n&#13;<br \/>\n&#13;<br \/>\n&#13;<br \/>\n&#13;<br \/>\n&#13;<br \/>\n&#13;<br \/>\n&#13;<br \/>\n&#13;<br \/>\n&#13;<br \/>\n&#13;<br \/>\n&#13;<br \/>\n&#13;<br \/>\n&#13;<br \/>\n&#13;<br \/>\n&#13;<br \/>\n&#13;<br \/>\n&#13;<br \/>\n&#13;<br \/>\n&#13;<br \/>\n&#13;<br \/>\n&#13;<br \/>\n&#13;<br \/>\n&#13;<br \/>\n&#13;<br \/>\n&#13;<br \/>\n&#13;<br \/>\n&#13;<br \/>\n&#13;<br \/>\n&#13;<br \/>\n&#13;<br \/>\n&#13;<br \/>\n&#13;<br \/>\n&#13;<br \/>\n&#13;<br \/>\n&#13;<br \/>\n&#13;<br \/>\n&#13;<br \/>\n&#13;\n<\/p>\n<p class=\"chapter-paragraph\"><b>Che cosa prova guardando le immagini di questo funerale infinito?\u00a0<\/b><br \/>\u00abPenso a una cosa sola: invece di spendere tanti soldi per dire addio a un dittatore, sarebbe stato molto meglio destinarli a chi non pu\u00f2 permettersi di mangiare, a chi, per colpa del governo, non ha nemmeno un tetto. Sono tantissimi in Iran. Spero che durante le cerimonie ci sia almeno l\u2019opportunit\u00e0 per queste famiglie di consumare un pasto. Ho in testa solo i milioni di  poveri che vedono tutti questi soldi spesi per nulla. Mi fanno arrabbiare  le continue ingiustizie che il mio popolo \u00e8 costretto a subite\u00bb.<\/p>\n<p class=\"chapter-paragraph\"><b>Qual \u00e8 la differenza tra la Repubblica islamica di oggi e quella dei funerali di Khomeini, del 1989?\u00a0<\/b><br \/>\u00abAlla morte di Khomeini il regime era molto pi\u00f9 forte, cos\u00ec forte da non aver bisogno di una settimana di celebrazioni per convincere il mondo della propria legittimit\u00e0 e del proprio sostegno popolare. Il Paese era completamente nelle mani degli ayatollah. Oggi invece non \u00e8 chiaro se esista un vero leader o se ci sia qualcun altro che parli al suo posto. Davvero, il fatto che non si presenter\u00e0 nemmeno ai funerali del padre, della moglie e dei figli aumenta il dubbio sulla sua salute\u00bb.\u00a0<\/p>\n<p class=\"chapter-paragraph\"><b>A un certo punto, durante la guerra, alcuni, tra cui lei, hanno pensato o sperato che i mullah potessero cadere.\u00a0<\/b><br \/>\u00abNonostante io sia contro ogni conflitto, quando sono iniziati i bombardamenti, sapevo che avrebbero indebolito il potere; e in effetti molti dei loro uomini sono stati uccisi. Per quanto usino la carta di Hormuz e del nucleare, al loro interno sono pi\u00f9 deboli e paranoici\u00bb.\u00a0<\/p>\n<p class=\"chapter-paragraph\"><b>Lei ha anche sostenuto il principe Reza Pahlavi: perch\u00e9?\u00a0<\/b><br \/>\u00abSemplice, perch\u00e9 \u00e8 l\u2019unico ad aver dichiarato la propria disponibilit\u00e0 a guidare un periodo di transizione, fino ad arrivare a un referendum libero in cui gli iraniani possano scegliere la forma di governo, repubblica o monarchia. Al momento \u00e8 l\u2019unico che si \u00e8 proposto per questo ruolo di traghettatore. Pur essendo il principe ereditario della dinastia Pahlavi, ha pi\u00f9 volte dichiarato di non avere alcuna pretesa dinastica legata alla sua candidatura. E io voglio solo che il popolo iraniano sia libero di scegliere che vita vivere\u00bb.\u00a0<\/p>\n<p class=\"chapter-paragraph\"><b>A proposito del popolo iraniano: arriver\u00e0 il giorno della liberazione?\u00a0<\/b><br \/>\u00abGli iraniani e le iraniane si libereranno da soli, attraverso la disobbedienza civile che continua ancora oggi. Il regime non \u00e8 stato capace di rispondere ad alcuna richiesta del popolo. Non lo ha mai fatto. Sono convinta che la vittoria della gente \u00e8 vicina. Non \u00e8 possibile prevedere una data, ma accadr\u00e0\u00bb.<\/p>\n<p class=\"is-last-update\" datetime=\"2026-07-04T22:36:19+02:00\">4 luglio 2026 ( modifica il 4 luglio 2026 | 22:36)<\/p>\n<p class=\"is-copyright\">\n            \u00a9 RIPRODUZIONE RISERVATA\n        <\/p>\n","protected":false},"excerpt":{"rendered":"di Greta Privitera La premio Nobel iraniana: \u00abLa nuova Guida suprema \u00e8 un fantasma\u00bb Shirin Ebadi \u00e8 la&hellip;\n","protected":false},"author":3,"featured_media":569984,"comment_status":"","ping_status":"","sticky":false,"template":"","format":"standard","meta":{"footnotes":"","_share_on_mastodon":"0"},"categories":[160],"tags":[107659,934,14,164,165,1278,3719,766,71109,943,3440,2686,2614,77,3453,764,956,849,808,885,102739,381,1491,28985,314108,166,964,7,18985,15,174950,977,177914,776,93667,4661,9608,4309,981,982,2718,138,20525,23820,71119,71120,11,167,12,168,161,162,163],"class_list":["post-569983","post","type-post","status-publish","format-standard","has-post-thumbnail","category-mondo","tag-ayatollah","tag-continua","tag-cronaca","tag-dal-mondo","tag-dalmondo","tag-davvero","tag-debole","tag-dichiarato","tag-ebadi","tag-famiglie","tag-forte","tag-funerali","tag-gennaio","tag-guerra","tag-guida","tag-iran","tag-iraniana","tag-iraniani","tag-iraniano","tag-islamica","tag-khomeini","tag-leader","tag-libero","tag-massacro","tag-massacro-gennaio","tag-mondo","tag-morte","tag-news","tag-nobel","tag-notizie","tag-pahlavi","tag-popolo","tag-popolo-iraniano","tag-premio","tag-premio-nobel","tag-principe","tag-propria","tag-regime","tag-repubblica","tag-repubblica-islamica","tag-rivoluzione","tag-ruolo","tag-sappiamo","tag-scegliere","tag-shirin","tag-shirin-ebadi","tag-ultime-notizie","tag-ultime-notizie-di-mondo","tag-ultimenotizie","tag-ultimenotiziedimondo","tag-world","tag-world-news","tag-worldnews"],"share_on_mastodon":{"url":"","error":"Validation failed: Text character limit of 500 exceeded"},"_links":{"self":[{"href":"https:\/\/www.europesays.com\/it\/wp-json\/wp\/v2\/posts\/569983","targetHints":{"allow":["GET"]}}],"collection":[{"href":"https:\/\/www.europesays.com\/it\/wp-json\/wp\/v2\/posts"}],"about":[{"href":"https:\/\/www.europesays.com\/it\/wp-json\/wp\/v2\/types\/post"}],"author":[{"embeddable":true,"href":"https:\/\/www.europesays.com\/it\/wp-json\/wp\/v2\/users\/3"}],"replies":[{"embeddable":true,"href":"https:\/\/www.europesays.com\/it\/wp-json\/wp\/v2\/comments?post=569983"}],"version-history":[{"count":0,"href":"https:\/\/www.europesays.com\/it\/wp-json\/wp\/v2\/posts\/569983\/revisions"}],"wp:featuredmedia":[{"embeddable":true,"href":"https:\/\/www.europesays.com\/it\/wp-json\/wp\/v2\/media\/569984"}],"wp:attachment":[{"href":"https:\/\/www.europesays.com\/it\/wp-json\/wp\/v2\/media?parent=569983"}],"wp:term":[{"taxonomy":"category","embeddable":true,"href":"https:\/\/www.europesays.com\/it\/wp-json\/wp\/v2\/categories?post=569983"},{"taxonomy":"post_tag","embeddable":true,"href":"https:\/\/www.europesays.com\/it\/wp-json\/wp\/v2\/tags?post=569983"}],"curies":[{"name":"wp","href":"https:\/\/api.w.org\/{rel}","templated":true}]}}