{"id":570016,"date":"2026-07-04T22:55:18","date_gmt":"2026-07-04T22:55:18","guid":{"rendered":"https:\/\/www.europesays.com\/it\/570016\/"},"modified":"2026-07-04T22:55:18","modified_gmt":"2026-07-04T22:55:18","slug":"kimi-antonelli-premiato-da-okoye-a-silverstone-i-motivi","status":"publish","type":"post","link":"https:\/\/www.europesays.com\/it\/570016\/","title":{"rendered":"Kimi Antonelli premiato da Okoye a Silverstone: i motivi"},"content":{"rendered":"<p>                                Grande appassionato di Formula 1, il nigeriano era ospite Pirelli. Sui social \u00e8 stato indicato come uno degli uomini pi\u00f9 belli del mondo, ha fatto il boom di followers e&#8230;<\/p>\n<p class=\"paragraph\" spellcheck=\"true\">Per un giorno ha &#8220;parcheggiato&#8221; i guantoni ed \u00e8 passato agli pneumatici. O meglio, a quello in miniatura del Pirelli Pole Position Award. S\u00ec, appassionati di calcio, a premiare Andrea Kimi Antonelli dopo la pole di Silverston era proprio lui: Maduka Okoye, portiere dell&#8217;Udinese e della nazionale nigeriana. Un&#8217;apparizione insolita, ma tutt&#8217;altro che casuale. Il 26enne era ospite di Pirelli e, da grande appassionato di Formula 1, ha approfittato della pausa estiva e delle vacanze nel Regno Unito, per fare tappa nella culla della Formula 1.<\/p>\n<p>        star del web\u2014 \u00a0<\/p>\n<p class=\"paragraph\" spellcheck=\"true\">Lontano dal campo, ma sempre al centro dell&#8217;attenzione. Negli ultimi tempi l&#8217;estremo difensore bianconero \u00e8 finito sotto i riflettori per ragioni non strettamente calcistiche. Alto, muscoloso e tatuato, ha trovato nelle amichevoli con la Nigeria il palcoscenico perfetto: il suo volto ha iniziato a rimbalzare ovunque sui social, tra foto, video e montaggi che hanno raccolto milioni di visualizzazioni. Una vera e propria &#8220;Okoye-mania&#8221; che nel giro di poche settimane ha fatto impennare ogni numero: su Instagram il portiere \u00e8 passato da circa 250 mila follower a oltre 1,5 milioni, superando anche il milione su TikTok, dove da tempo racconta la sua quotidianit\u00e0 tra allenamenti, partite e &#8220;giornate tipo&#8221;. La Nigeria non sar\u00e0 ai Mondiali, ma il web ha incoronato il suo portiere come uno degli uomini pi\u00f9 belli del pianeta. Anche nei paddock di Formula 1.<\/p>\n","protected":false},"excerpt":{"rendered":"Grande appassionato di Formula 1, il nigeriano era ospite Pirelli. Sui social \u00e8 stato indicato come uno degli&hellip;\n","protected":false},"author":3,"featured_media":570017,"comment_status":"","ping_status":"","sticky":false,"template":"","format":"standard","meta":{"footnotes":"","_share_on_mastodon":"0"},"categories":[6],"tags":[1951,314131,25909,14,3341,8,1537,90,89,3994,35261,7,7158,15,82,9,83,10,2853,314132,17191,314133,489,8027,16590,2855,314134,13,11,80,84,12,81,85,6124],"class_list":["post-570016","post","type-post","status-publish","format-standard","has-post-thumbnail","category-ultime-notizie","tag-appassionato","tag-appassionato-formula","tag-belli","tag-cronaca","tag-formula","tag-headlines","tag-it","tag-italia","tag-italy","tag-kimi","tag-mania","tag-news","tag-nigeria","tag-notizie","tag-notizie-di-cronaca","tag-notizie-principali","tag-notiziedicronaca","tag-notizieprincipali","tag-okoye","tag-okoye-mania","tag-ospite","tag-ospite-pirelli","tag-passato","tag-pirelli","tag-pole","tag-portiere","tag-portiere-udinese","tag-titoli","tag-ultime-notizie","tag-ultime-notizie-di-cronaca","tag-ultime-notizie-e-news-di-oggi","tag-ultimenotizie","tag-ultimenotiziedicronaca","tag-ultimenotizieenewsdioggi","tag-web"],"share_on_mastodon":{"url":"","error":"Validation failed: Text character limit of 500 exceeded"},"_links":{"self":[{"href":"https:\/\/www.europesays.com\/it\/wp-json\/wp\/v2\/posts\/570016","targetHints":{"allow":["GET"]}}],"collection":[{"href":"https:\/\/www.europesays.com\/it\/wp-json\/wp\/v2\/posts"}],"about":[{"href":"https:\/\/www.europesays.com\/it\/wp-json\/wp\/v2\/types\/post"}],"author":[{"embeddable":true,"href":"https:\/\/www.europesays.com\/it\/wp-json\/wp\/v2\/users\/3"}],"replies":[{"embeddable":true,"href":"https:\/\/www.europesays.com\/it\/wp-json\/wp\/v2\/comments?post=570016"}],"version-history":[{"count":0,"href":"https:\/\/www.europesays.com\/it\/wp-json\/wp\/v2\/posts\/570016\/revisions"}],"wp:featuredmedia":[{"embeddable":true,"href":"https:\/\/www.europesays.com\/it\/wp-json\/wp\/v2\/media\/570017"}],"wp:attachment":[{"href":"https:\/\/www.europesays.com\/it\/wp-json\/wp\/v2\/media?parent=570016"}],"wp:term":[{"taxonomy":"category","embeddable":true,"href":"https:\/\/www.europesays.com\/it\/wp-json\/wp\/v2\/categories?post=570016"},{"taxonomy":"post_tag","embeddable":true,"href":"https:\/\/www.europesays.com\/it\/wp-json\/wp\/v2\/tags?post=570016"}],"curies":[{"name":"wp","href":"https:\/\/api.w.org\/{rel}","templated":true}]}}