{"id":570018,"date":"2026-07-04T23:03:19","date_gmt":"2026-07-04T23:03:19","guid":{"rendered":"https:\/\/www.europesays.com\/it\/570018\/"},"modified":"2026-07-04T23:03:19","modified_gmt":"2026-07-04T23:03:19","slug":"anguria-pro-pal-sulla-racchetta-cosi-la-tennista-turca-ha-aggirato-le-regole-a-wimbledon","status":"publish","type":"post","link":"https:\/\/www.europesays.com\/it\/570018\/","title":{"rendered":"Anguria Pro Pal sulla racchetta: cos\u00ec la tennista turca ha aggirato le regole a Wimbledon"},"content":{"rendered":"<p>Un\u2019anguria come fermacorde. La tennista turca <strong>Zeynep S\u00f6nmez <\/strong>ha aggirato cos\u00ec il divieto di Wimbledon di indossare una spilla per testimoniare il supporto alla Palestina. La numero 51 del mondo \u00e8 uscita al secondo turno del torneo ma ha saputo comunque far parlare di s\u00e9 utilizzando un particolare fermacorde con il frutto che dal 2023 \u00e8 diventato uno dei simboli della Palestina, in quanto i suoi colori richiamano la bandiera del Paese mediorientale.<\/p>\n<p>\u201cPrima indossavo una spilla in segno di sostegno alla Palestina, ma ora nei tornei non \u00e8 pi\u00f9 consentito. Abbiamo discusso con gli organizzatori, dicendo: \u2018Permettono la bandiera ucraina ma non quella palestinese\u2019\u201d, ha dichiarato la tennista secondo quanto riferito dal sito sportivo turco Sporx. \u201cQuando ci hanno risposto con fermezza che non l\u2019avrebbero permesso, ho iniziato ad attaccare alla mia racchetta un antivibrante con il simbolo di un\u2019anguria al posto della spilla. Su quello non possono dire nulla\u201d, ha aggiunto S\u00f6nmez. Trattandosi di un attrezzatura tecnica standard, gli organizzatori non hanno potuto sollevare obiezioni formali.L\u2019accessorio, che per la turca ha la forma di anguria, simbolo che i servizi segreti tedeschi hanno messo in lista nera perch\u00e9 associato all\u2019estremismo proPal insieme al polpo, assorbe quasi istantaneamente le microvibrazioni derivante dall\u2019impatto con la pallina, riducendo il tipico &#8220;tremore&#8221; prolungato post-impatto.<\/p>\n<p>\u201cSiamo orgogliosi della nostra atleta Zeynep S\u00f6nmez, che mette al di sopra di tutto la coscienza, il coraggio e i valori umani. La sua nobile posizione, senza rimanere in silenzio di fronte al dramma umanitario in corso in Palestina, ha dimostrato una volta di pi\u00f9 che lo sport non \u00e8 solo competizione, ma anche portatore di valori universali\u201d, ha dichiarato il ministro dello Sport turco Osman A\u015fk\u0131n Bak, plaudendo alla scelta di S\u00f6nmez.\n<\/p>\n<p> I tornei Wta hanno escluso i messaggi politici dai cambi per una questione di neutralit\u00e0, vietando tassativamente ai giocatori di esibire qualsiasi tipo di messaggio o simbolo politico durante i match. Questa linea viene applicata da molto tempo per evitare che il campo da gioco si trasformi in una piattaforma di scontro geopolitico ma la tennista ha lamentato la presenza di bandiere per l\u2019Ucraina. <\/p>\n","protected":false},"excerpt":{"rendered":"Un\u2019anguria come fermacorde. La tennista turca Zeynep S\u00f6nmez ha aggirato cos\u00ec il divieto di Wimbledon di indossare una&hellip;\n","protected":false},"author":3,"featured_media":570019,"comment_status":"","ping_status":"","sticky":false,"template":"","format":"standard","meta":{"footnotes":"","_share_on_mastodon":"0"},"categories":[1457],"tags":[1537,90,89,54430,245,244,1273,1274],"class_list":["post-570018","post","type-post","status-publish","format-standard","has-post-thumbnail","category-tennis","tag-it","tag-italia","tag-italy","tag-pro-pal","tag-sport","tag-sports","tag-tennis","tag-wimbledon"],"share_on_mastodon":{"url":"https:\/\/pubeurope.com\/@it\/116864208567779613","error":""},"_links":{"self":[{"href":"https:\/\/www.europesays.com\/it\/wp-json\/wp\/v2\/posts\/570018","targetHints":{"allow":["GET"]}}],"collection":[{"href":"https:\/\/www.europesays.com\/it\/wp-json\/wp\/v2\/posts"}],"about":[{"href":"https:\/\/www.europesays.com\/it\/wp-json\/wp\/v2\/types\/post"}],"author":[{"embeddable":true,"href":"https:\/\/www.europesays.com\/it\/wp-json\/wp\/v2\/users\/3"}],"replies":[{"embeddable":true,"href":"https:\/\/www.europesays.com\/it\/wp-json\/wp\/v2\/comments?post=570018"}],"version-history":[{"count":0,"href":"https:\/\/www.europesays.com\/it\/wp-json\/wp\/v2\/posts\/570018\/revisions"}],"wp:featuredmedia":[{"embeddable":true,"href":"https:\/\/www.europesays.com\/it\/wp-json\/wp\/v2\/media\/570019"}],"wp:attachment":[{"href":"https:\/\/www.europesays.com\/it\/wp-json\/wp\/v2\/media?parent=570018"}],"wp:term":[{"taxonomy":"category","embeddable":true,"href":"https:\/\/www.europesays.com\/it\/wp-json\/wp\/v2\/categories?post=570018"},{"taxonomy":"post_tag","embeddable":true,"href":"https:\/\/www.europesays.com\/it\/wp-json\/wp\/v2\/tags?post=570018"}],"curies":[{"name":"wp","href":"https:\/\/api.w.org\/{rel}","templated":true}]}}