{"id":570225,"date":"2026-07-05T03:43:18","date_gmt":"2026-07-05T03:43:18","guid":{"rendered":"https:\/\/www.europesays.com\/it\/570225\/"},"modified":"2026-07-05T03:43:18","modified_gmt":"2026-07-05T03:43:18","slug":"perche-marcus-thuram-non-gioca-nella-francia-ai-mondiali-pochi-minuti-per-lattaccante-dellinter","status":"publish","type":"post","link":"https:\/\/www.europesays.com\/it\/570225\/","title":{"rendered":"Perch\u00e9 Marcus Thuram non gioca nella Francia ai Mondiali? Pochi minuti per l&#8217;attaccante dell&#8217;Inter"},"content":{"rendered":"<p data-testid=\"article-teaser\">L&#8217;attaccante dell&#8217;Inter non riesce a essere impiegato con continuit\u00e0 dal CT Didier Deschamps: cosa sta succedendo?<\/p>\n<p>Se avete visto anche solo il primo tempo della partita vinta dalla Francia contro la Svezia, forse avete gi\u00e0 una parte significativa della risposta alla domanda posta nel titolo. Perch\u00e9, diciamolo: in questa squadra \u00e8 proprio difficile inserirsi, al di l\u00e0 di tutto. Che ti chiami Marcus Thuram o meno.<\/p>\n<p>L&#8217;altra premessa fondamentale \u00e8 che c&#8217;\u00e8 ancora tanto da giocare, in questi Mondiali: sono lunghi, lunghissimi e per la squadra allenata da Didier Deschamps potrebbero essere pure &#8220;completi&#8221;, se verranno rispettati i pronostici della vigilia.<\/p>\n<p>Al di l\u00e0 di tutto ci\u00f2, la domanda \u00e8 comunque valida: perch\u00e9 Thuram, uno dei migliori giocatori della Serie A, non gioca nella Francia ai Mondiali? Cosa sta succedendo?<\/p>\n","protected":false},"excerpt":{"rendered":"L&#8217;attaccante dell&#8217;Inter non riesce a essere impiegato con continuit\u00e0 dal CT Didier Deschamps: cosa sta succedendo? Se avete&hellip;\n","protected":false},"author":3,"featured_media":570226,"comment_status":"","ping_status":"","sticky":false,"template":"","format":"standard","meta":{"footnotes":"","_share_on_mastodon":"0"},"categories":[1452],"tags":[721,100612,1740,2240,4300,1537,90,89,3038,307242,129015,307243,1739,245,244,32959],"class_list":["post-570225","post","type-post","status-publish","format-standard","has-post-thumbnail","category-calcio","tag-calcio","tag-coppa-del-mondo","tag-football","tag-france","tag-francia","tag-it","tag-italia","tag-italy","tag-norvegia","tag-norvegia-vs-francia","tag-norway","tag-norway-vs-france","tag-soccer","tag-sport","tag-sports","tag-world-cup"],"share_on_mastodon":{"url":"https:\/\/pubeurope.com\/@it\/116865309569125111","error":""},"_links":{"self":[{"href":"https:\/\/www.europesays.com\/it\/wp-json\/wp\/v2\/posts\/570225","targetHints":{"allow":["GET"]}}],"collection":[{"href":"https:\/\/www.europesays.com\/it\/wp-json\/wp\/v2\/posts"}],"about":[{"href":"https:\/\/www.europesays.com\/it\/wp-json\/wp\/v2\/types\/post"}],"author":[{"embeddable":true,"href":"https:\/\/www.europesays.com\/it\/wp-json\/wp\/v2\/users\/3"}],"replies":[{"embeddable":true,"href":"https:\/\/www.europesays.com\/it\/wp-json\/wp\/v2\/comments?post=570225"}],"version-history":[{"count":0,"href":"https:\/\/www.europesays.com\/it\/wp-json\/wp\/v2\/posts\/570225\/revisions"}],"wp:featuredmedia":[{"embeddable":true,"href":"https:\/\/www.europesays.com\/it\/wp-json\/wp\/v2\/media\/570226"}],"wp:attachment":[{"href":"https:\/\/www.europesays.com\/it\/wp-json\/wp\/v2\/media?parent=570225"}],"wp:term":[{"taxonomy":"category","embeddable":true,"href":"https:\/\/www.europesays.com\/it\/wp-json\/wp\/v2\/categories?post=570225"},{"taxonomy":"post_tag","embeddable":true,"href":"https:\/\/www.europesays.com\/it\/wp-json\/wp\/v2\/tags?post=570225"}],"curies":[{"name":"wp","href":"https:\/\/api.w.org\/{rel}","templated":true}]}}