{"id":570303,"date":"2026-07-05T06:02:37","date_gmt":"2026-07-05T06:02:37","guid":{"rendered":"https:\/\/www.europesays.com\/it\/570303\/"},"modified":"2026-07-05T06:02:37","modified_gmt":"2026-07-05T06:02:37","slug":"sarabanda-celebrity-anticipazioni-del-3-luglio-le-squadre-dellultima-puntata","status":"publish","type":"post","link":"https:\/\/www.europesays.com\/it\/570303\/","title":{"rendered":"Sarabanda Celebrity, anticipazioni del 3 luglio: le squadre dell&#8217;ultima puntata"},"content":{"rendered":"<p>Ultimo appuntamento con Sarabanda Celebrity. Venerd\u00ec 3 luglio, in prima serata su Italia 1, va in onda<strong> la puntata finale<\/strong> del game show musicale condotto da Enrico Papi che nelle scorse settimane ha riportato sul piccolo schermo uno dei format pi\u00f9 amati della televisione italiana.<\/p>\n<p>Tra grandi successi della musica italiana e internazionale, giochi storici e nuove prove, il programma ha visto sfidarsi numerosi <strong>protagonisti del mondo dello spettacolo<\/strong> che per una sera sono chiamati a mettere alla prova memoria, prontezza e intuito.<\/p>\n<p>Anche nell\u2019ultima puntata, come sempre, <strong>sono otto i concorrenti<\/strong> pronti a darsi battaglia, divisi in due squadre da quattro membri ciascuna. Le <strong>anticipazioni<\/strong>.\n<\/p>\n<p><strong>\u201cSarabanda Celebrity\u201d, i vip pronti a competere<\/strong><\/p>\n<p>Dopo settimane di sfide a ritmo di musica, Sarabanda Celebrity arriva alla sua serata conclusiva. Al timone c\u2019\u00e8 ancora <a href=\"https:\/\/dilei.it\/star-e-vip\/enrico-papi\/\" rel=\"nofollow noopener\" target=\"_blank\">Enrico Papi<\/a>, il volto che pi\u00f9 di tutti \u00e8 legato allo storico quiz musicale e che riporta in televisione uno dei format pi\u00f9 amati dal pubblico, questa volta in una versione vip.<\/p>\n<p>Con canzoni che fanno parte della memoria collettiva, intuizioni fulminanti e immancabili colpi di scena, il programma continua a puntare su un mix di nostalgia e divertimento, affidando la gara a un cast di personaggi provenienti da mondi molto diversi.<\/p>\n<p>Anche per la finale sono otto i <strong>protagonisti che si mettono in gioco<\/strong>, divisi in due squadre. Da una parte ci sono <a href=\"https:\/\/dilei.it\/star-e-vip\/claudio-amendola\/\" rel=\"nofollow noopener\" target=\"_blank\">Claudio Amendola<\/a>, <a href=\"https:\/\/dilei.it\/star-e-vip\/elena-santarelli\/\" rel=\"nofollow noopener\" target=\"_blank\">Elena Santarelli<\/a>, <strong>Giuseppe Giofr\u00e8<\/strong> e <strong>Giulia Penna<\/strong>, dall\u2019altra <a href=\"https:\/\/dilei.it\/star-e-vip\/asia-argento\/\" rel=\"nofollow noopener\" target=\"_blank\">Asia Argento,<\/a> <a href=\"https:\/\/dilei.it\/star-e-vip\/paola-di-benedetto\/\" rel=\"nofollow noopener\" target=\"_blank\">Paola Di Benedetto<\/a>, <strong>Ellen Hidding <\/strong>e<strong> Sergio Friscia.<\/strong><\/p>\n<p>Attori, conduttrici, ballerini, creator e personaggi televisivi si ritrovano cos\u00ec uno accanto all\u2019altro, accomunati da un unico obiettivo: dimostrare di avere orecchio, memoria e sangue freddo quando si tratta di <strong>riconoscere un brano<\/strong> nel minor tempo possibile.<\/p>\n<p>La gara alterna alcune delle <strong>prove che ormai identificano il format<\/strong> ad altre sfide che mettono alla prova velocit\u00e0, intuito e capacit\u00e0 di lavorare in squadra. Ogni manche permette di conquistare punti preziosi e, soprattutto, <strong>jolly che possono rivelarsi decisivi<\/strong> nel momento pi\u00f9 importante della serata.<\/p>\n<p>Come da tradizione, l\u2019attenzione si concentra infine sul <strong>celebre 7X30<\/strong>, la prova simbolo di Sarabanda e quella che spesso ribalta ogni pronostico. \u00c8 qui che i concorrenti si giocano tutto, cercando di riconoscere il <strong>maggior numero possibile di canzoni<\/strong> nel tempo a disposizione: solo mezzo minuto. Una sfida che tiene alta la tensione fino all\u2019ultimo secondo e che decreta la squadra vincitrice chiudendo il ritorno in tv di uno dei quiz musicali pi\u00f9 amati di sempre.<\/p>\n<p><strong>Dove e quando vedere \u201cSarabanda Celebrity\u201d<\/strong><\/p>\n<p>L\u2019ultimo appuntamento con Sarabanda Celebrity va in onda stasera, <strong>venerd\u00ec 3 luglio, in prima serata su Italia 1<\/strong>, a partire dalle 21:30.<\/p>\n<p>Per chi non riesce a seguire la puntata in tv, il programma \u00e8 disponibile anche in streaming su<strong> Mediaset Infinity,<\/strong> dove pu\u00f2 essere visto sia in contemporanea alla messa in onda televisiva sia on demand al termine della trasmissione.<\/p>\n<p>La piattaforma permette inoltre di <strong>recuperare le puntate precedenti<\/strong> e di rivivere i momenti pi\u00f9 divertenti di un\u2019edizione che ha riportato ancora una volta sul piccolo schermo uno dei quiz musicali pi\u00f9 amati della televisione italiana.<\/p>\n<p>\t\t\t\tScopri i personaggi in trend, le storie del momento e molto altro.<br \/>Dove? Sul <a href=\"https:\/\/whatsapp.com\/channel\/0029Vb68mVyHVvTWezDm7d0R\" target=\"_blank\" rel=\"noopener nofollow\">canale WhatsApp di DiLei!<\/a><\/p>\n<p>\t\t\t<a class=\"buttonCall\" href=\"https:\/\/whatsapp.com\/channel\/0029Vb68mVyHVvTWezDm7d0R\" target=\"_blank\" rel=\"noopener nofollow\" title=\"Seguici su WhatsApp\"><br \/>\n\t\t\t\tSeguici su WhatsApp<br \/>\n\t\t\t<\/a><\/p>\n","protected":false},"excerpt":{"rendered":"Ultimo appuntamento con Sarabanda Celebrity. Venerd\u00ec 3 luglio, in prima serata su Italia 1, va in onda la&hellip;\n","protected":false},"author":3,"featured_media":570304,"comment_status":"","ping_status":"","sticky":false,"template":"","format":"standard","meta":{"footnotes":"","_share_on_mastodon":"0"},"categories":[1444],"tags":[4829,203,204,1537,90,89,1539,214,253],"class_list":["post-570303","post","type-post","status-publish","format-standard","has-post-thumbnail","category-tv","tag-enrico-papi","tag-entertainment","tag-intrattenimento","tag-it","tag-italia","tag-italy","tag-musica","tag-spettacolo","tag-tv"],"share_on_mastodon":{"url":"https:\/\/pubeurope.com\/@it\/116865856035154867","error":""},"_links":{"self":[{"href":"https:\/\/www.europesays.com\/it\/wp-json\/wp\/v2\/posts\/570303","targetHints":{"allow":["GET"]}}],"collection":[{"href":"https:\/\/www.europesays.com\/it\/wp-json\/wp\/v2\/posts"}],"about":[{"href":"https:\/\/www.europesays.com\/it\/wp-json\/wp\/v2\/types\/post"}],"author":[{"embeddable":true,"href":"https:\/\/www.europesays.com\/it\/wp-json\/wp\/v2\/users\/3"}],"replies":[{"embeddable":true,"href":"https:\/\/www.europesays.com\/it\/wp-json\/wp\/v2\/comments?post=570303"}],"version-history":[{"count":0,"href":"https:\/\/www.europesays.com\/it\/wp-json\/wp\/v2\/posts\/570303\/revisions"}],"wp:featuredmedia":[{"embeddable":true,"href":"https:\/\/www.europesays.com\/it\/wp-json\/wp\/v2\/media\/570304"}],"wp:attachment":[{"href":"https:\/\/www.europesays.com\/it\/wp-json\/wp\/v2\/media?parent=570303"}],"wp:term":[{"taxonomy":"category","embeddable":true,"href":"https:\/\/www.europesays.com\/it\/wp-json\/wp\/v2\/categories?post=570303"},{"taxonomy":"post_tag","embeddable":true,"href":"https:\/\/www.europesays.com\/it\/wp-json\/wp\/v2\/tags?post=570303"}],"curies":[{"name":"wp","href":"https:\/\/api.w.org\/{rel}","templated":true}]}}