{"id":570429,"date":"2026-07-05T08:22:19","date_gmt":"2026-07-05T08:22:19","guid":{"rendered":"https:\/\/www.europesays.com\/it\/570429\/"},"modified":"2026-07-05T08:22:19","modified_gmt":"2026-07-05T08:22:19","slug":"lart-nouveau-week-2026-accende-i-capolavori-della-belle-epoque","status":"publish","type":"post","link":"https:\/\/www.europesays.com\/it\/570429\/","title":{"rendered":"L&#8217;Art Nouveau Week 2026 accende i capolavori della Belle \u00c9poque"},"content":{"rendered":"<p>Dall\u2019<strong>8 al 14 luglio 2026<\/strong> torna l\u2019<strong>Art Nouveau Week<\/strong>, la settimana internazionale dedicata al <strong>patrimonio Liberty e Art Nouveau<\/strong> che, giunta all\u2019ottava edizione, si conferma tra i pi\u00f9 importanti appuntamenti dedicati alla valorizzazione dell\u2019architettura e delle arti decorative tra <strong>Ottocento e Novecento<\/strong>. Quest\u2019anno, coinvolger\u00e0 <strong>oltre 300 citt\u00e0 nel mondo con circa 750 appuntamenti<\/strong> tra visite guidate, mostre, conferenze, workshop, itinerari urbani ed esperienze culturali diffuse.<\/p>\n<p>Dopo le oltre 20.000 presenze registrate nell\u2019edizione 2025, il festival amplia il proprio raggio d\u2019azione, e trasforma citt\u00e0, borghi e localit\u00e0 balneari in un <strong>grande museo diffuso<\/strong> dedicato alla Belle \u00c9poque per raccontare il patrimonio Art Nouveau grazie a un percorso che unisce architettura, arti applicate, storia urbana e paesaggio contribuendo, allo stesso tempo, a promuovere <strong>nuove forme di turismo culturale<\/strong> e a valorizzare anche destinazioni meno conosciute.<\/p>\n<p>L\u2019edizione 2026 assume inoltre un significato particolare grazie al <strong>centenario della scomparsa di Antoni Gaud\u00ed<\/strong> e alle ricorrenze dedicate ad alcuni dei principali protagonisti dell\u2019Art Nouveau europea.\n<\/p>\n<p>Una settimana dedicata al patrimonio Liberty<\/p>\n<p>L\u2019Art Nouveau Week si presenta come un <strong>progetto culturale diffuso<\/strong> che invita il pubblico a rileggere le citt\u00e0 sotto la lente di uno dei linguaggi artistici pi\u00f9 rappresentativi della modernit\u00e0 europea. Ville, palazzi, alberghi storici, teatri, caff\u00e8, edifici pubblici e dettagli decorativi diventano le tappe di un racconto che restituisce valore a un patrimonio spesso poco conosciuto o poco frequentato.<\/p>\n<p>Il festival coinvolge numerosi studiosi, guide specializzate, associazioni culturali e amministrazioni locali con l\u2019intento di promuovere una maggiore consapevolezza dell\u2019<strong>importanza del Liberty <\/strong>come stile architettonico ed espressione di un\u2019epoca caratterizzata da innovazione, sviluppo urbano e fiducia nel progresso.<\/p>\n<p>Tra le novit\u00e0 dell\u2019edizione 2026, il Ministero delle Imprese e del Made in Italy ha dedicato alla manifestazione il <strong>francobollo celebrativo<\/strong> \u201c<strong>L\u2019Art Nouveau in Italia<\/strong>\u201c, inserito nella serie \u201cLe Eccellenze del Patrimonio culturale italiano\u201d.<\/p>\n<p>Il Mare, tema dell\u2019edizione 2026<\/p>\n<p>Il filo conduttore scelto per questa ottava edizione \u00e8 \u201c<strong>Il Mare<\/strong>\u201c, elemento che occupa un ruolo centrale nell\u2019immaginario artistico del Liberty europeo. L\u2019acqua, le onde, la flora e la fauna marina hanno infatti ispirato architetti, decoratori e artisti tra la fine dell\u2019Ottocento e i primi decenni del Novecento, divenendo motivi ricorrenti nelle decorazioni, nelle vetrate, nei ferri battuti e nelle arti applicate.<\/p>\n<p>Il festival intende raccontare il rapporto tra il patrimonio Liberty e lo <strong>sviluppo del turismo balneare<\/strong> che, proprio durante la Belle \u00c9poque, contribu\u00ec alla trasformazione di numerose localit\u00e0 costiere italiane: le nuove stazioni climatiche, gli stabilimenti balneari, gli hotel e le ville affacciate sul mare diventarono simboli di una societ\u00e0 in rapido cambiamento.<\/p>\n<p>Un ricco programma di esperienze immersive<\/p>\n<blockquote class=\"instagram-media\" data-instgrm-captioned=\"\" data-instgrm-permalink=\"https:\/\/www.instagram.com\/p\/DLmh94Hs0jz\/?utm_source=ig_embed&amp;utm_campaign=loading\" data-instgrm-version=\"14\" style=\" background:#FFF; border:0; border-radius:3px; box-shadow:0 0 1px 0 rgba(0,0,0,0.5),0 1px 10px 0 rgba(0,0,0,0.15); margin: 1px; max-width:100%; min-width:326px; padding:0; width:99.375%; width:-webkit-calc(100% - 2px); width:calc(100% - 2px);\"\/>\n<p>Accanto ai tradizionali itinerari guidati, l\u2019Art Nouveau Week propone un <strong>ricco programma di attivit\u00e0<\/strong> pensate per coinvolgere il pubblico in maniera diretta.<\/p>\n<p>Tra gli appuntamenti pi\u00f9 caratteristici troviamo le sessioni di sketching \u201c<strong>Visioni Art Nouveau<\/strong>\u201c, durante le quali i partecipanti potranno cimentarsi nel disegno dal vero delle architetture Liberty, guidati da professionisti.<\/p>\n<p>Nelle localit\u00e0 balneari saranno invece realizzate le \u201c<strong>Sculture Liberty di sabbia<\/strong>\u201c, opere ispirate ai motivi floreali e naturalistici tipici della Belle \u00c9poque, mentre all\u2019Aquila la Sala Baiocco ospiter\u00e0 il <strong>Festival del Cinema Muto<\/strong> con la proiezione di alcuni capolavori della cinematografia delle origini, tra cui \u201cCabiria\u201d, \u201cIl Monello\u201d e \u201cIl Cameramen\u201d.<\/p>\n<p>Il centenario di Antoni Gaud\u00ed e il ricordo dei protagonisti<\/p>\n<p>L\u2019edizione 2026 coincide con il centenario della scomparsa di <strong>Antoni Gaud\u00ed<\/strong>, uno dei massimi interpreti dell\u2019Art Nouveau internazionale, al quale saranno dedicate iniziative specifiche anche a <a href=\"https:\/\/siviaggia.it\/destinazioni\/europa\/spagna\/barcellona\/\" rel=\"nofollow noopener\" target=\"_blank\">Barcellona<\/a>. La ricorrenza offre l\u2019occasione per approfondire il contributo dell\u2019architetto catalano allo sviluppo del modernismo europeo e per rafforzare il dialogo tra le diverse esperienze artistiche nate tra la fine del XIX e l\u2019inizio del XX secolo.<\/p>\n<p>La settimana del festival richiama inoltre la memoria di<strong> altre figure fondamentali del movimento<\/strong>, come Gustav Klimt, Giuseppe Sommaruga e Otto Wagner, le cui ricorrenze anagrafiche coincidono con le date della manifestazione.<\/p>\n<p>Viaggio in Italia alla scoperta del Liberty<\/p>\n<p>In <a href=\"https:\/\/siviaggia.it\/destinazioni\/europa\/italia\/\" rel=\"nofollow noopener\" target=\"_blank\">Italia<\/a>\u00a0l\u2019Art Nouveau Week 2026 vanta un <strong>programma diffuso<\/strong> che coinvolger\u00e0 quasi tutte le regioni con visite guidate, itinerari tematici, conferenze, mostre, esperienze Belle \u00c9poque, sessioni di sketching dal vero e attivit\u00e0 divulgative dedicate alla valorizzazione del patrimonio Liberty locale.<\/p>\n<p>In <a href=\"https:\/\/siviaggia.it\/destinazioni\/europa\/italia\/abruzzo\/\" rel=\"nofollow noopener\" target=\"_blank\">Abruzzo<\/a>, gli appuntamenti si concentreranno tra <strong>L\u2019Aquila<\/strong>, <strong>Pescara<\/strong>, <strong>Sulmona<\/strong>, <strong>Giulianova<\/strong> e <strong>Teramo<\/strong>, dove il pubblico potr\u00e0 approfondire un Liberty elegante e discreto mediante percorsi dedicati alla Belle \u00c9poque, convegni e iniziative dedicate alla borghesia del primo Novecento, tra cui il Festival del Cinema Muto. In Basilicata,<strong> Matera e Melfi<\/strong> accompagneranno alla scoperta di un modernismo meno conosciuto, legato all\u2019espansione urbana dei primi decenni del Novecento, mentre in Calabria il programma interesser\u00e0 <strong>Reggio Calabria<\/strong>, <strong>Palmi<\/strong> e <strong>Bova Marina<\/strong>, raccontando la ricostruzione successiva al terremoto del 1908 tra villini, lungomari e architetture dal carattere mediterraneo.<\/p>\n<p>Il rapporto tra il Liberty e il paesaggio costiero sar\u00e0 invece protagonista in Campania, dove <a href=\"https:\/\/siviaggia.it\/destinazioni\/europa\/italia\/napoli\/\" rel=\"nofollow noopener\" target=\"_blank\">Napoli<\/a>, <strong>Bacoli<\/strong>, <strong>Salerno<\/strong> e <strong>Aversa<\/strong> proporranno itinerari tra ville, quartieri borghesi e architetture affacciate sul mare, cos\u00ec come in <strong>Emilia-Romagna<\/strong>, dove la Riviera e le citt\u00e0 dell\u2019entroterra metteranno in risalto il patrimonio legato al turismo balneare, alle ville storiche e alle citt\u00e0 giardino.<\/p>\n<p>La <a href=\"https:\/\/siviaggia.it\/destinazioni\/europa\/italia\/liguria\/\" rel=\"nofollow noopener\" target=\"_blank\">Liguria<\/a> valorizzer\u00e0 il Liberty della Riviera con percorsi tra <strong>Sanremo<\/strong>, <strong>Genova<\/strong>, <strong>Savona<\/strong> e <strong>Altare<\/strong>, con particolare attenzione alle ville costiere e all\u2019arte vetraria, mentre in Puglia <strong>Bari<\/strong>, <strong>Lecce<\/strong>, <strong>Taranto<\/strong> e<strong> Brindisi<\/strong> offriranno itinerari dedicati al Liberty mediterraneo e alle architetture sorte lungo la costa adriatica.<\/p>\n<p>Il programma interesser\u00e0 anche le grandi citt\u00e0 del Nord Italia. In Friuli Venezia Giulia saranno protagoniste <strong>Trieste<\/strong>, <strong>Udine<\/strong>, <strong>Gorizia<\/strong> e <strong>Pordenone<\/strong> con percorsi dedicati all\u2019architettura modernista dell\u2019area mitteleuropea. Nel Lazio, <a href=\"https:\/\/siviaggia.it\/destinazioni\/europa\/italia\/roma\/\" rel=\"nofollow noopener\" target=\"_blank\">Roma<\/a>, <strong>Fregene<\/strong> e <strong>Santa Marinella<\/strong> racconteranno il Liberty della Capitale con villini, architetture monumentali e percorsi nei cimiteri storici.<\/p>\n<p>La <a href=\"https:\/\/siviaggia.it\/destinazioni\/europa\/italia\/toscana\/\" rel=\"nofollow noopener\" target=\"_blank\">Toscana<\/a> proporr\u00e0 iniziative tra<strong> Firenze<\/strong>, <strong>Viareggio<\/strong>, <strong>Livorno<\/strong>, <strong>Lucca<\/strong> e <strong>Montecatini Terme<\/strong>, con approfondimenti dedicati al restauro, alle mostre e all\u2019eredit\u00e0 artistica di Galileo Chini, mentre il Veneto coinvolger\u00e0 <strong>Venezia<\/strong>, <strong>Treviso<\/strong>, <strong>Padova<\/strong> e <strong>Verona<\/strong> con appuntamenti dedicati all\u2019architettura urbana, alla pubblicit\u00e0 d\u2019epoca e al legame tra turismo e Belle \u00c9poque.<\/p>\n<p>Il viaggio proseguir\u00e0 anche nelle isole maggiori: in <a href=\"https:\/\/siviaggia.it\/destinazioni\/europa\/italia\/sicilia\/\" rel=\"nofollow noopener\" target=\"_blank\">Sicilia<\/a> il festival interesser\u00e0 <strong>Palermo<\/strong>, <strong>Catania<\/strong>, <strong>Messina<\/strong>, <strong>Siracusa<\/strong> e <strong>Taormina<\/strong> con uno dei programmi pi\u00f9 articolati dell\u2019edizione, tra grandi tour, convegni e percorsi dedicati all\u2019eleganza dell\u2019architettura Liberty. In Sardegna, invece, <strong>Cagliari<\/strong>, <strong>Alghero<\/strong>, <strong>Sassari<\/strong> e <strong>Arborea<\/strong> racconteranno il volto dell\u2019isola tra ville affacciate sul mare, edifici borghesi e itinerari artistici.<\/p>\n<p>Spazio anche ai territori dell\u2019entroterra e dell\u2019arco alpino. Il <a href=\"https:\/\/siviaggia.it\/destinazioni\/europa\/italia\/trentino-alto-adige\/\" rel=\"nofollow noopener\" target=\"_blank\">Trentino-Alto Adige<\/a> valorizzer\u00e0 la Belle \u00c9poque delle localit\u00e0 di villeggiatura con appuntamenti tra<strong> Bolzano<\/strong>, <strong>Merano<\/strong>, <strong>Renon<\/strong> e <strong>Castelrotto<\/strong>, mentre l\u2019Umbria proporr\u00e0 percorsi a <strong>Perugia<\/strong>,<strong> Spoleto<\/strong> e <strong>Citt\u00e0 di Castello<\/strong> dedicati alle testimonianze decorative del Liberty.<\/p>\n<p>In Valle d\u2019Aosta, infine, <strong>Aosta<\/strong> e <strong>Gressoney-Saint-Jean<\/strong> offriranno itinerari al cospetto di castelli, architetture floreali e paesaggi alpini, a dimostrazione di come il movimento abbia lasciato tracce significative anche nei territori di montagna.<\/p>\n<p>\t<script async src=\"\/\/www.instagram.com\/embed.js\"><\/script><\/p>\n","protected":false},"excerpt":{"rendered":"Dall\u20198 al 14 luglio 2026 torna l\u2019Art Nouveau Week, la settimana internazionale dedicata al patrimonio Liberty e Art&hellip;\n","protected":false},"author":3,"featured_media":570430,"comment_status":"","ping_status":"","sticky":false,"template":"","format":"standard","meta":{"footnotes":"","_share_on_mastodon":"0"},"categories":[174],"tags":[291694,203,204,1537,90,89,5857,32620,15],"class_list":["post-570429","post","type-post","status-publish","format-standard","has-post-thumbnail","category-intrattenimento","tag-cosa-fare-a-luglio","tag-entertainment","tag-intrattenimento","tag-it","tag-italia","tag-italy","tag-itinerari-culturali","tag-luxury","tag-notizie"],"share_on_mastodon":{"url":"https:\/\/pubeurope.com\/@it\/116866406543471836","error":""},"_links":{"self":[{"href":"https:\/\/www.europesays.com\/it\/wp-json\/wp\/v2\/posts\/570429","targetHints":{"allow":["GET"]}}],"collection":[{"href":"https:\/\/www.europesays.com\/it\/wp-json\/wp\/v2\/posts"}],"about":[{"href":"https:\/\/www.europesays.com\/it\/wp-json\/wp\/v2\/types\/post"}],"author":[{"embeddable":true,"href":"https:\/\/www.europesays.com\/it\/wp-json\/wp\/v2\/users\/3"}],"replies":[{"embeddable":true,"href":"https:\/\/www.europesays.com\/it\/wp-json\/wp\/v2\/comments?post=570429"}],"version-history":[{"count":0,"href":"https:\/\/www.europesays.com\/it\/wp-json\/wp\/v2\/posts\/570429\/revisions"}],"wp:featuredmedia":[{"embeddable":true,"href":"https:\/\/www.europesays.com\/it\/wp-json\/wp\/v2\/media\/570430"}],"wp:attachment":[{"href":"https:\/\/www.europesays.com\/it\/wp-json\/wp\/v2\/media?parent=570429"}],"wp:term":[{"taxonomy":"category","embeddable":true,"href":"https:\/\/www.europesays.com\/it\/wp-json\/wp\/v2\/categories?post=570429"},{"taxonomy":"post_tag","embeddable":true,"href":"https:\/\/www.europesays.com\/it\/wp-json\/wp\/v2\/tags?post=570429"}],"curies":[{"name":"wp","href":"https:\/\/api.w.org\/{rel}","templated":true}]}}