{"id":570431,"date":"2026-07-05T08:23:16","date_gmt":"2026-07-05T08:23:16","guid":{"rendered":"https:\/\/www.europesays.com\/it\/570431\/"},"modified":"2026-07-05T08:23:16","modified_gmt":"2026-07-05T08:23:16","slug":"uniqlo-saldi-estivi-2026-10-capi-leggeri-e-di-tendenza-da-comprare-prima-delle-vacanze","status":"publish","type":"post","link":"https:\/\/www.europesays.com\/it\/570431\/","title":{"rendered":"Uniqlo saldi estivi 2026: 10 capi leggeri (e di tendenza) da comprare prima delle vacanze"},"content":{"rendered":"<p>Uniqlo saldi estivi 2026, la selezione dei must-have da aggiungere al guardaroba (e alla valigia del prossimo viaggio)<\/p>\n<p>Luglio segna ufficialmente l&#8217;inizio di una delle stagioni shopping pi\u00f9 attese dell&#8217;anno. Ma se i saldi estivi sono spesso l&#8217;occasione per lasciarsi tentare da acquisti impulsivi, c&#8217;\u00e8 un brand tra gli \u201cessentials\u201d che, stagione dopo stagione, continua a distinguersi per un approccio completamente diverso al guardaroba da tutti i giorni: Uniqlo.<\/p>\n<p>Quando si parla di essenziali ben fatti, tessuti piacevoli da indossare e capi destinati a rimanere nell&#8217;armadio ben oltre una sola estate, il marchio giapponese rimane uno dei punti di riferimento pi\u00f9 interessanti. Ed \u00e8 forse proprio questo il momento migliore per investire in quei pezzi che, puntualmente, finiscono per risolvere i look di tutti i giorni: dalle camicie di lino alle t-shirt basic bianche &#8211; a maniche lunghe o corte che sia &#8211; passando per pantaloni ampi e morbidi con coulisse in vita, jeans dal fit impeccabile (come per il modello realizzato in collaborazione con JW Anderson) e pigiami coordinati in cotone, da indossare non soltanto a casa ma anche per uscire.<\/p>\n<p>Uniqlo saldi estivi 2026, cosa aggiungere al carrello?<\/p>\n<p>Dal 4 luglio, online e in tutti gli store, prendono infatti il via i saldi estivi di Uniqlo, un&#8217;occasione perfetta per puntare su quei capi versatili e senza tempo che riescono a funzionare tanto in citt\u00e0 quanto in valigia. Se c&#8217;\u00e8 una cosa che Uniqlo continua a fare particolarmente bene, infatti, \u00e8 costruire un guardaroba contemporaneo fatto di pezzi semplici, ma calibrati alla perfezione. Silhouette pulite, palette facili da abbinare e un&#8217;attenzione particolare ai materiali rendono ogni acquisto sorprendentemente trasversale: sono quei capi che si comprano per una vacanza e che poi ci si ritrova a indossare per mesi.<\/p>\n<p>Proprio per questo abbiamo selezionato i migliori capi da aggiungere al carrello in occasione dei saldi estivi 2026: dai pantaloni fluidi ai romantici top in cotone arricciati, passando per le camicie a righe in tessuti leggeri e mini abiti estivi, cardigan leggeri e gli iconici jeans qui troverai gli essentials estivi su cui, secondo la redazione, vale la pena investire in vista delle partenze e dei prossimi viaggi.<\/p>\n","protected":false},"excerpt":{"rendered":"Uniqlo saldi estivi 2026, la selezione dei must-have da aggiungere al guardaroba (e alla valigia del prossimo viaggio)&hellip;\n","protected":false},"author":3,"featured_media":570432,"comment_status":"","ping_status":"","sticky":false,"template":"","format":"standard","meta":{"footnotes":"","_share_on_mastodon":"0"},"categories":[173],"tags":[1537,90,89,3112,39213,296960,195,198,199,197,200,201,5140,194,196,216810],"class_list":["post-570431","post","type-post","status-publish","format-standard","has-post-thumbnail","category-scienza-e-tecnologia","tag-it","tag-italia","tag-italy","tag-moda","tag-saldi","tag-saldi-estivi","tag-science","tag-science-and-technology","tag-scienceandtechnology","tag-scienza","tag-scienza-e-tecnologia","tag-scienzaetecnologia","tag-shopping","tag-technology","tag-tecnologia","tag-uniqlo"],"share_on_mastodon":{"url":"https:\/\/pubeurope.com\/@it\/116866410537126304","error":""},"_links":{"self":[{"href":"https:\/\/www.europesays.com\/it\/wp-json\/wp\/v2\/posts\/570431","targetHints":{"allow":["GET"]}}],"collection":[{"href":"https:\/\/www.europesays.com\/it\/wp-json\/wp\/v2\/posts"}],"about":[{"href":"https:\/\/www.europesays.com\/it\/wp-json\/wp\/v2\/types\/post"}],"author":[{"embeddable":true,"href":"https:\/\/www.europesays.com\/it\/wp-json\/wp\/v2\/users\/3"}],"replies":[{"embeddable":true,"href":"https:\/\/www.europesays.com\/it\/wp-json\/wp\/v2\/comments?post=570431"}],"version-history":[{"count":0,"href":"https:\/\/www.europesays.com\/it\/wp-json\/wp\/v2\/posts\/570431\/revisions"}],"wp:featuredmedia":[{"embeddable":true,"href":"https:\/\/www.europesays.com\/it\/wp-json\/wp\/v2\/media\/570432"}],"wp:attachment":[{"href":"https:\/\/www.europesays.com\/it\/wp-json\/wp\/v2\/media?parent=570431"}],"wp:term":[{"taxonomy":"category","embeddable":true,"href":"https:\/\/www.europesays.com\/it\/wp-json\/wp\/v2\/categories?post=570431"},{"taxonomy":"post_tag","embeddable":true,"href":"https:\/\/www.europesays.com\/it\/wp-json\/wp\/v2\/tags?post=570431"}],"curies":[{"name":"wp","href":"https:\/\/api.w.org\/{rel}","templated":true}]}}