{"id":570606,"date":"2026-07-05T10:56:15","date_gmt":"2026-07-05T10:56:15","guid":{"rendered":"https:\/\/www.europesays.com\/it\/570606\/"},"modified":"2026-07-05T10:56:15","modified_gmt":"2026-07-05T10:56:15","slug":"garlasco-angela-taccia-andrea-sempio-regge-le-cattiverie-la-mamma-e-provata-ha-incontrato-fabrizio-corona","status":"publish","type":"post","link":"https:\/\/www.europesays.com\/it\/570606\/","title":{"rendered":"Garlasco, Angela Taccia: \u00abAndrea Sempio regge le cattiverie, la mamma \u00e8 provata. Ha incontrato Fabrizio Corona\u00bb"},"content":{"rendered":"<p>\u00ab\u00c8 rassegnato perch\u00e9 sa che le autorit\u00e0 devono fare il proprio lavoro, ed \u00e8 perplesso per le troppe continue cattiverie e stupidit\u00e0\u00bb. Cos\u00ec, <strong>ricordandone per\u00f2 anche \u00abla profonda forza di spirito\u00bb, l&#8217;avvocato Angela Taccia, componente del pool difensivo, parla di Andrea Sempio, il 38enne indagato per il caso <a href=\"https:\/\/www.ilmattino.it\/t\/garlasco\" rel=\"nofollow noopener\" target=\"_blank\">Garlasco<\/a><\/strong>. Lo ha fatto oggi a <a href=\"https:\/\/www.ilmattino.it\/t\/casale-monferrato\" rel=\"nofollow noopener\" target=\"_blank\">Casale Monferrato<\/a> (<a href=\"https:\/\/www.ilmattino.it\/t\/alessandria\" rel=\"nofollow noopener\" target=\"_blank\">Alessandria<\/a>) durante un incontro organizzato al Castello da Nero Crime e Arte Criminologica.<\/p>\n","protected":false},"excerpt":{"rendered":"\u00ab\u00c8 rassegnato perch\u00e9 sa che le autorit\u00e0 devono fare il proprio lavoro, ed \u00e8 perplesso per le troppe&hellip;\n","protected":false},"author":3,"featured_media":570607,"comment_status":"","ping_status":"","sticky":false,"template":"","format":"standard","meta":{"footnotes":"","_share_on_mastodon":"0"},"categories":[1451],"tags":[30427,11083,101097,13445,1621,1620,203,375,146271,6057,204,1537,90,89,11915],"class_list":["post-570606","post","type-post","status-publish","format-standard","has-post-thumbnail","category-celebrita","tag-alessandria","tag-andrea-sempio","tag-angela-taccia","tag-casale-monferrato","tag-celebrita","tag-celebrities","tag-entertainment","tag-fabrizio-corona","tag-gandhi","tag-garlasco","tag-intrattenimento","tag-it","tag-italia","tag-italy","tag-vigevano"],"share_on_mastodon":{"url":"https:\/\/pubeurope.com\/@it\/116867012371028606","error":""},"_links":{"self":[{"href":"https:\/\/www.europesays.com\/it\/wp-json\/wp\/v2\/posts\/570606","targetHints":{"allow":["GET"]}}],"collection":[{"href":"https:\/\/www.europesays.com\/it\/wp-json\/wp\/v2\/posts"}],"about":[{"href":"https:\/\/www.europesays.com\/it\/wp-json\/wp\/v2\/types\/post"}],"author":[{"embeddable":true,"href":"https:\/\/www.europesays.com\/it\/wp-json\/wp\/v2\/users\/3"}],"replies":[{"embeddable":true,"href":"https:\/\/www.europesays.com\/it\/wp-json\/wp\/v2\/comments?post=570606"}],"version-history":[{"count":0,"href":"https:\/\/www.europesays.com\/it\/wp-json\/wp\/v2\/posts\/570606\/revisions"}],"wp:featuredmedia":[{"embeddable":true,"href":"https:\/\/www.europesays.com\/it\/wp-json\/wp\/v2\/media\/570607"}],"wp:attachment":[{"href":"https:\/\/www.europesays.com\/it\/wp-json\/wp\/v2\/media?parent=570606"}],"wp:term":[{"taxonomy":"category","embeddable":true,"href":"https:\/\/www.europesays.com\/it\/wp-json\/wp\/v2\/categories?post=570606"},{"taxonomy":"post_tag","embeddable":true,"href":"https:\/\/www.europesays.com\/it\/wp-json\/wp\/v2\/tags?post=570606"}],"curies":[{"name":"wp","href":"https:\/\/api.w.org\/{rel}","templated":true}]}}