{"id":570641,"date":"2026-07-05T11:23:12","date_gmt":"2026-07-05T11:23:12","guid":{"rendered":"https:\/\/www.europesays.com\/it\/570641\/"},"modified":"2026-07-05T11:23:12","modified_gmt":"2026-07-05T11:23:12","slug":"eros-ramazzotti-la-dedica-alla-figlia-aurora-e-a-goffredo-cerza-per-il-loro-matrimonio-siete-un-miracolo-in-questepoca-allo-sbando-dove-tutto-sta-diventando-futile","status":"publish","type":"post","link":"https:\/\/www.europesays.com\/it\/570641\/","title":{"rendered":"Eros Ramazzotti, la dedica alla figlia Aurora e a Goffredo Cerza per il loro matrimonio: \u00abSiete un miracolo, in quest&#8217;epoca allo sbando dove tutto sta diventando futile\u00bb"},"content":{"rendered":"<p>Il cantante, elegantissimo in smoking ieri, prima del matrimonio aveva dedicato un pensiero a figlia e genero sui social: \u00abVedere due ragazzi felici, empatici e innamorati, \u00e8 un miracolo. Io vi dico, non cambiate mai ma miglioratevi e portate solo amore nel mondo\u00bb.<\/p>\n<p class=\"chapter-paragraph\"><b>Per Auri e Goffo<\/b> (cos\u00ec inizia la dedica di Ramazzotti sui social):\u00a0<br \/>\u00abIn un&#8217;epoca allo sbando con sempre pi\u00f9 poca umanit\u00e0, in questa realt\u00e0 dove ci si perde tutto e dove tutto sta diventando futile<b>, vedere due ragazzi felici, empatici e innamorati, \u00e8 un miracolo<\/b>. Io vi dico, non cambiate mai ma miglioratevi e portate solo amore nel mondo\u00bb. Firmato pap\u00e0.\u00a0\u00a0    &#13;<br \/>\n&#13;<br \/>\n&#13;<br \/>\n&#13;<br \/>\n&#13;<br \/>\n&#13;<br \/>\n&#13;<br \/>\n&#13;<br \/>\n&#13;<br \/>\n&#13;<br \/>\n&#13;<br \/>\n&#13;<br \/>\n&#13;<br \/>\n&#13;<br \/>\n&#13;<br \/>\n&#13;<br \/>\n&#13;<br \/>\n&#13;<br \/>\n&#13;<br \/>\n&#13;<br \/>\n&#13;<br \/>\n&#13;<br \/>\n&#13;<br \/>\n&#13;<br \/>\n&#13;<br \/>\n&#13;<br \/>\n&#13;<br \/>\n&#13;<br \/>\n&#13;<br \/>\n&#13;<br \/>\n&#13;<br \/>\n&#13;<br \/>\n&#13;<br \/>\n&#13;<br \/>\n&#13;<br \/>\n&#13;<br \/>\n&#13;<br \/>\n&#13;<br \/>\n&#13;<br \/>\n&#13;<br \/>\n&#13;<br \/>\n&#13;<br \/>\n&#13;<br \/>\n&#13;<br \/>\n&#13;<br \/>\n&#13;<br \/>\n&#13;<br \/>\n&#13;<br \/>\n&#13;<br \/>\n&#13;<br \/>\n&#13;<br \/>\n&#13;<br \/>\n&#13;\n<\/p>\n<p class=\"is-last-update\" datetime=\"2026-07-05T10:59:11+02:00\">5 luglio 2026<\/p>\n<p class=\"is-copyright\">\n            \u00a9 RIPRODUZIONE RISERVATA\n        <\/p>\n","protected":false},"excerpt":{"rendered":"Il cantante, elegantissimo in smoking ieri, prima del matrimonio aveva dedicato un pensiero a figlia e genero sui&hellip;\n","protected":false},"author":3,"featured_media":570642,"comment_status":"","ping_status":"","sticky":false,"template":"","format":"standard","meta":{"footnotes":"","_share_on_mastodon":"0"},"categories":[1451],"tags":[87,6178,41326,314480,314481,1621,1620,818,9440,3876,314482,203,3384,204,1537,90,89,19769,15056,1686],"class_list":["post-570641","post","type-post","status-publish","format-standard","has-post-thumbnail","category-celebrita","tag-amore","tag-aurora","tag-cambiate","tag-cambiate-miglioratevi","tag-cambiate-miglioratevi-portate","tag-celebrita","tag-celebrities","tag-cerimonia","tag-dedica","tag-dico","tag-dico-cambiate","tag-entertainment","tag-figlia","tag-intrattenimento","tag-it","tag-italia","tag-italy","tag-miracolo","tag-ramazzotti","tag-social"],"share_on_mastodon":{"url":"https:\/\/pubeurope.com\/@it\/116867118251375286","error":""},"_links":{"self":[{"href":"https:\/\/www.europesays.com\/it\/wp-json\/wp\/v2\/posts\/570641","targetHints":{"allow":["GET"]}}],"collection":[{"href":"https:\/\/www.europesays.com\/it\/wp-json\/wp\/v2\/posts"}],"about":[{"href":"https:\/\/www.europesays.com\/it\/wp-json\/wp\/v2\/types\/post"}],"author":[{"embeddable":true,"href":"https:\/\/www.europesays.com\/it\/wp-json\/wp\/v2\/users\/3"}],"replies":[{"embeddable":true,"href":"https:\/\/www.europesays.com\/it\/wp-json\/wp\/v2\/comments?post=570641"}],"version-history":[{"count":0,"href":"https:\/\/www.europesays.com\/it\/wp-json\/wp\/v2\/posts\/570641\/revisions"}],"wp:featuredmedia":[{"embeddable":true,"href":"https:\/\/www.europesays.com\/it\/wp-json\/wp\/v2\/media\/570642"}],"wp:attachment":[{"href":"https:\/\/www.europesays.com\/it\/wp-json\/wp\/v2\/media?parent=570641"}],"wp:term":[{"taxonomy":"category","embeddable":true,"href":"https:\/\/www.europesays.com\/it\/wp-json\/wp\/v2\/categories?post=570641"},{"taxonomy":"post_tag","embeddable":true,"href":"https:\/\/www.europesays.com\/it\/wp-json\/wp\/v2\/tags?post=570641"}],"curies":[{"name":"wp","href":"https:\/\/api.w.org\/{rel}","templated":true}]}}