{"id":570802,"date":"2026-07-05T13:33:14","date_gmt":"2026-07-05T13:33:14","guid":{"rendered":"https:\/\/www.europesays.com\/it\/570802\/"},"modified":"2026-07-05T13:33:14","modified_gmt":"2026-07-05T13:33:14","slug":"tour-de-france-live-oggi-la-seconda-tappa-da-tarragona-a-barcellona-la-diretta","status":"publish","type":"post","link":"https:\/\/www.europesays.com\/it\/570802\/","title":{"rendered":"Tour de France LIVE: oggi la seconda tappa da Tarragona a Barcellona | La diretta"},"content":{"rendered":"<p>                chi sono i tre fuggitivi\u00a0\u2014 \u00a0<\/p>\n<p class=\"paragraph\">Frank van den Broek (Picnic PostNL) \u00e8 l&#8217;unico membro della fuga ad aver gi\u00e0 partecipato al Tour de France, che ora corre per il terzo anno consecutivo. Il suo palmar\u00e8s include vittorie al Ronde de l&#8217;Oise del 2023 e al Giro di Turchia del 2024, oltre a vittorie di tappa in Turchia e al Giro del Lago Qinghai. L&#8217;olandese \u00e8 arrivato secondo due volte al Tour de France: a Rimini (2024, dietro al compagno di squadra Romain Bardet, che aiut\u00f2 a conquistare la Maglia Gialla) e a Pontarlier (2025, dietro a Kaden Groves). Felix Engelhardt (Jayco AlUla) debutta al Tour de France da campione tedesco su strada, titolo conquistato sette giorni fa. Alex Molenaar (Caja Rural-Seguros RGA) ha vinto il Giro di Romania del 2019, oltre a tappe al Giro del Lago Qinghai del 2019 e al Giro di Langkawi del 2022. Tra i suoi successi pi\u00f9 recenti figurano un piazzamento sul podio al Grand Prix La Marsigliese (3\u00b0 posto) a febbraio, seguito da un secondo posto al Tour du Finist\u00e8re a met\u00e0 maggio.<\/p>\n","protected":false},"excerpt":{"rendered":"chi sono i tre fuggitivi\u00a0\u2014 \u00a0 Frank van den Broek (Picnic PostNL) \u00e8 l&#8217;unico membro della fuga ad&hellip;\n","protected":false},"author":3,"featured_media":570803,"comment_status":"","ping_status":"","sticky":false,"template":"","format":"standard","meta":{"footnotes":"","_share_on_mastodon":"0"},"categories":[1456],"tags":[351,314519,1824,1825,5631,1537,90,89,3530,2521,70849,245,244,2218],"class_list":["post-570802","post","type-post","status-publish","format-standard","has-post-thumbnail","category-ciclismo","tag-barcellona","tag-barcellona-comando","tag-ciclismo","tag-cycling","tag-diretta","tag-it","tag-italia","tag-italy","tag-partire","tag-seconda","tag-seconda-tappa","tag-sport","tag-sports","tag-tappa"],"share_on_mastodon":{"url":"","error":""},"_links":{"self":[{"href":"https:\/\/www.europesays.com\/it\/wp-json\/wp\/v2\/posts\/570802","targetHints":{"allow":["GET"]}}],"collection":[{"href":"https:\/\/www.europesays.com\/it\/wp-json\/wp\/v2\/posts"}],"about":[{"href":"https:\/\/www.europesays.com\/it\/wp-json\/wp\/v2\/types\/post"}],"author":[{"embeddable":true,"href":"https:\/\/www.europesays.com\/it\/wp-json\/wp\/v2\/users\/3"}],"replies":[{"embeddable":true,"href":"https:\/\/www.europesays.com\/it\/wp-json\/wp\/v2\/comments?post=570802"}],"version-history":[{"count":0,"href":"https:\/\/www.europesays.com\/it\/wp-json\/wp\/v2\/posts\/570802\/revisions"}],"wp:featuredmedia":[{"embeddable":true,"href":"https:\/\/www.europesays.com\/it\/wp-json\/wp\/v2\/media\/570803"}],"wp:attachment":[{"href":"https:\/\/www.europesays.com\/it\/wp-json\/wp\/v2\/media?parent=570802"}],"wp:term":[{"taxonomy":"category","embeddable":true,"href":"https:\/\/www.europesays.com\/it\/wp-json\/wp\/v2\/categories?post=570802"},{"taxonomy":"post_tag","embeddable":true,"href":"https:\/\/www.europesays.com\/it\/wp-json\/wp\/v2\/tags?post=570802"}],"curies":[{"name":"wp","href":"https:\/\/api.w.org\/{rel}","templated":true}]}}