{"id":570804,"date":"2026-07-05T13:37:14","date_gmt":"2026-07-05T13:37:14","guid":{"rendered":"https:\/\/www.europesays.com\/it\/570804\/"},"modified":"2026-07-05T13:37:14","modified_gmt":"2026-07-05T13:37:14","slug":"calciomercato-2026-ultime-news-di-oggi-in-diretta-live-26","status":"publish","type":"post","link":"https:\/\/www.europesays.com\/it\/570804\/","title":{"rendered":"Calciomercato 2026, ultime news di oggi in diretta live"},"content":{"rendered":"<p>\\n  <\/p>\n<li><a href=\"\\&quot;https:\/\/sport.sky.it\/calciomercato\/calciomercato-2026-acquisti-ufficiali-estero-estate\\&quot;\" data-intcmp=\"\\&quot;skysport_liveblog_interlink_text\\&quot;\">Inter, ufficiale la cessione di Dumfries al Real Madrid\u00a0<\/a><\/li>\n<p>\\n  <\/p>\n<li><a href=\"\\&quot;https:\/\/sport.sky.it\/calciomercato\/video\/2026\/07\/04\/galliani-intervista-milan-ramos-video-1109674\\&quot;\" data-intcmp=\"\\&quot;skysport_liveblog_interlink_text\\&quot;\">Galliani promuove Gon\u00e7alo Ramos: \u201cDopo anni il centravanti giusto per il Milan\u201d. VIDEO<\/a><\/li>\n<p>\\n  <\/p>\n<li><a href=\"\\&quot;https:\/\/sport.sky.it\/calciomercato\/2026\/07\/04\/calciomercato-como-liberali-chalobah-news\\&quot;\" data-intcmp=\"\\&quot;skysport_liveblog_interlink_text\\&quot;\">Calciomercato Como, Ludi: \\&#8221;Siamo abbastanza avanti per Liberali\\&#8221;<\/a><\/li>\n<p>\\n  <\/p>\n<li><a href=\"\\&quot;https:\/\/sport.sky.it\/calciomercato\/2026\/07\/04\/roma-greenwood-atletico-madrid-calciomercato-news\\&quot;\" data-intcmp=\"\\&quot;skysport_liveblog_interlink_text\\&quot;\">Greenwood, non solo la Roma: piace anche all&#8217;Atletico Madrid<\/a><\/li>\n<p>\\n  <\/p>\n<li><a href=\"\\&quot;https:\/\/sport.sky.it\/calciomercato\/allenatori-serie-a-2026-2027-situazione-panchine-squadre\\&quot;\" data-intcmp=\"\\&quot;skysport_liveblog_interlink_text\\&quot;\">Tutti gli allenatori ufficiali in Serie A<\/a><\/li>\n<p>\\n  <\/p>\n<li><a href=\"\\&quot;https:\/\/sport.sky.it\/calciomercato\/tabellone\\&quot;\" data-intcmp=\"\\&quot;skysport_liveblog_interlink_text\\&quot;\">Tabellone mercato Serie A<\/a><\/li>\n<p>\\n  <\/p>\n<li><a href=\"\\&quot;https:\/\/sport.sky.it\/calciomercato\/calciomercato-serie-a-estate-2026-acquisti-ufficiali\\&quot;\" data-intcmp=\"\\&quot;skysport_liveblog_interlink_text\\&quot;\">Serie A, gli acquisti ufficiali<\/a><\/li>\n<p>\\n  <\/p>\n<li><a href=\"\\&quot;https:\/\/sport.sky.it\/calciomercato\/calciomercato-serie-b-estate-2026-acquisti-ufficiali#00\\&quot;\" data-intcmp=\"\\&quot;skysport_liveblog_interlink_text\\&quot;\">Le trattative concluse in Serie B<\/a><\/li>\n<p>\\n  <\/p>\n<li><a href=\"\\&quot;https:\/\/sport.sky.it\/calciomercato\/calciomercato-2026-acquisti-ufficiali-estero-estate\\&quot;\" data-intcmp=\"\\&quot;skysport_liveblog_interlink_text\\&quot;\">Tutti i colpi di mercato all&#8217;estero<\/a><\/li>\n<p>\\n  <\/p>\n<li><a href=\"\\&quot;https:\/\/sport.sky.it\/calciomercato\/giocatori-svincolati-calciomercato\\&quot;\" data-intcmp=\"\\&quot;skysport_liveblog_interlink_text\\&quot;\">I giocatori svincolati a fine giugno<\/a><\/li>\n<p>\\n&#8221;,&#8221;postId&#8221;:&#8221;2a7598f8-74f6-4cf7-9deb-51776722db97&#8243;,&#8221;postLink&#8221;:{&#8220;title&#8221;:&#8221;&#8221;,&#8221;url&#8221;:&#8221;&#8221;,&#8221;imageSrc&#8221;:&#8221;&#8221;}}],&#8221;posts&#8221;:[{&#8220;timestamp&#8221;:&#8221;2026-07-05T13:10:00.000Z&#8221;,&#8221;timestampUtcIt&#8221;:&#8221;2026-07-05T15:10:00+0200&#8243;,&#8221;altBackground&#8221;:false,&#8221;title&#8221;:&#8221;Il Bari riparte da Massimo Rastelli&#8221;,&#8221;content&#8221;:&#8221;<\/p>\n<p>Il <strong>Bari<\/strong>\u00a0riparte da Massimo <strong>Rastelli<\/strong>.\u00a0\u00c8 lui il nuovo allenatore dei pugliesi per la prossima stagione in Serie C. <strong>Contratto annuale fino al 30 giugno 2027 con opzione di prolungamento<\/strong> in caso di promozione in Serie B.<\/p>\n<p>&#8220;,&#8221;postId&#8221;:&#8221;61e3d801-d1a6-4041-91c5-3b8ee6aec998&#8243;,&#8221;postLink&#8221;:{&#8220;title&#8221;:&#8221;&#8221;,&#8221;url&#8221;:&#8221;&#8221;,&#8221;imageSrc&#8221;:&#8221;&#8221;}},{&#8220;timestamp&#8221;:&#8221;2026-07-05T12:40:00.276Z&#8221;,&#8221;timestampUtcIt&#8221;:&#8221;2026-07-05T14:40:00+0200&#8243;,&#8221;video&#8221;:{&#8220;videoId&#8221;:&#8221;1109728&#8243;,&#8221;videoPageUrl&#8221;:&#8221;https:\/\/video.sky.it\/sport\/calciomercato\/serie-a\/video\/gill-torino-calciomercato-news-1109728&#8243;},&#8221;altBackground&#8221;:true,&#8221;title&#8221;:&#8221;Torino, primi contatti per Gill del San Lorenzo&#8221;,&#8221;content&#8221;:&#8221;<\/p>\n<p>Per la porta continuano i contatti per Orlando <strong>Gill<\/strong>. Per il portiere paraguaiano la concorrenza \u00e8 molto forte e la richiesta del <strong>SAN<\/strong> <strong>LORENZO<\/strong>\u00a0si sta alzando rispetto ai 6 milioni pre-Mondiale.<\/p>\n<p>&#8220;,&#8221;postId&#8221;:&#8221;b59bf69f-fe79-43ea-8ca2-29ea61ed1d81&#8243;,&#8221;postLink&#8221;:{&#8220;title&#8221;:&#8221;&#8221;,&#8221;url&#8221;:&#8221;&#8221;,&#8221;imageSrc&#8221;:&#8221;&#8221;}},{&#8220;timestamp&#8221;:&#8221;2026-07-05T12:10:00.485Z&#8221;,&#8221;timestampUtcIt&#8221;:&#8221;2026-07-05T14:10:00+0200&#8243;,&#8221;video&#8221;:{&#8220;videoId&#8221;:&#8221;1109729&#8243;,&#8221;videoPageUrl&#8221;:&#8221;https:\/\/video.sky.it\/sport\/calciomercato\/serie-a\/video\/vicario-juve-calciomercato-news-1109729&#8243;},&#8221;altBackground&#8221;:true,&#8221;title&#8221;:&#8221;Juventus, per la porta sempre in pole Vicario&#8221;,&#8221;content&#8221;:&#8221;<\/p>\n<p>Il nome per la porta della Juventus \u00e8 sempre quello di <strong>Guglielmo Vicario<\/strong> del <strong>Totthenam<\/strong>. Sullo sfondo anche <strong>Suzuki <\/strong>del <strong>Parma<\/strong> ma su di lui \u00e8 forte l&#8217;interesse della Premier.<\/p>\n<p>&#8220;,&#8221;postId&#8221;:&#8221;2861b465-03aa-4af9-8111-b0be9cd0f661&#8243;,&#8221;postLink&#8221;:{&#8220;title&#8221;:&#8221;&#8221;,&#8221;url&#8221;:&#8221;&#8221;,&#8221;imageSrc&#8221;:&#8221;&#8221;}},{&#8220;timestamp&#8221;:&#8221;2026-07-05T11:40:00.000Z&#8221;,&#8221;timestampUtcIt&#8221;:&#8221;2026-07-05T13:40:00+0200&#8243;,&#8221;altBackground&#8221;:false,&#8221;title&#8221;:&#8221;Como, pronta una nuova offerta per Chalobah&#8221;,&#8221;content&#8221;:&#8221;<\/p>\n<p>All&#8217;inizio della prossima settimana il Como presenter\u00e0 una nuova offerta al Chelsea da 30 milioni di euro pi\u00f9 5 di bonus per Chalobah, avvicinandosi di fatto alla richiesta di 35 dei Blues. Sul giocatore c&#8217;\u00e8 anche l&#8217;Inter<\/p>\n<p>&#8220;,&#8221;postId&#8221;:&#8221;2c5579ec-8b40-4da8-8879-59027b058d40&#8243;,&#8221;postLink&#8221;:{&#8220;title&#8221;:&#8221;Como, pronta una nuova offerta per Chalobah&#8221;,&#8221;url&#8221;:&#8221;https:\/\/sport.sky.it\/calciomercato\/2026\/07\/04\/como-chalobah-inter-calciomercato-news&#8221;,&#8221;imageSrc&#8221;:&#8221;https:\/\/sport.sky.it\/assets\/images\/55c65003ab119a81a93d62c225e643f3f5402a0d\/skysport\/it\/calcio\/mondiali\/2026\/05\/22\/inghilterra-convocati-mondiali-2026\/chalobah.jpg?im=Resize,width=1218&#8243;}},{&#8220;timestamp&#8221;:&#8221;2026-07-05T11:10:00.000Z&#8221;,&#8221;timestampUtcIt&#8221;:&#8221;2026-07-05T13:10:00+0200&#8243;,&#8221;altBackground&#8221;:false,&#8221;title&#8221;:&#8221;Douglas Costa giocher\u00e0 con Balotelli a Dubai&#8221;,&#8221;content&#8221;:&#8221;<\/p>\n<p>Douglas Costa raggiunge Mario Balotelli a Dubai: \u00e8 un nuovo giocatore dell&#8217;Al-Ittifaq Fc. Si attendeva soltanto l&#8217;ufficialit\u00e0, dopo che la sua esperienza in Serie D al Chievo che \u00e8 stata solo di passaggio per permettere poi il suo trasferimento a club di Pietro Laterza (che \u00e8 anche patron della societ\u00e0 veronese)<\/p>\n<p>&#8220;,&#8221;postId&#8221;:&#8221;ab3c8dd4-7421-4153-8a7a-68a1884065ec&#8221;,&#8221;postLink&#8221;:{&#8220;title&#8221;:&#8221;Douglas Costa giocher\u00e0 con Balotelli a Dubai&#8221;,&#8221;url&#8221;:&#8221;https:\/\/sport.sky.it\/calciomercato\/calciomercato-2026-acquisti-ufficiali-estero-estate&#8221;,&#8221;imageSrc&#8221;:&#8221;https:\/\/sport.sky.it\/assets\/images\/be29921c1a863ac53a5984a75d41858a11eea622\/skysport\/it\/calcio\/giocatori-famosi-in-serie-d-eccellenza\/douglas_costa_getty.jpg?im=Resize,width=1218&#8243;}},{&#8220;timestamp&#8221;:&#8221;2026-07-05T10:40:00.385Z&#8221;,&#8221;timestampUtcIt&#8221;:&#8221;2026-07-05T12:40:00+0200&#8243;,&#8221;altBackground&#8221;:false,&#8221;title&#8221;:&#8221;Calciomercato, i principali calciatori svincolati&#8221;,&#8221;content&#8221;:&#8221;<\/p>\n<p>Primi giorni da <strong>svincolati <\/strong>per i giocatori che avevano il contratto in scadenza lo scorso 30 giugno. Situazioni diverse, valutazioni in corso e un futuro tutto da definire. Ecco l&#8217;elenco con tutti i principali calciatori ancora \\&#8221;liberi\\&#8221;&#8230;<\/p>\n<p>\\n\\n&#8221;,&#8221;postId&#8221;:&#8221;8b100bf0-8ac1-494a-abd5-3413adb29d52&#8243;,&#8221;postLink&#8221;:{&#8220;title&#8221;:&#8221;Mahrez e l&#8217;Ah-Ahli si separano: \u00e8 ufficiale&#8221;,&#8221;url&#8221;:&#8221;https:\/\/sport.sky.it\/calciomercato\/giocatori-svincolati-calciomercato&#8221;,&#8221;imageSrc&#8221;:&#8221;https:\/\/sport.sky.it\/assets\/images\/99de92a4314bb8e9ae112dfeae434f78ac139370\/skysport\/it\/calcio\/mondiali\/2026\/06\/22\/mondiali-2026-calciatori-piu-pagati-stipendi-classifica\/mahrez_algeria_ipa.jpg?im=Resize,width=1218&#8243;}},{&#8220;timestamp&#8221;:&#8221;2026-07-05T10:09:44.826Z&#8221;,&#8221;timestampUtcIt&#8221;:&#8221;2026-07-05T12:09:44+0200&#8243;,&#8221;altBackground&#8221;:false,&#8221;title&#8221;:&#8221;Inter, ufficiale il passaggio di Dumfries al Real Madrid&#8221;,&#8221;content&#8221;:&#8221;<\/p>\n<p>Attraverso una nota pubblicata sul sito ufficiale dell&#8217;<strong>Inter<\/strong>, i nerazzurri hanno ufficializzato il passaggio di Denzel <strong>Dumfries <\/strong>al <strong>Real Madrid<\/strong>. I Blancos hanno versato i 20 milioni della clausola per strappare l&#8217;olandese all&#8217;Inter e ora il trasferimento \u00e8 ufficiale.\u00a0<\/p>\n<p>\\n\\n<\/p>\n<p>Affare a titolo definitivo annunciato poi anche dallo stesso Real Madrid sui propri canali: Dumfries ha firmato una nuova intesa fino al 2030.\u00a0<\/p>\n<p>&#8220;,&#8221;social&#8221;:{&#8220;socialType&#8221;:&#8221;twitter&#8221;,&#8221;src&#8221;:&#8221;https:\/\/twitter.com\/Inter\/status\/2073708466234065222?s=20&#8243;,&#8221;cookieAllowed&#8221;:true},&#8221;postId&#8221;:&#8221;b3fde66c-3e69-4c23-b9eb-86684d86b284&#8243;,&#8221;postLink&#8221;:{&#8220;title&#8221;:&#8221;&#8221;,&#8221;url&#8221;:&#8221;&#8221;,&#8221;imageSrc&#8221;:&#8221;&#8221;}},{&#8220;timestamp&#8221;:&#8221;2026-07-05T09:50:00.000Z&#8221;,&#8221;timestampUtcIt&#8221;:&#8221;2026-07-05T11:50:00+0200&#8243;,&#8221;video&#8221;:{&#8220;videoId&#8221;:&#8221;1109566&#8243;,&#8221;videoPageUrl&#8221;:&#8221;https:\/\/video.sky.it\/sport\/calciomercato\/serie-a\/video\/sassuolo-aquilani-intervista-video-1109566&#8243;},&#8221;altBackground&#8221;:true,&#8221;title&#8221;:&#8221;Sassuolo, Aquilani sul mercato: \\&#8221;Devo capire chi vuole rimanere qui\\&#8221;&#8221;,&#8221;content&#8221;:&#8221;<\/p>\n<p>Ai microfoni di Sky Sport, il nuovo allenatore del Sassuolo Alberto Aquilani ha parlato del mercato in uscita dei neroverdi: \\&#8221;Difficile dire qualcosa adesso, se hai calciatori bravi arrivano le richieste. Io devo capire chi realmente \u00e8 intenzionato a rimanere qui\\&#8221;<\/p>\n<p>&#8220;,&#8221;postId&#8221;:&#8221;9b2d044b-62a9-4f38-975e-b3dd6b03702a&#8221;,&#8221;postLink&#8221;:{&#8220;title&#8221;:&#8221;&#8221;,&#8221;url&#8221;:&#8221;&#8221;,&#8221;imageSrc&#8221;:&#8221;&#8221;}},{&#8220;timestamp&#8221;:&#8221;2026-07-05T09:20:00.000Z&#8221;,&#8221;timestampUtcIt&#8221;:&#8221;2026-07-05T11:20:00+0200&#8243;,&#8221;altBackground&#8221;:false,&#8221;title&#8221;:&#8221;Cassandro al Palermo a titolo definitivo&#8221;,&#8221;content&#8221;:&#8221;<\/p>\n<p>Tommaso Cassandro \u00e8 un nuovo giocatore del Palermo. Il difensore si trasferisce a titolo definitivo dal Como. Per lui contratto triennale fino al 30 giugno 2029<\/p>\n<p>&#8220;,&#8221;postId&#8221;:&#8221;de1577ed-be55-4a03-bc93-8ac6167d256a&#8221;,&#8221;postLink&#8221;:{&#8220;title&#8221;:&#8221;Palermo, ufficiale Cassandro per la difesa: tutti gli acquisti in Serie B&#8221;,&#8221;url&#8221;:&#8221;https:\/\/sport.sky.it\/calciomercato\/calciomercato-serie-b-estate-2026-acquisti-ufficiali&#8221;,&#8221;imageSrc&#8221;:&#8221;https:\/\/sport.sky.it\/assets\/images\/f39782602114afce6eb720a636046e099bef3cb0\/skysport\/it\/calcio\/calciomercato\/calciomercato-serie-b-estate-2026-acquisti-ufficiali\/cassandro_palermo.jpg?im=Resize,width=1218&#8243;}},{&#8220;timestamp&#8221;:&#8221;2026-07-05T08:50:00.104Z&#8221;,&#8221;timestampUtcIt&#8221;:&#8221;2026-07-05T10:50:00+0200&#8243;,&#8221;altBackground&#8221;:false,&#8221;title&#8221;:&#8221;Lucum\u00ec: \\&#8221;Niente mercato, per ora. Penso solo al Mondiale\\&#8221;&#8221;,&#8221;content&#8221;:&#8221;<\/p>\n<p>Sulle pagine della Gazzetta, dal ritiro della Colombia, ha parlato Jhon <strong>Lucum\u00ec<\/strong> \u2013 obiettivo della Juventus per la difesa. \u201cSi parla di me per il mercato? Io ora sono impegnato con il Mon\u00addiale\u2026 Non so se la <strong>Juventus <\/strong>sia interessata a me perch\u00e9 non \u00e8 il momento di toc\u00adcare certe que\u00adstioni. Dav\u00advero, voglio dedi\u00adcarmi solo alla Colom\u00adbia. Quando poi tor\u00adner\u00f2 in Ita\u00adlia con calma par\u00adle\u00adremo di tutto\\&#8221;.<\/p>\n<p>\\n<\/p>\n<p>\\nCome raccontato nelle ultime settimane, Lucum\u00ec \u00e8 uno dei profili monitorati dai bianconeri, che per\u00f2 al momento non hanno approfondito la trattativa con il <strong>Bologna <\/strong>perch\u00e9 resta distanza sulla valutazione del cartellino del difensore.<\/p>\n<p>&#8220;,&#8221;postId&#8221;:&#8221;af20ca1d-9f77-43fe-a4b4-5438c885ee33&#8243;,&#8221;postLink&#8221;:{&#8220;title&#8221;:&#8221;&#8221;,&#8221;url&#8221;:&#8221;&#8221;,&#8221;imageSrc&#8221;:&#8221;&#8221;}},{&#8220;timestamp&#8221;:&#8221;2026-07-05T08:20:45.688Z&#8221;,&#8221;timestampUtcIt&#8221;:&#8221;2026-07-05T10:20:45+0200&#8243;,&#8221;altBackground&#8221;:false,&#8221;title&#8221;:&#8221;Il portiere Gill sul Torino: \\&#8221;Valuteremo le proposte\\&#8221;&#8221;,&#8221;content&#8221;:&#8221;<\/p>\n<p>Al termine della partita persa dal Paraguay contro la Francia, il portiere <strong>Gill <\/strong>ha parlato cos\u00ec del suo futuro &#8211; con il <strong>Torino <\/strong>che resta alla finestra: \u201cL&#8217;interesse del Torino? Perch\u00e9 no&#8230; Stiamo parlando di un grande club in Italia, per\u00f2 \u00e8 giusto che ora siano i due club a valutare tutte le proposte e scegliere la migliore\u201d. I granata dovranno trattatre con il<strong> San Lorenzo <\/strong>per trovare l&#8217;intesa sul prezzo; il cartellino del giocatore, prima del Mondiale, si aggirava intorno a 6 milioni di euro.<\/p>\n<p>&#8220;,&#8221;postId&#8221;:&#8221;b8e2e582-33f3-4de7-adc2-f76a2b6d876c&#8221;,&#8221;postLink&#8221;:{&#8220;title&#8221;:&#8221;&#8221;,&#8221;url&#8221;:&#8221;&#8221;,&#8221;imageSrc&#8221;:&#8221;&#8221;}},{&#8220;timestamp&#8221;:&#8221;2026-07-05T07:50:00.000Z&#8221;,&#8221;timestampUtcIt&#8221;:&#8221;2026-07-05T09:50:00+0200&#8243;,&#8221;altBackground&#8221;:false,&#8221;title&#8221;:&#8221;Lazio, ufficiale il primo colpo: \u00e8 Pedraza&#8221;,&#8221;content&#8221;:&#8221;<\/p>\n<p>Arriva l&#8217;ufficialit\u00e0 del primo acquisto della Lazio di Gennaro Gattuso. Si tratta di <strong>Alfonso Pedraza<\/strong>, esterno sinistro spagnolo che si era svincolato dopo l&#8217;ultima esperienza col Villarreal. Il classe 96&#8242; <strong>ha firmato un contratto fino al 30 giugno del 2029<\/strong><\/p>\n<p>&#8220;,&#8221;postId&#8221;:&#8221;d642cf16-0c97-4f04-a8cc-bbd86062940e&#8221;,&#8221;postLink&#8221;:{&#8220;title&#8221;:&#8221;&#8221;,&#8221;url&#8221;:&#8221;&#8221;,&#8221;imageSrc&#8221;:&#8221;&#8221;}},{&#8220;timestamp&#8221;:&#8221;2026-07-05T07:40:00.000Z&#8221;,&#8221;timestampUtcIt&#8221;:&#8221;2026-07-05T09:40:00+0200&#8243;,&#8221;altBackground&#8221;:false,&#8221;title&#8221;:&#8221;Quando sar\u00e0 presentato Allegri al Napoli&#8221;,&#8221;content&#8221;:&#8221;<\/p>\n<p>Data e orario della conferenza stampa di presentazione che si terr\u00e0 al <strong>Teatro San Carlo di Napoli<\/strong><\/p>\n<p>&#8220;,&#8221;postId&#8221;:&#8221;ea721046-845d-4bb7-a651-7f46079594cf&#8221;,&#8221;postLink&#8221;:{&#8220;title&#8221;:&#8221;Inizia l&#8217;era Allegri al Napoli: data e orario della presentazione&#8221;,&#8221;url&#8221;:&#8221;https:\/\/sport.sky.it\/calciomercato\/2026\/07\/04\/allegri-napoli-presentazione-data-orario&#8221;,&#8221;imageSrc&#8221;:&#8221;https:\/\/sport.sky.it\/assets\/images\/1deca9a9ed2f06afd8444d6add963ff5787e2767\/skysport\/it\/calcio\/serie-a\/2026\/05\/29\/allegri-napoli-allenatore\/allegri_napoli_getty.jpg?im=Resize,width=1218&#8243;}},{&#8220;timestamp&#8221;:&#8221;2026-07-05T07:30:00.000Z&#8221;,&#8221;timestampUtcIt&#8221;:&#8221;2026-07-05T09:30:00+0200&#8243;,&#8221;altBackground&#8221;:false,&#8221;title&#8221;:&#8221;La Roma non \u00e8 l&#8217;unica su Greenwood&#8221;,&#8221;content&#8221;:&#8221;<\/p>\n<p>La Roma continua a monitorare Mason Greenwood, ma non ha ancora presentato un&#8217;offerta ufficiale al Marsiglia n\u00e9 avuto contatti diretti con il club francese. I giallorossi stanno valutando come impostare la trattativa, ma non sono gli unici sull&#8217;attaccante inglese<\/p>\n<p>&#8220;,&#8221;postId&#8221;:&#8221;1625f109-de3a-4318-ac81-20377b7521cc&#8221;,&#8221;postLink&#8221;:{&#8220;title&#8221;:&#8221;Roma, su Greenwood c&#8217;\u00e8 anche un&#8217;altra big europea&#8221;,&#8221;url&#8221;:&#8221;https:\/\/sport.sky.it\/calciomercato\/2026\/07\/04\/roma-greenwood-atletico-madrid-calciomercato-news&#8221;,&#8221;imageSrc&#8221;:&#8221;https:\/\/sport.sky.it\/assets\/images\/f7470d90afc666b974d6ed62ef2b64ca4d5f21da\/skysport\/it\/calcio\/calciomercato\/2026\/07\/04\/roma-greenwood-atletico-madrid-calciomercato-news\/mason_greenwood_ipa.jpg?im=Resize,width=1218&#8243;}},{&#8220;timestamp&#8221;:&#8221;2026-07-05T07:20:00.000Z&#8221;,&#8221;timestampUtcIt&#8221;:&#8221;2026-07-05T09:20:00+0200&#8243;,&#8221;altBackground&#8221;:false,&#8221;title&#8221;:&#8221;Ludi: \\&#8221;Siamo abbastanza avanti per Liberali\\&#8221;. E su Chalobah&#8230;&#8221;,&#8221;postId&#8221;:&#8221;fafa0a5e-0ab5-4580-a009-3896c4f70011&#8243;,&#8221;postLink&#8221;:{&#8220;title&#8221;:&#8221;Como, Ludi: &#8216;Siamo abbastanza avanti per Liberali&#8217;. E su Chalobah&#8230;&#8221;,&#8221;url&#8221;:&#8221;https:\/\/sport.sky.it\/calciomercato\/2026\/07\/04\/calciomercato-como-liberali-chalobah-news&#8221;,&#8221;imageSrc&#8221;:&#8221;https:\/\/sport.sky.it\/assets\/images\/2834629d654e19f7a8793bc14e3c1680139814b6\/skysport\/it\/calcio\/europei\/2026\/07\/02\/italia-under-19-croazia-risultato-gol\/mattia_liberali_italia_under_19_getty.jpg?im=Resize,width=1218&#8243;}},{&#8220;timestamp&#8221;:&#8221;2026-07-05T07:10:00.000Z&#8221;,&#8221;timestampUtcIt&#8221;:&#8221;2026-07-05T09:10:00+0200&#8243;,&#8221;altBackground&#8221;:false,&#8221;title&#8221;:&#8221;Galliani promuove Ramos al Milan&#8221;,&#8221;content&#8221;:&#8221;<\/p>\n<p>\\&#8221;Al Milan da tanti anni manca un centravanti importante\\&#8221;: le parole di Adriano Galliani<\/p>\n<p>&#8220;,&#8221;postId&#8221;:&#8221;3a8772c3-fca6-4cdb-9cf9-07fefe9dfa5c&#8221;,&#8221;postLink&#8221;:{&#8220;title&#8221;:&#8221;Milan, Galliani promuove il nuovo acquisto Gon\u00e7alo Ramos&#8221;,&#8221;url&#8221;:&#8221;https:\/\/sport.sky.it\/calciomercato\/video\/2026\/07\/04\/galliani-intervista-milan-ramos-video-1109674&#8243;,&#8221;imageSrc&#8221;:&#8221;https:\/\/sport.sky.it\/assets\/images\/630cd237ca1c024a3e0b24648c56dfe75640cfa1\/skysport\/it\/calcio\/calciomercato\/video\/2026\/07\/04\/galliani-intervista-milan-ramos-video-1109674\/ansa_ramos_portogallo.jpg?im=Resize,width=1218&#8243;}}]}&#8221; query='{&#8220;configurationName&#8221;:&#8221;LIVEBLOG_CONTAINER_WIDGET&#8221;,&#8221;liveblogId&#8221;:&#8221;94cf5016-6a0e-497a-a263-7409f8f76b81&#8243;,&#8221;tenant&#8221;:&#8221;sport&#8221;,&#8221;limit&#8221;:800}&#8217; config='{&#8220;live&#8221;:true,&#8221;isWebView&#8221;:false,&#8221;postsPerPageMobile&#8221;:10,&#8221;postsPerPageDesktop&#8221;:10}&#8217;&gt;<br \/>\n          Calciomercato, le news di oggiLeggi di pi\u00f9 <\/p>\n<p>meno di un minuto fa<\/p>\n<p>Il Bari riparte da Massimo Rastelli<\/p>\n<p>Il <strong>Bari<\/strong>\u00a0riparte da Massimo <strong>Rastelli<\/strong>.\u00a0\u00c8 lui il nuovo allenatore dei pugliesi per la prossima stagione in Serie C. <strong>Contratto annuale fino al 30 giugno 2027 con opzione di prolungamento<\/strong> in caso di promozione in Serie B.<\/p>\n<p>30 minuti fa<\/p>\n<p>Torino, primi contatti per Gill del San Lorenzo<\/p>\n<p>Per la porta continuano i contatti per Orlando <strong>Gill<\/strong>. Per il portiere paraguaiano la concorrenza \u00e8 molto forte e la richiesta del <strong>SAN<\/strong> <strong>LORENZO<\/strong>\u00a0si sta alzando rispetto ai 6 milioni pre-Mondiale.<\/p>\n<p>14:10<\/p>\n<p>Juventus, per la porta sempre in pole Vicario<\/p>\n<p>Il nome per la porta della Juventus \u00e8 sempre quello di <strong>Guglielmo Vicario<\/strong> del <strong>Totthenam<\/strong>. Sullo sfondo anche <strong>Suzuki <\/strong>del <strong>Parma<\/strong> ma su di lui \u00e8 forte l&#8217;interesse della Premier.<\/p>\n<p>13:40<\/p>\n<p>Como, pronta una nuova offerta per Chalobah<\/p>\n<p>All&#8217;inizio della prossima settimana il Como presenter\u00e0 una nuova offerta al Chelsea da 30 milioni di euro pi\u00f9 5 di bonus per Chalobah, avvicinandosi di fatto alla richiesta di 35 dei Blues. Sul giocatore c&#8217;\u00e8 anche l&#8217;Inter<\/p>\n<p><a href=\"https:\/\/sport.sky.it\/calciomercato\/2026\/07\/04\/como-chalobah-inter-calciomercato-news\" title=\"Como, pronta una nuova offerta per Chalobah\" class=\"lvbg-post-link\" data-intcmp=\"skysport_liveblog_liveblog-preview_null\" data-analytics-element=\"liveblog-preview\" rel=\"nofollow noopener\" target=\"_blank\"><img alt=\"Como, pronta una nuova offerta per Chalobah\" style=\"opacity:0;transition:opacity 0.3s\" class=\"lvbg-post-link__image\"\/>Como, pronta una nuova offerta per ChalobahVai al contenuto <\/a><\/p>\n<p>13:10<\/p>\n<p>Douglas Costa giocher\u00e0 con Balotelli a Dubai<\/p>\n<p>Douglas Costa raggiunge Mario Balotelli a Dubai: \u00e8 un nuovo giocatore dell&#8217;Al-Ittifaq Fc. Si attendeva soltanto l&#8217;ufficialit\u00e0, dopo che la sua esperienza in Serie D al Chievo che \u00e8 stata solo di passaggio per permettere poi il suo trasferimento a club di Pietro Laterza (che \u00e8 anche patron della societ\u00e0 veronese)<\/p>\n<p><a href=\"https:\/\/sport.sky.it\/calciomercato\/calciomercato-2026-acquisti-ufficiali-estero-estate\" title=\"Douglas Costa giocher\u00e0 con Balotelli a Dubai\" class=\"lvbg-post-link\" data-intcmp=\"skysport_liveblog_liveblog-preview_null\" data-analytics-element=\"liveblog-preview\" rel=\"nofollow noopener\" target=\"_blank\"><img alt=\"Douglas Costa giocher\u00e0 con Balotelli a Dubai\" style=\"opacity:0;transition:opacity 0.3s\" class=\"lvbg-post-link__image\"\/>Douglas Costa giocher\u00e0 con Balotelli a DubaiVai al contenuto <\/a><\/p>\n<p>12:40<\/p>\n<p>Calciomercato, i principali calciatori svincolati<\/p>\n<p>Primi giorni da <strong>svincolati <\/strong>per i giocatori che avevano il contratto in scadenza lo scorso 30 giugno. Situazioni diverse, valutazioni in corso e un futuro tutto da definire. Ecco l&#8217;elenco con tutti i principali calciatori ancora &#8220;liberi&#8221;&#8230;<\/p>\n<p><a href=\"https:\/\/sport.sky.it\/calciomercato\/giocatori-svincolati-calciomercato\" title=\"Mahrez e l&#039;Ah-Ahli si separano: \u00e8 ufficiale\" class=\"lvbg-post-link\" data-intcmp=\"skysport_liveblog_liveblog-preview_null\" data-analytics-element=\"liveblog-preview\" rel=\"nofollow noopener\" target=\"_blank\"><img alt=\"Mahrez e l'Ah-Ahli si separano: \u00e8 ufficiale\" style=\"opacity:0;transition:opacity 0.3s\" class=\"lvbg-post-link__image\"\/>Mahrez e l&#8217;Ah-Ahli si separano: \u00e8 ufficialeVai al contenuto <\/a><\/p>\n<p>12:09<\/p>\n<p>Inter, ufficiale il passaggio di Dumfries al Real Madrid<\/p>\n<p>Attraverso una nota pubblicata sul sito ufficiale dell&#8217;<strong>Inter<\/strong>, i nerazzurri hanno ufficializzato il passaggio di Denzel <strong>Dumfries <\/strong>al <strong>Real Madrid<\/strong>. I Blancos hanno versato i 20 milioni della clausola per strappare l&#8217;olandese all&#8217;Inter e ora il trasferimento \u00e8 ufficiale.\u00a0<\/p>\n<p>Affare a titolo definitivo annunciato poi anche dallo stesso Real Madrid sui propri canali: Dumfries ha firmato una nuova intesa fino al 2030.\u00a0<\/p>\n<p>11:50<\/p>\n<p>Sassuolo, Aquilani sul mercato: &#8220;Devo capire chi vuole rimanere qui&#8221;<\/p>\n<p>Ai microfoni di Sky Sport, il nuovo allenatore del Sassuolo Alberto Aquilani ha parlato del mercato in uscita dei neroverdi: &#8220;Difficile dire qualcosa adesso, se hai calciatori bravi arrivano le richieste. Io devo capire chi realmente \u00e8 intenzionato a rimanere qui&#8221;<\/p>\n<p>11:20<\/p>\n<p>Cassandro al Palermo a titolo definitivo<\/p>\n<p>Tommaso Cassandro \u00e8 un nuovo giocatore del Palermo. Il difensore si trasferisce a titolo definitivo dal Como. Per lui contratto triennale fino al 30 giugno 2029<\/p>\n<p><a href=\"https:\/\/sport.sky.it\/calciomercato\/calciomercato-serie-b-estate-2026-acquisti-ufficiali\" title=\"Palermo, ufficiale Cassandro per la difesa: tutti gli acquisti in Serie B\" class=\"lvbg-post-link\" data-intcmp=\"skysport_liveblog_liveblog-preview_null\" data-analytics-element=\"liveblog-preview\" rel=\"nofollow noopener\" target=\"_blank\"><img alt=\"Palermo, ufficiale Cassandro per la difesa: tutti gli acquisti in Serie B\" style=\"opacity:0;transition:opacity 0.3s\" class=\"lvbg-post-link__image\"\/>Palermo, ufficiale Cassandro per la difesa: tutti gli acquisti in Serie BVai al contenuto <\/a><\/p>\n<p>10:50<\/p>\n<p>Lucum\u00ec: &#8220;Niente mercato, per ora. Penso solo al Mondiale&#8221;<\/p>\n<p>Sulle pagine della Gazzetta, dal ritiro della Colombia, ha parlato Jhon <strong>Lucum\u00ec<\/strong> \u2013 obiettivo della Juventus per la difesa. \u201cSi parla di me per il mercato? Io ora sono impegnato con il Mon\u00addiale\u2026 Non so se la <strong>Juventus <\/strong>sia interessata a me perch\u00e9 non \u00e8 il momento di toc\u00adcare certe que\u00adstioni. Dav\u00advero, voglio dedi\u00adcarmi solo alla Colom\u00adbia. Quando poi tor\u00adner\u00f2 in Ita\u00adlia con calma par\u00adle\u00adremo di tutto&#8221;.<\/p>\n<p>\nCome raccontato nelle ultime settimane, Lucum\u00ec \u00e8 uno dei profili monitorati dai bianconeri, che per\u00f2 al momento non hanno approfondito la trattativa con il <strong>Bologna <\/strong>perch\u00e9 resta distanza sulla valutazione del cartellino del difensore.<\/p>\n<p>Leggi di pi\u00f9 <\/p>\n<p>10:20<\/p>\n<p>Il portiere Gill sul Torino: &#8220;Valuteremo le proposte&#8221;<\/p>\n<p>Al termine della partita persa dal Paraguay contro la Francia, il portiere <strong>Gill <\/strong>ha parlato cos\u00ec del suo futuro &#8211; con il <strong>Torino <\/strong>che resta alla finestra: \u201cL&#8217;interesse del Torino? Perch\u00e9 no&#8230; Stiamo parlando di un grande club in Italia, per\u00f2 \u00e8 giusto che ora siano i due club a valutare tutte le proposte e scegliere la migliore\u201d. I granata dovranno trattatre con il<strong> San Lorenzo <\/strong>per trovare l&#8217;intesa sul prezzo; il cartellino del giocatore, prima del Mondiale, si aggirava intorno a 6 milioni di euro.<\/p>\n<p>09:50<\/p>\n<p>Lazio, ufficiale il primo colpo: \u00e8 Pedraza<\/p>\n<p>Arriva l&#8217;ufficialit\u00e0 del primo acquisto della Lazio di Gennaro Gattuso. Si tratta di <strong>Alfonso Pedraza<\/strong>, esterno sinistro spagnolo che si era svincolato dopo l&#8217;ultima esperienza col Villarreal. Il classe 96&#8242; <strong>ha firmato un contratto fino al 30 giugno del 2029<\/strong><\/p>\n<p>09:40<\/p>\n<p>Quando sar\u00e0 presentato Allegri al Napoli<\/p>\n<p>Data e orario della conferenza stampa di presentazione che si terr\u00e0 al <strong>Teatro San Carlo di Napoli<\/strong><\/p>\n<p><a href=\"https:\/\/sport.sky.it\/calciomercato\/2026\/07\/04\/allegri-napoli-presentazione-data-orario\" title=\"Inizia l&#039;era Allegri al Napoli: data e orario della presentazione\" class=\"lvbg-post-link\" data-intcmp=\"skysport_liveblog_liveblog-preview_null\" data-analytics-element=\"liveblog-preview\" rel=\"nofollow noopener\" target=\"_blank\"><img alt=\"Inizia l'era Allegri al Napoli: data e orario della presentazione\" style=\"opacity:0;transition:opacity 0.3s\" class=\"lvbg-post-link__image\"\/>Inizia l&#8217;era Allegri al Napoli: data e orario della presentazioneVai al contenuto <\/a><\/p>\n<p>09:30<\/p>\n<p>La Roma non \u00e8 l&#8217;unica su Greenwood<\/p>\n<p>La Roma continua a monitorare Mason Greenwood, ma non ha ancora presentato un&#8217;offerta ufficiale al Marsiglia n\u00e9 avuto contatti diretti con il club francese. I giallorossi stanno valutando come impostare la trattativa, ma non sono gli unici sull&#8217;attaccante inglese<\/p>\n<p><a href=\"https:\/\/sport.sky.it\/calciomercato\/2026\/07\/04\/roma-greenwood-atletico-madrid-calciomercato-news\" title=\"Roma, su Greenwood c&#039;\u00e8 anche un&#039;altra big europea\" class=\"lvbg-post-link\" data-intcmp=\"skysport_liveblog_liveblog-preview_null\" data-analytics-element=\"liveblog-preview\" rel=\"nofollow noopener\" target=\"_blank\"><img alt=\"Roma, su Greenwood c'\u00e8 anche un'altra big europea\" style=\"opacity:0;transition:opacity 0.3s\" class=\"lvbg-post-link__image\"\/>Roma, su Greenwood c&#8217;\u00e8 anche un&#8217;altra big europeaVai al contenuto <\/a><\/p>\n<p>09:20<\/p>\n<p>Ludi: &#8220;Siamo abbastanza avanti per Liberali&#8221;. E su Chalobah&#8230;<a href=\"https:\/\/sport.sky.it\/calciomercato\/2026\/07\/04\/calciomercato-como-liberali-chalobah-news\" title=\"Como, Ludi: &#039;Siamo abbastanza avanti per Liberali&#039;. E su Chalobah...\" class=\"lvbg-post-link\" data-intcmp=\"skysport_liveblog_liveblog-preview_null\" data-analytics-element=\"liveblog-preview\" rel=\"nofollow noopener\" target=\"_blank\"><img alt=\"Como, Ludi: 'Siamo abbastanza avanti per Liberali'. E su Chalobah...\" style=\"opacity:0;transition:opacity 0.3s\" class=\"lvbg-post-link__image\"\/>Como, Ludi: &#8216;Siamo abbastanza avanti per Liberali&#8217;. E su Chalobah&#8230;Vai al contenuto <\/a><\/p>\n<p>09:10<\/p>\n<p>Galliani promuove Ramos al Milan<\/p>\n<p>&#8220;Al Milan da tanti anni manca un centravanti importante&#8221;: le parole di Adriano Galliani<\/p>\n<p><a href=\"https:\/\/sport.sky.it\/calciomercato\/video\/2026\/07\/04\/galliani-intervista-milan-ramos-video-1109674\" title=\"Milan, Galliani promuove il nuovo acquisto Gon\u00e7alo Ramos\" class=\"lvbg-post-link\" data-intcmp=\"skysport_liveblog_liveblog-preview_null\" data-analytics-element=\"liveblog-preview\" rel=\"nofollow noopener\" target=\"_blank\"><img alt=\"Milan, Galliani promuove il nuovo acquisto Gon\u00e7alo Ramos\" style=\"opacity:0;transition:opacity 0.3s\" class=\"lvbg-post-link__image\"\/>Milan, Galliani promuove il nuovo acquisto Gon\u00e7alo RamosVai al contenuto <\/a><br \/>\n      <script async src=\"https:\/\/platform.twitter.com\/widgets.js\" charset=\"utf-8\"><\/script><\/p>\n","protected":false},"excerpt":{"rendered":"\\n Inter, ufficiale la cessione di Dumfries al Real Madrid\u00a0 \\n Galliani promuove Gon\u00e7alo Ramos: \u201cDopo anni il&hellip;\n","protected":false},"author":3,"featured_media":295576,"comment_status":"","ping_status":"","sticky":false,"template":"","format":"standard","meta":{"footnotes":"","_share_on_mastodon":"0"},"categories":[1452],"tags":[7724,569,586,6300,721,353,6295,39578,16323,14179,7725,6293,6294,3705,2263,1740,5281,6298,350,1537,90,89,565,558,5188,6296,553,11121,248,6301,6299,1739,245,244,1641,2817,222],"class_list":["post-570804","post","type-post","status-publish","format-standard","has-post-thumbnail","category-calcio","tag-as-roma","tag-atalanta","tag-bologna","tag-cagliari","tag-calcio","tag-calciomercato","tag-calciomercato-estero","tag-calciomercato-fiorentina","tag-calciomercato-inter","tag-calciomercato-napoli","tag-calciomercato-roma","tag-calciomercato-serie-a","tag-calciomercato-serie-b","tag-como","tag-fiorentina","tag-football","tag-frosinone","tag-genoa","tag-inter","tag-it","tag-italia","tag-italy","tag-juve","tag-juventus","tag-lazio","tag-lecce","tag-milan","tag-monza","tag-napoli","tag-parma","tag-sassuolo","tag-soccer","tag-sport","tag-sports","tag-torino","tag-udinese","tag-venezia"],"share_on_mastodon":{"url":"https:\/\/pubeurope.com\/@it\/116867645382357803","error":""},"_links":{"self":[{"href":"https:\/\/www.europesays.com\/it\/wp-json\/wp\/v2\/posts\/570804","targetHints":{"allow":["GET"]}}],"collection":[{"href":"https:\/\/www.europesays.com\/it\/wp-json\/wp\/v2\/posts"}],"about":[{"href":"https:\/\/www.europesays.com\/it\/wp-json\/wp\/v2\/types\/post"}],"author":[{"embeddable":true,"href":"https:\/\/www.europesays.com\/it\/wp-json\/wp\/v2\/users\/3"}],"replies":[{"embeddable":true,"href":"https:\/\/www.europesays.com\/it\/wp-json\/wp\/v2\/comments?post=570804"}],"version-history":[{"count":0,"href":"https:\/\/www.europesays.com\/it\/wp-json\/wp\/v2\/posts\/570804\/revisions"}],"wp:featuredmedia":[{"embeddable":true,"href":"https:\/\/www.europesays.com\/it\/wp-json\/wp\/v2\/media\/295576"}],"wp:attachment":[{"href":"https:\/\/www.europesays.com\/it\/wp-json\/wp\/v2\/media?parent=570804"}],"wp:term":[{"taxonomy":"category","embeddable":true,"href":"https:\/\/www.europesays.com\/it\/wp-json\/wp\/v2\/categories?post=570804"},{"taxonomy":"post_tag","embeddable":true,"href":"https:\/\/www.europesays.com\/it\/wp-json\/wp\/v2\/tags?post=570804"}],"curies":[{"name":"wp","href":"https:\/\/api.w.org\/{rel}","templated":true}]}}