{"id":570896,"date":"2026-07-05T15:04:23","date_gmt":"2026-07-05T15:04:23","guid":{"rendered":"https:\/\/www.europesays.com\/it\/570896\/"},"modified":"2026-07-05T15:04:23","modified_gmt":"2026-07-05T15:04:23","slug":"il-ciclone-trentanni-di-risate-proiezione-speciale-e-gratuita-con-selvaggia","status":"publish","type":"post","link":"https:\/\/www.europesays.com\/it\/570896\/","title":{"rendered":"Il Ciclone, trent\u2019anni di risate.\u00a0Proiezione speciale (e gratuita) con Selvaggia"},"content":{"rendered":"<p>Calenzano (Firenze), 4 luglio 2026 \u2013\u00a0<strong>Levante, Libero<\/strong> e <strong>Selvaggia<\/strong>. Basta citare i nomi di tre dei tre personaggi principali del film, i fratelli Quarini, per richiamare alla mente di una certa generazione (ma anche di pi\u00f9 generazioni) alcune scene cult del film <strong>\u2019Il Ciclone\u2019 <\/strong>che, proprio quest\u2019anno, compie trent\u2019anni.<\/p>\n<p>Una pellicola ancora oggi amatissima con un successo costante che, all\u2019epoca dell\u2019uscita, probabilmente il regista e protagonista <strong>Leonardo Pieraccioni<\/strong> non si sarebbe aspettato. La magia del Ciclone rivivr\u00e0 il prossimo <strong>marted\u00ec alle 21<\/strong> nella sede di Officina Civica di <strong>Calenzano<\/strong> (via Petrarca 180) dove \u00e8 in programma l\u2019evento di Anteprima dello Stenterello Film Festival 2026 con la proiezione del documentario \u2019Il Ciclone\u2026 oggi\u2019 di Leonardo Scucchi e Bruno Santini (che nel film interpreta il sindaco del Comune in cui si svolge la vicenda) realizzato nel 2016 in occasione dei venti anni dall\u2019uscita del film.  <\/p>\n<p> <img alt=\"\" loading=\"lazy\" width=\"1280\" height=\"859\" decoding=\"async\" data-nimg=\"1\" style=\"color:transparent;max-width:100%;height:auto\"   src=\"https:\/\/www.europesays.com\/it\/wp-content\/uploads\/2026\/07\/1783263862_498_image.webp\"\/> <\/p>\n<p>Il<strong> documentario,<\/strong> grazie a una serie di interviste a Leonardo Pieraccioni e al cast, ripercorre le tappe che hanno fatto del Ciclone uno dei film pi\u00f9 visti e citati della commedia italiana condensando filmati originali, aneddoti divertenti e una panoramica di come sarebbe stato il film secondo l\u2019idea iniziale del regista, diversa da quella poi concretizzata. La protagonista femminile Lorena Forteza, ad esempio, come ha raccontato lo stesso Pieraccioni, avrebbe dovuto essere In\u00e9s Sastre che l\u2019autore aveva anche incontrato in un caff\u00e8 a Parigi per proporle la parte. Un confronto per\u00f2 andato male secondo Pieraccioni per la sua troppa foga nel raccontare la trama, tanto che la Sastre alla fine non accett\u00f2 di far parte del film nel ruolo di Caterina, facendo la fortuna artistica della Forteza ancora oggi famosa grazie alle scene del Ciclone. Alla serata in programma a Officina Civica, oltre a Leonardo Scucchi, parteciper\u00e0 anche Barbara Enrichi, la Selvaggia del film. L\u2019evento inizier\u00e0 con un talk dedicato al documentario e avr\u00e0 come protagonisti gli autori e la stessa Enrichi, Premio David di Donatello.  <\/p>\n<p>Approfondisci:<\/p>\n<p><a href=\"https:\/\/www.lanazione.it\/arezzo\/cosa-fare\/il-ciclone-pieraccioni-h9uv5skh\" class=\"ArticleEmbed_article__embed__content__Jzqnz\" rel=\"nofollow noopener\" target=\"_blank\">Il Ciclone torna e brinda ai 30 anni, la tre giorni dedicata a Pieraccioni<img alt=\"Il Ciclone torna e brinda ai 30 anni, la tre giorni dedicata a Pieraccioni\" loading=\"lazy\" width=\"140\" height=\"78\" decoding=\"async\" data-nimg=\"1\" style=\"color:transparent\"  src=\"https:\/\/www.europesays.com\/it\/wp-content\/uploads\/2026\/07\/leonardo-pieraccioni.webp\"\/><\/a> <\/p>\n<p>L\u2019attrice ripercorrer\u00e0 i successi di cui \u00e8 stata protagonista e ricever\u00e0 il Premio Eccellenza Stenterello Film Festival 2026. Per gli spettatori che trent\u2019anni fa hanno visto per la prima volta al cinema \u2019Il Ciclone\u2019 e magari conoscono a memoria tutte le battute la serata sar\u00e0 un modo per apprendere risvolti inediti mentre i pi\u00f9 giovani potranno scoprire un film che davvero non \u00e8 invecchiato. L\u2019<strong>ingresso \u00e8 gratuito<\/strong> e <strong>non occorre prenotazione<\/strong>. <\/p>\n<p>Intanto, Pieraccioni \u00e8 alle prese con un nuovo lavoro: \u2018Un weekend artificiale\u2019 \u00e8 il titolo del film scritto, diretto e interpretato dal fiorentino, la cui uscita nelle sale cinematografiche \u00e8 prevista per il 19 novembre. Nel cast Giorgio Panariello, Herbert Ballerina, Giovanni Esposito e Tosca D\u2019Aquino. <\/p>\n","protected":false},"excerpt":{"rendered":"Calenzano (Firenze), 4 luglio 2026 \u2013\u00a0Levante, Libero e Selvaggia. Basta citare i nomi di tre dei tre personaggi&hellip;\n","protected":false},"author":3,"featured_media":570897,"comment_status":"","ping_status":"","sticky":false,"template":"","format":"standard","meta":{"footnotes":"","_share_on_mastodon":"0"},"categories":[1442],"tags":[6956,203,454,74137,204,1537,90,89,1521,29387,18505,39604,10162,71999],"class_list":["post-570896","post","type-post","status-publish","format-standard","has-post-thumbnail","category-film","tag-ciclone","tag-entertainment","tag-film","tag-gratuita","tag-intrattenimento","tag-it","tag-italia","tag-italy","tag-movies","tag-proiezione","tag-risate","tag-selvaggia","tag-speciale","tag-trent"],"share_on_mastodon":{"url":"https:\/\/pubeurope.com\/@it\/116867988062676253","error":""},"_links":{"self":[{"href":"https:\/\/www.europesays.com\/it\/wp-json\/wp\/v2\/posts\/570896","targetHints":{"allow":["GET"]}}],"collection":[{"href":"https:\/\/www.europesays.com\/it\/wp-json\/wp\/v2\/posts"}],"about":[{"href":"https:\/\/www.europesays.com\/it\/wp-json\/wp\/v2\/types\/post"}],"author":[{"embeddable":true,"href":"https:\/\/www.europesays.com\/it\/wp-json\/wp\/v2\/users\/3"}],"replies":[{"embeddable":true,"href":"https:\/\/www.europesays.com\/it\/wp-json\/wp\/v2\/comments?post=570896"}],"version-history":[{"count":0,"href":"https:\/\/www.europesays.com\/it\/wp-json\/wp\/v2\/posts\/570896\/revisions"}],"wp:featuredmedia":[{"embeddable":true,"href":"https:\/\/www.europesays.com\/it\/wp-json\/wp\/v2\/media\/570897"}],"wp:attachment":[{"href":"https:\/\/www.europesays.com\/it\/wp-json\/wp\/v2\/media?parent=570896"}],"wp:term":[{"taxonomy":"category","embeddable":true,"href":"https:\/\/www.europesays.com\/it\/wp-json\/wp\/v2\/categories?post=570896"},{"taxonomy":"post_tag","embeddable":true,"href":"https:\/\/www.europesays.com\/it\/wp-json\/wp\/v2\/tags?post=570896"}],"curies":[{"name":"wp","href":"https:\/\/api.w.org\/{rel}","templated":true}]}}