{"id":570901,"date":"2026-07-05T15:07:11","date_gmt":"2026-07-05T15:07:11","guid":{"rendered":"https:\/\/www.europesays.com\/it\/570901\/"},"modified":"2026-07-05T15:07:11","modified_gmt":"2026-07-05T15:07:11","slug":"tiziana-aristarco-e-morta-chi-era-la-regista-di-mina-settembre-laddio-di-serena-rossi","status":"publish","type":"post","link":"https:\/\/www.europesays.com\/it\/570901\/","title":{"rendered":"Tiziana Aristarco \u00e8 morta, chi era la regista di Mina Settembre: l&#8217;addio di Serena Rossi"},"content":{"rendered":"<p>\u201cTiziana mia, che dolore immenso, dilaniante\u201d, con queste parole <strong>Serena Rossi<\/strong> ha annunciato la scomparsa di <strong>Tiziana Aristarco<\/strong>, regista di Mina Settembre e della fiction storica Un Medico in Famiglia, dove era approdata nella prima stagione in veste di aiuto regista. Una grande professionista del mondo dello spettacolo, che ha diretto documentari, film e fiction: \u201cQuante risate, quante avventure, quanta fatica in giro per le strade di Napoli\u201d, ha ricordato la Rossi nel suo omaggio.\n<\/p>\n<p>Tiziana Aristarco \u00e8 morta a 66 anni<\/p>\n<p>Era nata a Milano, il 19 febbraio 1960, figlia di <strong>Guido Aristarco<\/strong>, critico cinematografico, e cresciuta, come amava dire, \u201ca pane e cinema\u201d. Il padre, tra le firme pi\u00f9 autorevoli della critica italiana nonch\u00e9 fondatore della rivista Cinema Nuovo, da bambina la portava in sala nel pomeriggio, e la sera si ritrovavano a discutere delle pellicole appena viste. Un\u2019eredit\u00e0 che avrebbe orientato, quasi senza che lei se ne accorgesse, <strong>tutto il suo cammino<\/strong>.<\/p>\n<p>Il debutto professionale arriv\u00f2 in <strong>Rai<\/strong>, dove mosse i primi passi <strong>come aiuto regista<\/strong>. Prima di dedicarsi alla fiction, si misur\u00f2 con generi diversi, dai documentari ai programmi culturali: collabor\u00f2 alla scrittura del soggetto del film La ragazza di via Millelire e cur\u00f2 lavori televisivi come Sottovoce di Gigi Marzullo.<\/p>\n<p>Da Un medico in famiglia a Mina Settembre<\/p>\n<p>Ed \u00e8 stata la <strong>serialit\u00e0<\/strong> a consacrarla. Nel 1998 entr\u00f2 nella squadra della prima stagione di Un medico in famiglia, per poi passare alla regia vera e propria, firmando numerosi episodi della seconda edizione e, anni pi\u00f9 tardi, della sesta. Da l\u00ec una carriera fitta di titoli molto amati, da <strong>Compagni di scuola<\/strong> a <strong>Raccontami<\/strong>, passando per <strong>Provaci ancora prof!<\/strong>, <strong>Fuoriclasse<\/strong> e <strong>Come fai sbagli<\/strong>, fino ai pi\u00f9 recenti La luce nella masseria e La Rosa dell\u2019Istria.<\/p>\n<p>La notoriet\u00e0 maggiore, per\u00f2, \u00e8 legata a <a href=\"https:\/\/dilei.it\/spettacolo\/serena-rossi-mina-settembre-3-look-falconieri\/1613299\/\" rel=\"nofollow noopener\" target=\"_blank\">Mina Settembre<\/a>. Tratta liberamente dai racconti di Maurizio de Giovanni e ambientata tra i vicoli di Napoli, la serie affidava a <a href=\"https:\/\/dilei.it\/star-e-vip\/serena-rossi\/\" rel=\"nofollow noopener\" target=\"_blank\">Serena Rossi<\/a> i panni di un\u2019assistente sociale dal cappotto rosso, dettaglio che aveva reso subito <strong>riconoscibile<\/strong> un <strong>personaggio appassionato<\/strong> e testardo. \u201cIl rosso \u00e8 un colore rumoroso\u201d, aveva spiegato la regista, che sulla protagonista non aveva mai nutrito dubbi: Mina, diceva, <strong>poteva avere soltanto il volto di Serena<\/strong>.<\/p>\n<p>A salutarla per prima \u00e8 stata proprio <a href=\"https:\/\/dilei.it\/star-e-vip\/serena-rossi\/\" rel=\"nofollow noopener\" target=\"_blank\">Serena Rossi<\/a>, legata a lei da un <strong>affetto nato e cresciuto set dopo set<\/strong>. Nel suo messaggio l\u2019attrice ha rievocato le risate, le avventure e la fatica condivise per le strade di Napoli.<\/p>\n<p>\u201c<strong>Non scriver\u00f2 la regista che eri<\/strong>, la <strong>professionista straordinaria sempre alla ricerca<\/strong> di <strong>verit\u00e0 profonda<\/strong> e di <strong>bellezza<\/strong>. Questo lo sanno tutti. Tu sei stata molto pi\u00f9\u2026una guida, un porto sicuro. Un mix tra tenacia, grande ironia e dolcezza infinita. Ci capivamo al primo sguardo, io e te. Quante risate, quante avventure, quanta fatica in giro per le strade di Napoli con quel cappottino rosso e quanti abbracci caldi\u2026 quanto amore hai regalato a tutti noi. Questo resta per sempre. Grazie. Mi <strong>mancherai immensamente<\/strong>. La tua Serena\u201d.<\/p>\n<p>\t\t\t\tScopri i personaggi in trend, le storie del momento e molto altro.<br \/>Dove? Sul <a href=\"https:\/\/whatsapp.com\/channel\/0029Vb68mVyHVvTWezDm7d0R\" target=\"_blank\" rel=\"noopener nofollow\">canale WhatsApp di DiLei!<\/a><\/p>\n<p>\t\t\t<a class=\"buttonCall\" href=\"https:\/\/whatsapp.com\/channel\/0029Vb68mVyHVvTWezDm7d0R\" target=\"_blank\" rel=\"noopener nofollow\" title=\"Seguici su WhatsApp\"><br \/>\n\t\t\t\tSeguici su WhatsApp<br \/>\n\t\t\t<\/a><\/p>\n","protected":false},"excerpt":{"rendered":"\u201cTiziana mia, che dolore immenso, dilaniante\u201d, con queste parole Serena Rossi ha annunciato la scomparsa di Tiziana Aristarco,&hellip;\n","protected":false},"author":3,"featured_media":570902,"comment_status":"","ping_status":"","sticky":false,"template":"","format":"standard","meta":{"footnotes":"","_share_on_mastodon":"0"},"categories":[174],"tags":[640,203,204,1537,90,89,16229,37588,71067,86],"class_list":["post-570901","post","type-post","status-publish","format-standard","has-post-thumbnail","category-intrattenimento","tag-cinema","tag-entertainment","tag-intrattenimento","tag-it","tag-italia","tag-italy","tag-mina","tag-serena-rossi","tag-un-medico-in-famiglia","tag-vip"],"share_on_mastodon":{"url":"https:\/\/pubeurope.com\/@it\/116867999268928032","error":""},"_links":{"self":[{"href":"https:\/\/www.europesays.com\/it\/wp-json\/wp\/v2\/posts\/570901","targetHints":{"allow":["GET"]}}],"collection":[{"href":"https:\/\/www.europesays.com\/it\/wp-json\/wp\/v2\/posts"}],"about":[{"href":"https:\/\/www.europesays.com\/it\/wp-json\/wp\/v2\/types\/post"}],"author":[{"embeddable":true,"href":"https:\/\/www.europesays.com\/it\/wp-json\/wp\/v2\/users\/3"}],"replies":[{"embeddable":true,"href":"https:\/\/www.europesays.com\/it\/wp-json\/wp\/v2\/comments?post=570901"}],"version-history":[{"count":0,"href":"https:\/\/www.europesays.com\/it\/wp-json\/wp\/v2\/posts\/570901\/revisions"}],"wp:featuredmedia":[{"embeddable":true,"href":"https:\/\/www.europesays.com\/it\/wp-json\/wp\/v2\/media\/570902"}],"wp:attachment":[{"href":"https:\/\/www.europesays.com\/it\/wp-json\/wp\/v2\/media?parent=570901"}],"wp:term":[{"taxonomy":"category","embeddable":true,"href":"https:\/\/www.europesays.com\/it\/wp-json\/wp\/v2\/categories?post=570901"},{"taxonomy":"post_tag","embeddable":true,"href":"https:\/\/www.europesays.com\/it\/wp-json\/wp\/v2\/tags?post=570901"}],"curies":[{"name":"wp","href":"https:\/\/api.w.org\/{rel}","templated":true}]}}