{"id":570979,"date":"2026-07-05T16:22:13","date_gmt":"2026-07-05T16:22:13","guid":{"rendered":"https:\/\/www.europesays.com\/it\/570979\/"},"modified":"2026-07-05T16:22:13","modified_gmt":"2026-07-05T16:22:13","slug":"andreas-muller-in-ospedale-mi-sono-spaventato-come-sta-ora","status":"publish","type":"post","link":"https:\/\/www.europesays.com\/it\/570979\/","title":{"rendered":"Andreas Muller in ospedale: &#8220;Mi sono spaventato&#8221;. Come sta ora"},"content":{"rendered":"<p>Un pranzo come tanti che si \u00e8 trasformato in pochi minuti in un momento di vero spavento. \u00c8 quello che \u00e8 successo ad <strong>Andreas Muller<\/strong>, che nelle scorse ore ha aperto il cuore ai suoi follower raccontando di essere <strong>finito in ospedale<\/strong> a causa di una violenta reazione allergica.<\/p>\n<p>Il ballerino e volto amatissimo di Amici \u00a0ha scelto i social per condividere l\u2019accaduto con il suo pubblico, senza nascondere la paura provata in quei momenti. Ecco <strong>cosa \u00e8 successo davvero e come sta adesso<\/strong>.\n<\/p>\n<p><strong>Andreas Muller ricoverato in ospedale<\/strong><\/p>\n<p>A raccontare la sua disavventura \u00e8 stato proprio <a href=\"https:\/\/dilei.it\/star-e-vip\/andreas-muller\/\" rel=\"nofollow noopener\" target=\"_blank\">Andreas Muller<\/a> che, registrandosi <strong>da un letto d\u2019ospedale<\/strong>, ha spiegato come tutto sia iniziato durante un pasto, in maniera del tutto inaspettata. A un certo punto il suo corpo ha iniziato a dare segnali inequivocabili: \u201cMentre stavo pranzando ho avuto una<strong> forte reazione allergica<\/strong>: ho iniziato a sentire le palpitazioni ovunque, il mio corpo diventare rosso nel giro di pochi minuti e pieno di macchie\u201d.<\/p>\n<p>Chiunque si sia trovato a vivere qualcosa del genere sa <strong>quanto possa essere disorientante<\/strong> non capire cosa stia succedendo al proprio corpo. Di fronte a una situazione cos\u00ec repentina e mai vissuta prima, Andreas ha ammesso di aver provato paura e di aver subito chiamato aiuto: \u201cDevo essere sincero,<strong> mi sono spaventato<\/strong> perch\u00e9 non mi era mai successa una cosa del genere, per cui preso dall\u2019ansia ho deciso di<strong> andare subito al pronto soccorso<\/strong> e farmi vedere senza fare il supereroe\u201d.<\/p>\n<p>Una volta arrivato in ospedale, per\u00f2, Muller ha trovato ad accoglierlo un personale attento, gentile che ha saputo tranquillizzarlo proprio nel momento pi\u00f9 delicato, quello dell\u2019incertezza. Cortisone e antistaminico sono bastati a bloccare la reazione e a riportare tutto sotto controllo: un intervento tempestivo che, almeno per il momento, <strong>ha risolto la situazione<\/strong>.<\/p>\n<p><strong>Andreas Muller, come sta ora<\/strong><\/p>\n<p>Passato il momento pi\u00f9 critico, per il ballerino \u00e8 arrivato inevitabilmente il tempo delle domande. Andreas si \u00e8 interrogato a lungo sulle <strong>possibili cause di quanto accaduto<\/strong>, ripercorrendo mentalmente ogni alimento portato a tavola, senza per\u00f2 riuscire ad arrivare a una certezza: \u201c<strong>Non so da cosa sia dipeso di preciso,<\/strong> credo possa essere stato il tonno o il pistacchio o il cavolo viola. In ogni caso<strong> far\u00f2 il test delle allergie\u201d<\/strong>, ha spiegato, mostrando la volont\u00e0 di vederci chiaro una volta per tutte con gli esami specifici.<\/p>\n<p>Proprio da questa esperienza \u00e8 nato un piccolo ma sentito appello ai suoi follower:<strong> non sottovalutare mai episodi simili<\/strong> e sottoporsi ai test allergologici come forma di prevenzione. Un consiglio che Andreas sente di dover condividere dopo aver toccato con mano quanto possa essere spaventosa una reazione del genere se non gestita in tempo.<\/p>\n<p>E la sua non \u00e8, purtroppo, una storia isolata. Lo stesso ballerino ha infatti ricondiviso il post di <a href=\"https:\/\/dilei.it\/vip\/aldo-montano-ricoverato-allergia-caseina\/2486060\/\" rel=\"nofollow noopener\" target=\"_blank\">Aldo Montano,<\/a> anche lui <strong>ricoverato di recente<\/strong> proprio per un episodio di allergia. Due vicende diverse \u00a0che riportano l\u2019attenzione su un tema spesso sottovalutato: le reazioni allergiche possono manifestarsi all\u2019improvviso anche in chi non ha mai avuto problemi in passato, ed \u00e8 per questo che non bisogna mai ignorare i segnali che il corpo manda.<\/p>\n<p>\t\t\t\tScopri i personaggi in trend, le storie del momento e molto altro.<br \/>Dove? Sul <a href=\"https:\/\/whatsapp.com\/channel\/0029Vb68mVyHVvTWezDm7d0R\" target=\"_blank\" rel=\"noopener nofollow\">canale WhatsApp di DiLei!<\/a><\/p>\n<p>\t\t\t<a class=\"buttonCall\" href=\"https:\/\/whatsapp.com\/channel\/0029Vb68mVyHVvTWezDm7d0R\" target=\"_blank\" rel=\"noopener nofollow\" title=\"Seguici su WhatsApp\"><br \/>\n\t\t\t\tSeguici su WhatsApp<br \/>\n\t\t\t<\/a><\/p>\n","protected":false},"excerpt":{"rendered":"Un pranzo come tanti che si \u00e8 trasformato in pochi minuti in un momento di vero spavento. \u00c8&hellip;\n","protected":false},"author":3,"featured_media":570980,"comment_status":"","ping_status":"","sticky":false,"template":"","format":"standard","meta":{"footnotes":"","_share_on_mastodon":"0"},"categories":[1451],"tags":[100147,29842,1621,1620,203,204,1537,90,89,86],"class_list":["post-570979","post","type-post","status-publish","format-standard","has-post-thumbnail","category-celebrita","tag-allergie","tag-andreas-muller","tag-celebrita","tag-celebrities","tag-entertainment","tag-intrattenimento","tag-it","tag-italia","tag-italy","tag-vip"],"share_on_mastodon":{"url":"https:\/\/pubeurope.com\/@it\/116868294008203477","error":""},"_links":{"self":[{"href":"https:\/\/www.europesays.com\/it\/wp-json\/wp\/v2\/posts\/570979","targetHints":{"allow":["GET"]}}],"collection":[{"href":"https:\/\/www.europesays.com\/it\/wp-json\/wp\/v2\/posts"}],"about":[{"href":"https:\/\/www.europesays.com\/it\/wp-json\/wp\/v2\/types\/post"}],"author":[{"embeddable":true,"href":"https:\/\/www.europesays.com\/it\/wp-json\/wp\/v2\/users\/3"}],"replies":[{"embeddable":true,"href":"https:\/\/www.europesays.com\/it\/wp-json\/wp\/v2\/comments?post=570979"}],"version-history":[{"count":0,"href":"https:\/\/www.europesays.com\/it\/wp-json\/wp\/v2\/posts\/570979\/revisions"}],"wp:featuredmedia":[{"embeddable":true,"href":"https:\/\/www.europesays.com\/it\/wp-json\/wp\/v2\/media\/570980"}],"wp:attachment":[{"href":"https:\/\/www.europesays.com\/it\/wp-json\/wp\/v2\/media?parent=570979"}],"wp:term":[{"taxonomy":"category","embeddable":true,"href":"https:\/\/www.europesays.com\/it\/wp-json\/wp\/v2\/categories?post=570979"},{"taxonomy":"post_tag","embeddable":true,"href":"https:\/\/www.europesays.com\/it\/wp-json\/wp\/v2\/tags?post=570979"}],"curies":[{"name":"wp","href":"https:\/\/api.w.org\/{rel}","templated":true}]}}