{"id":571136,"date":"2026-07-05T18:36:13","date_gmt":"2026-07-05T18:36:13","guid":{"rendered":"https:\/\/www.europesays.com\/it\/571136\/"},"modified":"2026-07-05T18:36:13","modified_gmt":"2026-07-05T18:36:13","slug":"italia-ucraina-0-1-europei-under-19-azzurrini-eliminati","status":"publish","type":"post","link":"https:\/\/www.europesays.com\/it\/571136\/","title":{"rendered":"Italia-Ucraina 0-1 Europei Under 19: azzurrini eliminati"},"content":{"rendered":"<p>                                Agli azzurrini di Bollini (con Liberali, non al meglio, in panchina per 90&#8242;) sarebbe bastato un punto per accedere alle semifinali. Passa la Croazia grazie al maggior numero di gol segnati dopo il 3-0 alla Serbia<\/p>\n<p class=\"paragraph\" spellcheck=\"true\">Scivola all&#8217;ultima curva l&#8217;Italia U19, eliminata dall&#8217;Ucraina (gi\u00e0 qualificata) quando sarebbe bastato il pari per andare in semifinale col secondo posto. La delusione per gli azzurrini c&#8217;\u00e8 tutta, visto che il girone sembrava pi\u00f9 alla portata rispetto all&#8217;altro vinto dalla Spagna con la Germania seconda. L&#8217;Ucraina chiude cos\u00ec a punteggio pieno (lo stimolo di arrivare primi, ovviamente, era proprio evitare la fortissima Spagna&#8230;) e nell&#8217;altra semifinale approda la Croazia, a quota 4 punti come l&#8217;Italia ma qualificata per il maggior numero di gol segnati dopo il netto 3-0 alla Serbia. Peggio di cos\u00ec, non poteva andare. La spedizione in Galles, con l&#8217;amaro in bocca, comunque non finisce qui: mercoled\u00ec contro la Danimarca lo spareggio tra le terze, che vale un posto al Mondiale U20 del 2027.<\/p>\n<p>    la beffa\u2014 \u00a0<\/p>\n<p class=\"paragraph is-inline\" spellcheck=\"true\">Rispetto allo 0-0 con la Croazia, Bollini ne cambia tre e lascia per 90&#8242; in panchina Mattia Liberali (non al meglio come si era visto nella partita precedente, al suo posto Mantini). Partono dall&#8217;inizio Marello al posto di Cocchi da laterale sinistro di difesa ed Elimoghale &#8211; esordio da titolare per lui &#8211; nel tridente al posto di Mosconi. Il centravanti dell&#8217;Ucraina &#8211; che cambia mezza squadra, con la qualificazione gi\u00e0 in tasca &#8211; \u00e8 Bohdan Popov, 5 gol nell&#8217;ultima Serie B con la maglia dell&#8217;Empoli. L&#8217;inizio sembra promettente, al 16&#8242; Marello, col suo sinistro incantato, fa vibrare la traversa,  ma la beffa \u00e8 dietro l&#8217;angolo: l&#8217;Italia infatti non si fa trovare sistemata al meglio quando il brevilineo Olychenko (nel Bayern, con la seconda squadra) parte in slalom sulla trequarti di sinistra, sguscia in mezzo a Mantini e Natali per poi mettere a sedere anche Verde con l&#8217;ultima finta. Un gran gol, agevolato per\u00f2 da una difesa che non ha avuto esattamente la faccia cattiva. La reazione \u00e8 immediata e passa dai tentativi di Verde su sviluppo di angolo e poi di Wiafe dal limite, senza fortuna, poco prima dell&#8217;intervallo.<\/p>\n<p><a class=\"is-partner-link\" href=\"https:\/\/aipredictor.gazzetta.it\/?intcmp=Nazionali\" rel=\"nofollow noopener\" target=\"_blank\">Promo Mondiale 1\u20ac al mese per 3 mesi &#8211; Scopri chi vince con Gazzetta AI Predictor!<\/a><\/p>\n<p>    assalto a vuoto\u2014 \u00a0<\/p>\n<p class=\"paragraph is-inline\" spellcheck=\"true\">Bollini inizia il secondo tempo con un attaccante vero in pi\u00f9, pur senza discostarsi dal suo 4-3-3 fluido: Coletta arretra da mezzala lasciando spazio nel tridente a Mosconi, che prende il posto di Mantini. Continuiamo a fare densit\u00e0 nell&#8217;area avversaria ma senza il guizzo giusto, con qualche dubbio su un contatto aereo che vede finire gi\u00f9 Iddrissou. Aggiungiamo ulteriore sostanza in attacco con Arena (pi\u00f9 uomo d&#8217;area) al posto di Elimoghale e i primi frutti arrivano al 78&#8242; con uno scambio nello stretto tra Nardin e Mosconi che tira sull&#8217;esterno della rete. Il pari sembra nell&#8217;aria, ma Marchenko (teoricamente portiere di riserva) si esalta sulla ribattuta ravvicinata di Coletta. Con l&#8217;Italia sbilanciata in avanti, l&#8217;Ucraina ci grazia due volte non riuscendo a infilare Pessina. Ma intanto, dall&#8217;altro campo, la brutta notizia del tris della Croazia sulla Serbia. Ma c&#8217;\u00e8 poco da pensare ai fatti degli altri. L&#8217;Italia, che aveva il destino nelle sue mani, si \u00e8 buttata via.<\/p>\n<p class=\"is-copyright\">\u00a9 RIPRODUZIONE RISERVATA<\/p>\n","protected":false},"excerpt":{"rendered":"Agli azzurrini di Bollini (con Liberali, non al meglio, in panchina per 90&#8242;) sarebbe bastato un punto per&hellip;\n","protected":false},"author":3,"featured_media":571137,"comment_status":"","ping_status":"","sticky":false,"template":"","format":"standard","meta":{"footnotes":"","_share_on_mastodon":"0"},"categories":[1452],"tags":[32,3186,841,65203,25230,3482,190913,721,6195,61080,7144,767,49753,121340,1740,1976,89452,1302,1537,90,89,30323,314746,74671,15769,1312,314747,314748,3484,14711,3671,3338,48711,358,1739,245,244,170,2199],"class_list":["post-571136","post","type-post","status-publish","format-standard","has-post-thumbnail","category-calcio","tag-andare","tag-angolo","tag-area","tag-azzurrini","tag-bastato","tag-beffa","tag-bollini","tag-calcio","tag-cambia","tag-coletta","tag-croazia","tag-difesa","tag-eliminata","tag-elimoghale","tag-football","tag-gol","tag-gol-segnati","tag-inizio","tag-it","tag-italia","tag-italy","tag-liberali","tag-mantini","tag-marello","tag-mosconi","tag-numero","tag-numero-gol","tag-numero-gol-segnati","tag-panchina","tag-pari","tag-passa","tag-primi","tag-qualificata","tag-serbia","tag-soccer","tag-sport","tag-sports","tag-ucraina","tag-ultima"],"share_on_mastodon":{"url":"https:\/\/pubeurope.com\/@it\/116868821463784388","error":""},"_links":{"self":[{"href":"https:\/\/www.europesays.com\/it\/wp-json\/wp\/v2\/posts\/571136","targetHints":{"allow":["GET"]}}],"collection":[{"href":"https:\/\/www.europesays.com\/it\/wp-json\/wp\/v2\/posts"}],"about":[{"href":"https:\/\/www.europesays.com\/it\/wp-json\/wp\/v2\/types\/post"}],"author":[{"embeddable":true,"href":"https:\/\/www.europesays.com\/it\/wp-json\/wp\/v2\/users\/3"}],"replies":[{"embeddable":true,"href":"https:\/\/www.europesays.com\/it\/wp-json\/wp\/v2\/comments?post=571136"}],"version-history":[{"count":0,"href":"https:\/\/www.europesays.com\/it\/wp-json\/wp\/v2\/posts\/571136\/revisions"}],"wp:featuredmedia":[{"embeddable":true,"href":"https:\/\/www.europesays.com\/it\/wp-json\/wp\/v2\/media\/571137"}],"wp:attachment":[{"href":"https:\/\/www.europesays.com\/it\/wp-json\/wp\/v2\/media?parent=571136"}],"wp:term":[{"taxonomy":"category","embeddable":true,"href":"https:\/\/www.europesays.com\/it\/wp-json\/wp\/v2\/categories?post=571136"},{"taxonomy":"post_tag","embeddable":true,"href":"https:\/\/www.europesays.com\/it\/wp-json\/wp\/v2\/tags?post=571136"}],"curies":[{"name":"wp","href":"https:\/\/api.w.org\/{rel}","templated":true}]}}