{"id":571177,"date":"2026-07-05T19:13:14","date_gmt":"2026-07-05T19:13:14","guid":{"rendered":"https:\/\/www.europesays.com\/it\/571177\/"},"modified":"2026-07-05T19:13:14","modified_gmt":"2026-07-05T19:13:14","slug":"elena-sofia-ricci-contro-i-palinsesti-tv-basta-fiction-alle-22","status":"publish","type":"post","link":"https:\/\/www.europesays.com\/it\/571177\/","title":{"rendered":"Elena Sofia Ricci contro i palinsesti tv: \u201cBasta fiction alle 22\u201d"},"content":{"rendered":"<p>Volto tra i pi\u00f9 amati delle fiction italiane, <strong>Elena Sofia Ricci<\/strong> si prepara ad un altro anno da protagonista assoluta sul piccolo schermo. L\u2019attrice toscana torner\u00e0 infatti con la terza stagione de I casi di Teresa Battaglia \u2013 Figlia della cenere, tratta dall\u2019omonimo romanzo di Ilaria Tuti. Proprio per presentare il suo nuovo progetto, Elena Sofia \u00e8 stata ospite dell\u2019Italian Global Series di Rimini, cogliendo l\u2019occasione per lanciare un appello alle tv: <strong>anticipare l\u2019inizio della prima serata.<\/strong>\n<\/p>\n<p>Elena Sofia Ricci contro i palinsesti tv<\/p>\n<p>L\u2019Italian Global Series di Rimini \u00e8 un evento che celebra i protagonisti e i progetti del piccolo schermo. Tra gli ospiti della kermesse, quest\u2019anno c\u2019\u00e8 anche <a href=\"https:\/\/dilei.it\/star-e-vip\/elena-sofia-ricci\/\" rel=\"nofollow noopener\" target=\"_blank\">Elena Sofia Ricci,<\/a> che il prossimo autunno torner\u00e0 con la terza stagione della fiction I casi di Teresa Battaglia \u2013 Figlia della cenere.\u00a0L\u2019interprete toscana, con la schiettezza che la caratterizza, ha colto l\u2019occasione per rilanciare una causa molto a cuore a tutti gli spettatori:<strong> l\u2019orario di inizio della prima serata.<\/strong><\/p>\n<p>\u201cLa messa in onda alle 22 \u00e8 scandalosa. Sono incavolata nera e mi oppongo alla messa in onda cos\u00ec tardi. <strong>Una volta era alle 20.30<\/strong>, quindi si \u00e8 passati alle 21.15, poi alle 22. Non \u00e8 giusto. Capisco tutte le logiche, ma noi abbiamo lavorato come assassini, e non si possono vedere i nostri prodotti cos\u00ec maltrattati, che non hanno il successo che potrebbero avere se andassero in onda anche tre quarti d\u2019ora prima\u201d, ha spiegato l\u2019attrice.<\/p>\n<p>Elena Sofia Ricci non sembra proprio condividere alcune decisioni dei vertici: \u201cPerch\u00e9 la serialit\u00e0 televisiva tutta deve essere cos\u00ec <strong>tanto penalizzata dalle logiche degli ascolti?<\/strong> Si mettessero d\u2019accordo. Mandare in onda una sola puntata? Secondo me non \u00e8 una soluzione: la devono finire di mandarci in onda alle 22\u201d.<\/p>\n<p>Elena Sofia Ricci, dal cinema alla tv<\/p>\n<p>Da anni sulla cresta dell\u2019onda, Elena Sofia Ricci \u00e8 riuscita a passare con disinvoltura dal cinema al teatro, ma il successo maggiore lo ha probabilmente ottenuto sul piccolo schermo: \u201cOrmai vogliono fare tutti le serie tv, ma per anni <strong>sono stata considerata un\u2019attrice di serie B<\/strong> perch\u00e9 recitavo in tante fiction\u201d, ha comunque spiegato la diva.<\/p>\n<p>Il suo obiettivo? \u201cFin da quando avevo diciannove anni ho voluto essere<strong> un\u2019attrice e una donna libera<\/strong> da questo punto di vista. E un po\u2019 l\u2019ho pagato. Mia mamma \u00e8 stata la prima donna scenografa del cinema; io, nel mio piccolo, ho voluto fare la mia rivoluzione: essere un\u2019attrice che non si faceva incasellare. E quindi non venivo in mente\u201d.<\/p>\n<p>Oggi Elena Sofia passa con disinvoltura dalle fiction Rai ai film di <strong>Paolo Sorrentino<\/strong>, e ricorda con affetto i divi con cui ha condiviso lo schermo: \u201cSono abbastanza grande da aver lavorato con Tognazzi, Manfredi, Fernando Rey, Max Von Sydow da cui ho avuto tanti doni: il dono della loro esperienza, del loro sapersi dare. Ho pensato di fare lo stesso: darmi al pubblico\u201d.<\/p>\n<p>Il consiglio pi\u00f9 prezioso, tuttavia, \u00e8 arrivato da un indimenticabile star del cinema italiano: \u201cHo seguito il consiglio che mi diede <strong>Marcello Mastroianni<\/strong>, che era amico di famiglia. Frequentava casa nostra, e mi chiese: ma tu che vuoi fare? Quando gli risposi l\u2019attrice, mi disse: accetta tutto, fai tutto, perch\u00e9 questo mestiere si impara facendolo. Non ho mai dimenticato le sue parole\u201d.<\/p>\n<p>\t\t\t\tScopri i personaggi in trend, le storie del momento e molto altro.<br \/>Dove? Sul <a href=\"https:\/\/whatsapp.com\/channel\/0029Vb68mVyHVvTWezDm7d0R\" target=\"_blank\" rel=\"noopener nofollow\">canale WhatsApp di DiLei!<\/a><\/p>\n<p>\t\t\t<a class=\"buttonCall\" href=\"https:\/\/whatsapp.com\/channel\/0029Vb68mVyHVvTWezDm7d0R\" target=\"_blank\" rel=\"noopener nofollow\" title=\"Seguici su WhatsApp\"><br \/>\n\t\t\t\tSeguici su WhatsApp<br \/>\n\t\t\t<\/a><\/p>\n","protected":false},"excerpt":{"rendered":"Volto tra i pi\u00f9 amati delle fiction italiane, Elena Sofia Ricci si prepara ad un altro anno da&hellip;\n","protected":false},"author":3,"featured_media":571178,"comment_status":"","ping_status":"","sticky":false,"template":"","format":"standard","meta":{"footnotes":"","_share_on_mastodon":"0"},"categories":[174],"tags":[10746,203,204,1537,90,89,86],"class_list":["post-571177","post","type-post","status-publish","format-standard","has-post-thumbnail","category-intrattenimento","tag-elena-sofia-ricci","tag-entertainment","tag-intrattenimento","tag-it","tag-italia","tag-italy","tag-vip"],"share_on_mastodon":{"url":"https:\/\/pubeurope.com\/@it\/116868966522622746","error":""},"_links":{"self":[{"href":"https:\/\/www.europesays.com\/it\/wp-json\/wp\/v2\/posts\/571177","targetHints":{"allow":["GET"]}}],"collection":[{"href":"https:\/\/www.europesays.com\/it\/wp-json\/wp\/v2\/posts"}],"about":[{"href":"https:\/\/www.europesays.com\/it\/wp-json\/wp\/v2\/types\/post"}],"author":[{"embeddable":true,"href":"https:\/\/www.europesays.com\/it\/wp-json\/wp\/v2\/users\/3"}],"replies":[{"embeddable":true,"href":"https:\/\/www.europesays.com\/it\/wp-json\/wp\/v2\/comments?post=571177"}],"version-history":[{"count":0,"href":"https:\/\/www.europesays.com\/it\/wp-json\/wp\/v2\/posts\/571177\/revisions"}],"wp:featuredmedia":[{"embeddable":true,"href":"https:\/\/www.europesays.com\/it\/wp-json\/wp\/v2\/media\/571178"}],"wp:attachment":[{"href":"https:\/\/www.europesays.com\/it\/wp-json\/wp\/v2\/media?parent=571177"}],"wp:term":[{"taxonomy":"category","embeddable":true,"href":"https:\/\/www.europesays.com\/it\/wp-json\/wp\/v2\/categories?post=571177"},{"taxonomy":"post_tag","embeddable":true,"href":"https:\/\/www.europesays.com\/it\/wp-json\/wp\/v2\/tags?post=571177"}],"curies":[{"name":"wp","href":"https:\/\/api.w.org\/{rel}","templated":true}]}}