{"id":571243,"date":"2026-07-05T20:08:26","date_gmt":"2026-07-05T20:08:26","guid":{"rendered":"https:\/\/www.europesays.com\/it\/571243\/"},"modified":"2026-07-05T20:08:26","modified_gmt":"2026-07-05T20:08:26","slug":"irene-forte-e-la-blue-zone-a-caltabellotta-che-ha-ispirato-il-suo-programma-longevita-al-verdura-resort","status":"publish","type":"post","link":"https:\/\/www.europesays.com\/it\/571243\/","title":{"rendered":"Irene Forte e la Blue Zone a Caltabellotta che ha ispirato il suo programma longevit\u00e0 al Verdura Resort"},"content":{"rendered":"<p>\u201cIl benessere \u00e8 qualcosa che si costruisce nel modo in cui si vive. Sono cresciuta immersa nello stile di vita mediterraneo, dove il buon cibo, il tempo trascorso nella natura e la comunit\u00e0 non sono lussi, ma necessit\u00e0. Questo mi \u00e8 sempre sembrato l&#8217;approccio pi\u00f9 intelligente e sostenibile alla salute. Tutto ci\u00f2 che faccio, dalla skincare ai programmi spa, \u00e8 un&#8217;estensione di questa idea: quando si offre al corpo e alla pelle ci\u00f2 di cui hanno realmente bisogno, loro rispondono. Si tratta di fare le cose giuste, con costanza e con intenzione\u201d, <strong>dice Irene.<\/strong><\/p>\n<p><img decoding=\"async\" alt=\"Irene Forte\" loading=\"lazy\" class=\"ResponsiveImageContainer-dkeESL cQPiWi responsive-image__image\"   src=\"https:\/\/www.europesays.com\/it\/wp-content\/uploads\/2026\/07\/Irene_Forte_Headshot_DM_Aug_20.jpg\"\/><\/p>\n<p>La Sicilia \u00e8 il suo luogo d&#8217;anima, dove tutto torna: \u201cQuest&#8217;isola non \u00e8 soltanto il posto da cui provengono i nostri ingredienti, \u00e8 lo spirito vivo del mio marchio skincare. I colori della sua terra hanno ispirato il nostro packaging mentre la dieta mediterranea le nostre formulazioni. \u00c8 anche il luogo in cui il marchio \u00e8 nato, dove mi sono sposata e dove sono stato accolta come cittadina onoraria di Caltabellotta, il legame \u00e8 quindi profondissimo. Collaboriamo strettamente con artigiani e agricoltori locali e sosteniamo il Sicily Environment Fund. C&#8217;\u00e8 qualcosa, in quest&#8217;isola, che non si trova in nessun altro luogo: la luce, la ricchezza della terra, la generosit\u00e0 delle persone, la profondit\u00e0 della cultura. \u00c8 antica e viva allo stesso tempo. Per me, il Verdura \u00e8 casa, nel senso pi\u00f9 profondo del termine, e occupa un posto davvero speciale nel mio cuore\u201d.<\/p>\n","protected":false},"excerpt":{"rendered":"\u201cIl benessere \u00e8 qualcosa che si costruisce nel modo in cui si vive. Sono cresciuta immersa nello stile&hellip;\n","protected":false},"author":3,"featured_media":571244,"comment_status":"","ping_status":"","sticky":false,"template":"","format":"standard","meta":{"footnotes":"","_share_on_mastodon":"0"},"categories":[173],"tags":[1719,1537,90,89,195,198,199,197,200,201,2917,194,196],"class_list":["post-571243","post","type-post","status-publish","format-standard","has-post-thumbnail","category-scienza-e-tecnologia","tag-benessere","tag-it","tag-italia","tag-italy","tag-science","tag-science-and-technology","tag-scienceandtechnology","tag-scienza","tag-scienza-e-tecnologia","tag-scienzaetecnologia","tag-spa","tag-technology","tag-tecnologia"],"share_on_mastodon":{"url":"https:\/\/pubeurope.com\/@it\/116869182842375824","error":""},"_links":{"self":[{"href":"https:\/\/www.europesays.com\/it\/wp-json\/wp\/v2\/posts\/571243","targetHints":{"allow":["GET"]}}],"collection":[{"href":"https:\/\/www.europesays.com\/it\/wp-json\/wp\/v2\/posts"}],"about":[{"href":"https:\/\/www.europesays.com\/it\/wp-json\/wp\/v2\/types\/post"}],"author":[{"embeddable":true,"href":"https:\/\/www.europesays.com\/it\/wp-json\/wp\/v2\/users\/3"}],"replies":[{"embeddable":true,"href":"https:\/\/www.europesays.com\/it\/wp-json\/wp\/v2\/comments?post=571243"}],"version-history":[{"count":0,"href":"https:\/\/www.europesays.com\/it\/wp-json\/wp\/v2\/posts\/571243\/revisions"}],"wp:featuredmedia":[{"embeddable":true,"href":"https:\/\/www.europesays.com\/it\/wp-json\/wp\/v2\/media\/571244"}],"wp:attachment":[{"href":"https:\/\/www.europesays.com\/it\/wp-json\/wp\/v2\/media?parent=571243"}],"wp:term":[{"taxonomy":"category","embeddable":true,"href":"https:\/\/www.europesays.com\/it\/wp-json\/wp\/v2\/categories?post=571243"},{"taxonomy":"post_tag","embeddable":true,"href":"https:\/\/www.europesays.com\/it\/wp-json\/wp\/v2\/tags?post=571243"}],"curies":[{"name":"wp","href":"https:\/\/api.w.org\/{rel}","templated":true}]}}