{"id":571288,"date":"2026-07-05T20:53:17","date_gmt":"2026-07-05T20:53:17","guid":{"rendered":"https:\/\/www.europesays.com\/it\/571288\/"},"modified":"2026-07-05T20:53:17","modified_gmt":"2026-07-05T20:53:17","slug":"anna-valle-a-50-anni-non-ho-paura-della-menopausa-ho-paura-di-non-esserci-per-le-persone-che-amo","status":"publish","type":"post","link":"https:\/\/www.europesays.com\/it\/571288\/","title":{"rendered":"Anna Valle: \u00abA 50 anni non ho paura della menopausa. Ho paura di non esserci per le persone che amo\u00bb"},"content":{"rendered":"<p class=\"has-dropcap body dropcap\">Per <a href=\"https:\/\/www.vanityfair.it\/article\/anna-valle-compio-50-anni-sfido-qualsiasi-donna-infischiarsene-mi-guardo-intorno-mi-sento-amata-passa\" target=\"_blank\" rel=\"nofollow noopener\"><strong>Anna Valle<\/strong><\/a> il desiderio, una delle parole chiave scelte della nuova edizione de <strong>La Milanesiana<\/strong>, l&#8217;evento ideato e diretto da Elisabetta Sgarbi che vede l&#8217;attrice tra le protagoniste, \u00e8 sempre stato centrale: \u00abPenso che desiderare sia un motore: \u00e8 bene che il nostro desiderio sia sempre qualcosa di costruttivo, che cerchiamo di indirizzare dalla parte giusta\u00bb, commenta Valle, ospite il 18 luglio a Bormio con uno spettacolo ispirato al libro Essere Armani di Renata Molho, accompagnata dalle musiche di Ferruccio Spinetti al contrabbasso e Giovanni Ceccarelli al pianoforte.<\/p>\n<p><strong>Come sono cambiati i suoi desideri rispetto a prima?<\/strong><br \/>\u00abSenz&#8217;altro sono pi\u00f9 pratici. Quando si \u00e8 pi\u00f9 giovani i desideri sono dati dall&#8217;inesperienza e dall&#8217;istinto mentre, man mano che cresci, diventano pi\u00f9 consapevoli e pi\u00f9 a breve termine. Ho dei desideri molto semplici\u00bb.<\/p>\n<p><strong>Tipo?<\/strong><br \/>\u00abDesidero avere tempo per le persone che amo, una cosa che magari a vent&#8217;anni non avrei pensato. Quando ero piccola, per dire, volevo diventare un&#8217;astronauta perch\u00e9 andare nello spazio mi ha sempre affascinata. Di certo non ho mai desiderato il successo nel senso stretto del parola, perch\u00e9 di fatto il successo che cos&#8217;\u00e8, alla fine?\u00bb.<\/p>\n<p><strong>Me lo dica lei.<\/strong><br \/>\u00ab\u00c8 una cosa secondaria rispetto a quello che pu\u00f2 essere il desiderio di fare qualcosa che ti appassioni. In questo, il successo \u00e8 qualcosa di subordinato. Capisco che molti ragazzi di oggi la pensano diversamente, e forse proprio per questo dovrebbero essere pi\u00f9 supportati e consigliati esattamente come, nel mio piccolo, cerco di fare io con i miei figli. Perch\u00e9 per me \u00e8 chiaro che ognuno di noi abbia successo quando \u00e8 soddisfatto di s\u00e9 stesso\u00bb.<\/p>\n<p><strong>Quand&#8217;\u00e8 che Anna Valle \u00e8 stata soddisfatta di s\u00e9 stessa?<\/strong><br \/>\u00abCi sono stati del lavori, come quello di Commesse, o come Soraya, o come Le stagioni del cuore, o <a href=\"https:\/\/www.vanityfair.it\/article\/gianmarco-saurino-giorgia-meloni-anna-valle-scandalo-teatro-intervista\" target=\"_blank\" rel=\"nofollow noopener\">come il recente spettacolo a teatro Scandalo di Ivan Cotroneo<\/a> che mi hanno fatto capire di essere sulla strada giusta, quella migliore per me in quel momento\u00bb.<\/p>\n<p><img decoding=\"async\" alt=\"Anna Valle \u00abA 50 anni non ho paura della menopausa. Ho paura di non esserci per le persone che amo\u00bb\" loading=\"lazy\" class=\"ResponsiveImageContainer-dkeESL cQPiWi responsive-image__image\"   src=\"https:\/\/www.europesays.com\/it\/wp-content\/uploads\/2026\/07\/IPA_Agency_IPA44860782.jpg\"\/><\/p>\n<p>Vincenzo Landi \/ ipa-agency.net<\/p>\n","protected":false},"excerpt":{"rendered":"Per Anna Valle il desiderio, una delle parole chiave scelte della nuova edizione de La Milanesiana, l&#8217;evento ideato&hellip;\n","protected":false},"author":3,"featured_media":571289,"comment_status":"","ping_status":"","sticky":false,"template":"","format":"standard","meta":{"footnotes":"","_share_on_mastodon":"0"},"categories":[1451],"tags":[148264,1621,1620,203,2799,6272,204,1537,90,89],"class_list":["post-571288","post","type-post","status-publish","format-standard","has-post-thumbnail","category-celebrita","tag-anna-valle","tag-celebrita","tag-celebrities","tag-entertainment","tag-gossip","tag-interviste","tag-intrattenimento","tag-it","tag-italia","tag-italy"],"share_on_mastodon":{"url":"https:\/\/pubeurope.com\/@it\/116869360170652362","error":""},"_links":{"self":[{"href":"https:\/\/www.europesays.com\/it\/wp-json\/wp\/v2\/posts\/571288","targetHints":{"allow":["GET"]}}],"collection":[{"href":"https:\/\/www.europesays.com\/it\/wp-json\/wp\/v2\/posts"}],"about":[{"href":"https:\/\/www.europesays.com\/it\/wp-json\/wp\/v2\/types\/post"}],"author":[{"embeddable":true,"href":"https:\/\/www.europesays.com\/it\/wp-json\/wp\/v2\/users\/3"}],"replies":[{"embeddable":true,"href":"https:\/\/www.europesays.com\/it\/wp-json\/wp\/v2\/comments?post=571288"}],"version-history":[{"count":0,"href":"https:\/\/www.europesays.com\/it\/wp-json\/wp\/v2\/posts\/571288\/revisions"}],"wp:featuredmedia":[{"embeddable":true,"href":"https:\/\/www.europesays.com\/it\/wp-json\/wp\/v2\/media\/571289"}],"wp:attachment":[{"href":"https:\/\/www.europesays.com\/it\/wp-json\/wp\/v2\/media?parent=571288"}],"wp:term":[{"taxonomy":"category","embeddable":true,"href":"https:\/\/www.europesays.com\/it\/wp-json\/wp\/v2\/categories?post=571288"},{"taxonomy":"post_tag","embeddable":true,"href":"https:\/\/www.europesays.com\/it\/wp-json\/wp\/v2\/tags?post=571288"}],"curies":[{"name":"wp","href":"https:\/\/api.w.org\/{rel}","templated":true}]}}