{"id":571350,"date":"2026-07-05T21:59:20","date_gmt":"2026-07-05T21:59:20","guid":{"rendered":"https:\/\/www.europesays.com\/it\/571350\/"},"modified":"2026-07-05T21:59:20","modified_gmt":"2026-07-05T21:59:20","slug":"ferrero-assume-in-piemonte-al-via-le-selezioni-ad-alba-candidature-aperte-anche-a-chi-e-senza-esperienza","status":"publish","type":"post","link":"https:\/\/www.europesays.com\/it\/571350\/","title":{"rendered":"Ferrero assume in Piemonte: al via le selezioni ad Alba, candidature aperte anche a chi \u00e8 senza esperienza"},"content":{"rendered":"<p>    di<br \/>\n    Nicol\u00f2 Fagone La Zita<\/p>\n<p class=\"summary-art is-line-h-12\">Campagna di selezione per l&#8217;inserimento di nuovi operai nello storico stabilimento albese. Le candidature possono essere presentate esclusivamente attraverso la piattaforma ufficiale Ferrero Careers<\/p>\n<p class=\"chapter-paragraph\">Nuove opportunit\u00e0 di lavoro in Piemonte con Ferrero. Il gruppo dolciario di Alba ha aperto la campagna di selezione per l&#8217;inserimento di nuovi operai nello storico stabilimento albese in vista della campagna produttiva 2026. La ricerca per la prima volta si allarga anche ai candidati senza una precedente esperienza nel <b>settore manifatturiero<\/b>, ampliando cos\u00ec la platea di chi desidera entrare a far parte di una delle aziende simbolo dell&#8217;industria piemontese.<\/p>\n<p class=\"chapter-paragraph\">L&#8217;azienda \u00e8 alla ricerca di personale da inserire con contratto stagionale all&#8217;interno dello stabilimento di Alba, <b>cuore produttivo del gruppo <\/b>fondato nel 1946 e oggi presente in oltre 170 Paesi con marchi come<b> Nutella, Kinder, Ferrero Rocher e Tic Tac<\/b>.    &#13;<br \/>\n&#13;<br \/>\n&#13;<br \/>\n&#13;<br \/>\n&#13;<br \/>\n&#13;<br \/>\n&#13;<br \/>\n&#13;<br \/>\n&#13;<br \/>\n&#13;<br \/>\n&#13;<br \/>\n&#13;<br \/>\n&#13;<br \/>\n&#13;<br \/>\n&#13;<br \/>\n&#13;<br \/>\n&#13;<br \/>\n&#13;<br \/>\n&#13;<br \/>\n&#13;<br \/>\n&#13;<br \/>\n&#13;<br \/>\n&#13;<br \/>\n&#13;<br \/>\n&#13;<br \/>\n&#13;<br \/>\n&#13;<br \/>\n&#13;<br \/>\n&#13;<br \/>\n&#13;<br \/>\n&#13;<br \/>\n&#13;<br \/>\n&#13;<br \/>\n&#13;<br \/>\n&#13;<br \/>\n&#13;<br \/>\n&#13;<br \/>\n&#13;<br \/>\n&#13;<br \/>\n&#13;<br \/>\n&#13;<br \/>\n&#13;<br \/>\n&#13;<br \/>\n&#13;<br \/>\n&#13;<br \/>\n&#13;<br \/>\n&#13;<br \/>\n&#13;<br \/>\n&#13;<br \/>\n&#13;<br \/>\n&#13;<br \/>\n&#13;<br \/>\n&#13;\n<\/p>\n<p class=\"chapter-paragraph\">Tra i requisiti richiesti figurano disponibilit\u00e0 a lavorare su tre turni e nei fine settimana, capacit\u00e0 di lavorare in squadra, attenzione alla qualit\u00e0 e flessibilit\u00e0 organizzativa. Non viene invece indicata come requisito indispensabile una precedente esperienza in fabbrica, elemento che rende la selezione <b>particolarmente interessante <\/b>anche per giovani alla prima occupazione o persone intenzionate a cambiare settore professionale.<\/p>\n<p class=\"chapter-paragraph\">Le candidature possono essere presentate esclusivamente attraverso la piattaforma ufficiale &#8220;<b>Ferrero Careers<\/b>&#8220;, dove vengono pubblicati e aggiornati tutti gli annunci. Per il Piemonte si tratta di un segnale positivo sul fronte dell&#8217;occupazione industriale. Ferrero continua infatti a investire sul sito di Alba, confermando il ruolo strategico dello stabilimento.<\/p>\n<p class=\"is-mr-t-20 is-mr-b-20\"><b><br \/>\n                    <a href=\"https:\/\/torino.corriere.it\/?intcmp=Notizielocali_nd_010623_corriere_ss_nd\" target=\"_blank\" rel=\"nofollow noopener\">Vai a tutte le notizie di Torino<\/a><br \/>\n            <\/b><\/p>\n<p class=\"chapter-paragraph\"><b><a href=\"https:\/\/www.corriere.it\/newsletter\/?theme=35&amp;intcmp=IIIcolonna_NL_CorTorino\" target=\"_blank\" rel=\"nofollow noopener\">Iscriviti alla newsletter di Corriere Torino<\/a><\/b><\/p>\n<p class=\"is-last-update\" datetime=\"2026-07-05T16:48:53+02:00\">5 luglio 2026<\/p>\n<p class=\"is-copyright\">\n            \u00a9 RIPRODUZIONE RISERVATA\n        <\/p>\n","protected":false},"excerpt":{"rendered":"di Nicol\u00f2 Fagone La Zita Campagna di selezione per l&#8217;inserimento di nuovi operai nello storico stabilimento albese. Le&hellip;\n","protected":false},"author":3,"featured_media":571351,"comment_status":"","ping_status":"","sticky":false,"template":"","format":"standard","meta":{"footnotes":"","_share_on_mastodon":"0"},"categories":[172],"tags":[178,8714,175510,177,39,314804,314805,35741,314806,314807,204488,54043,314808,4876,42627,1537,90,89,2059,4807,18438],"class_list":["post-571350","post","type-post","status-publish","format-standard","has-post-thumbnail","category-affari","tag-affari","tag-alba","tag-albese","tag-business","tag-campagna","tag-campagna-selezione","tag-campagna-selezione-inserimento","tag-candidature","tag-candidature-possono","tag-candidature-possono-presentate","tag-careers","tag-esclusivamente","tag-esclusivamente-piattaforma","tag-esperienza","tag-ferrero","tag-it","tag-italia","tag-italy","tag-piemonte","tag-selezione","tag-stabilimento"],"share_on_mastodon":{"url":"https:\/\/pubeurope.com\/@it\/116869619104639776","error":""},"_links":{"self":[{"href":"https:\/\/www.europesays.com\/it\/wp-json\/wp\/v2\/posts\/571350","targetHints":{"allow":["GET"]}}],"collection":[{"href":"https:\/\/www.europesays.com\/it\/wp-json\/wp\/v2\/posts"}],"about":[{"href":"https:\/\/www.europesays.com\/it\/wp-json\/wp\/v2\/types\/post"}],"author":[{"embeddable":true,"href":"https:\/\/www.europesays.com\/it\/wp-json\/wp\/v2\/users\/3"}],"replies":[{"embeddable":true,"href":"https:\/\/www.europesays.com\/it\/wp-json\/wp\/v2\/comments?post=571350"}],"version-history":[{"count":0,"href":"https:\/\/www.europesays.com\/it\/wp-json\/wp\/v2\/posts\/571350\/revisions"}],"wp:featuredmedia":[{"embeddable":true,"href":"https:\/\/www.europesays.com\/it\/wp-json\/wp\/v2\/media\/571351"}],"wp:attachment":[{"href":"https:\/\/www.europesays.com\/it\/wp-json\/wp\/v2\/media?parent=571350"}],"wp:term":[{"taxonomy":"category","embeddable":true,"href":"https:\/\/www.europesays.com\/it\/wp-json\/wp\/v2\/categories?post=571350"},{"taxonomy":"post_tag","embeddable":true,"href":"https:\/\/www.europesays.com\/it\/wp-json\/wp\/v2\/tags?post=571350"}],"curies":[{"name":"wp","href":"https:\/\/api.w.org\/{rel}","templated":true}]}}