{"id":571434,"date":"2026-07-05T23:23:17","date_gmt":"2026-07-05T23:23:17","guid":{"rendered":"https:\/\/www.europesays.com\/it\/571434\/"},"modified":"2026-07-05T23:23:17","modified_gmt":"2026-07-05T23:23:17","slug":"bengasi-corpo-di-surfista-in-mare-verifiche-su-mimmo-piepoli","status":"publish","type":"post","link":"https:\/\/www.europesays.com\/it\/571434\/","title":{"rendered":"Bengasi, corpo di surfista in mare: verifiche su Mimmo Piepoli"},"content":{"rendered":"<p><strong>Il Consolato generale d&#8217;Italia a Bengasi sta seguendo con le autorit\u00e0 libiche le procedure di identificazione di un corpo rinvenuto in mare insieme a una muta e a una tavola da kitesurf. L&#8217;attrezzatura sembrerebbe appartenere a Mimmo Piepoli, il surfista scomparso il 1\u00b0 maggio scorso al largo delle coste pugliesi. La conferma potr\u00e0 arrivare solo dopo l&#8217;esame del Dna<\/strong><\/p>\n<p>Un corpo \u00e8 stato recuperato in mare al largo di Bengasi, in Libia, insieme a una muta e a una tavola da kitesurf che potrebbero appartenere a Mimmo Piepoli, il kitesurfer italiano disperso dal 1\u00b0 maggio scorso al largo della Puglia. Il Consolato generale d&#8217;Italia nella citt\u00e0 libica sta seguendo insieme alle autorit\u00e0 locali le procedure per l&#8217;identificazione della salma. La conferma definitiva, fanno sapere dalla Farnesina, potr\u00e0 arrivare soltanto all&#8217;esito dell&#8217;esame del Dna.<\/p>\n<p>\u00a0<\/p>\n<p>\t        <img decoding=\"async\" crossorigin=\"anonymous\" src=\"https:\/\/www.europesays.com\/it\/wp-content\/uploads\/2026\/07\/MixCollage-05-Jul-2026-06-51-PM-7590.jpg\" class=\"c-inline-image__img j-lazyload\" itemprop=\"contentUrl\" loading=\"lazy\" data-cmp-hook-image=\"image\" alt=\"Mimmo Piepoli\" title=\"Mimmo Piepoli\"\/><\/p>\n<p>\t       \tMimmo Piepoli  &#8211;  Ansa\/Facebook<\/p>\n<p>\t\t\tIl ritrovamento e i primi riscontri<\/p>\n<p>Secondo quanto comunicato dalle autorit\u00e0 libiche, il corpo \u00e8 stato rinvenuto con addosso una muta e accompagnato da una tavola da kitesurf. Le caratteristiche dell&#8217;attrezzatura hanno subito fatto pensare al connazionale scomparso oltre due mesi fa durante un&#8217;uscita in mare nel Salento. Gli accertamenti tecnici per stabilire l&#8217;identit\u00e0 del corpo sono attualmente in corso.<\/p>\n<p>\u00a0<\/p>\n<p>\t\t\tIl ruolo della Farnesina<\/p>\n<p>Su richiesta del ministro degli Esteri Antonio Tajani, il ministero mantiene contatti costanti con la famiglia di Piepoli e con il sindaco di Erchie, Giuseppe Margheriti, il comune pugliese legato alla vicenda. Il Consolato generale a Bengasi ha inoltrato formale richiesta alle autorit\u00e0 libiche per avviare le procedure necessarie all&#8217;esame del Dna, unico strumento in grado di fornire una conferma certa dell&#8217;identit\u00e0. La sede diplomatica sta inoltre seguendo il caso in vista di un eventuale rimpatrio della salma.<\/p>\n<p>\t\t\tLa scomparsa del 1\u00b0 maggio<\/p>\n<p>Mimmo Piepoli era uscito in mare il 1\u00b0 maggio scorso per una sessione di kitesurf al largo delle coste pugliesi. Da quel giorno di lui non si erano avute pi\u00f9 notizie, nonostante le ricerche avviate nelle ore successive. Il possibile ritrovamento sulle coste libiche, a oltre due mesi di distanza, sarebbe compatibile con la deriva delle correnti nel Mediterraneo centrale, ma ogni ipotesi resta subordinata all&#8217;esito degli esami genetici.<\/p>\n<p>\t            TAG:<\/p>\n","protected":false},"excerpt":{"rendered":"Il Consolato generale d&#8217;Italia a Bengasi sta seguendo con le autorit\u00e0 libiche le procedure di identificazione di un&hellip;\n","protected":false},"author":3,"featured_media":571435,"comment_status":"","ping_status":"","sticky":false,"template":"","format":"standard","meta":{"footnotes":"","_share_on_mastodon":"0"},"categories":[79],"tags":[14,93,94,1537,90,89,8021,7,15,10898,11,84,91,12,85,92],"class_list":["post-571434","post","type-post","status-publish","format-standard","has-post-thumbnail","category-italia","tag-cronaca","tag-cronaca-italiana","tag-cronacaitaliana","tag-it","tag-italia","tag-italy","tag-libia","tag-news","tag-notizie","tag-puglia","tag-ultime-notizie","tag-ultime-notizie-e-news-di-oggi","tag-ultime-notizie-italia","tag-ultimenotizie","tag-ultimenotizieenewsdioggi","tag-ultimenotizieitalia"],"share_on_mastodon":{"url":"https:\/\/pubeurope.com\/@it\/116869950018631152","error":""},"_links":{"self":[{"href":"https:\/\/www.europesays.com\/it\/wp-json\/wp\/v2\/posts\/571434","targetHints":{"allow":["GET"]}}],"collection":[{"href":"https:\/\/www.europesays.com\/it\/wp-json\/wp\/v2\/posts"}],"about":[{"href":"https:\/\/www.europesays.com\/it\/wp-json\/wp\/v2\/types\/post"}],"author":[{"embeddable":true,"href":"https:\/\/www.europesays.com\/it\/wp-json\/wp\/v2\/users\/3"}],"replies":[{"embeddable":true,"href":"https:\/\/www.europesays.com\/it\/wp-json\/wp\/v2\/comments?post=571434"}],"version-history":[{"count":0,"href":"https:\/\/www.europesays.com\/it\/wp-json\/wp\/v2\/posts\/571434\/revisions"}],"wp:featuredmedia":[{"embeddable":true,"href":"https:\/\/www.europesays.com\/it\/wp-json\/wp\/v2\/media\/571435"}],"wp:attachment":[{"href":"https:\/\/www.europesays.com\/it\/wp-json\/wp\/v2\/media?parent=571434"}],"wp:term":[{"taxonomy":"category","embeddable":true,"href":"https:\/\/www.europesays.com\/it\/wp-json\/wp\/v2\/categories?post=571434"},{"taxonomy":"post_tag","embeddable":true,"href":"https:\/\/www.europesays.com\/it\/wp-json\/wp\/v2\/tags?post=571434"}],"curies":[{"name":"wp","href":"https:\/\/api.w.org\/{rel}","templated":true}]}}