{"id":571584,"date":"2026-07-06T02:30:20","date_gmt":"2026-07-06T02:30:20","guid":{"rendered":"https:\/\/www.europesays.com\/it\/571584\/"},"modified":"2026-07-06T02:30:20","modified_gmt":"2026-07-06T02:30:20","slug":"taylor-swift-e-travis-kelce-sposi-i-look-degli-invitati-vip-selena-gomez-con-un-tubino-di-cristalli-gigi-hadid-in-rosa-e-jennifer-lopez-total-black","status":"publish","type":"post","link":"https:\/\/www.europesays.com\/it\/571584\/","title":{"rendered":"Taylor Swift e Travis Kelce sposi, i look degli invitati vip: Selena Gomez con un tubino di cristalli, Gigi Hadid in rosa e Jennifer Lopez total black"},"content":{"rendered":"<p>Quello di <strong><a href=\"https:\/\/www.leggo.it\/t\/taylor-swift\" rel=\"nofollow noopener\" target=\"_blank\">Taylor Swift<\/a><\/strong> e <strong><a href=\"https:\/\/www.leggo.it\/t\/travis-kelce\" rel=\"nofollow noopener\" target=\"_blank\">Travis Kelce<\/a><\/strong> \u00e8 di certo il <strong><a href=\"https:\/\/www.leggo.it\/t\/matrimonio\" rel=\"nofollow noopener\" target=\"_blank\">matrimonio<\/a><\/strong> dell&#8217;anno. Il mega party al Madison Square Garden, lo stadio pi\u00f9 famoso al mondo, con pi\u00f9 di mille invitati, si \u00e8 trasformato in un evento destinato a entrare nella storia della cronaca rosa.<\/p>\n<p> I look degli invitati <\/p>\n<p>Ma, come accade per le celebrazioni pi\u00f9 esclusive, la cerimonia \u00e8 stata anche l&#8217;occasione perfetta per vedere sfilare modelle, attori, artisti e altri personaggi del mondo dello spettacolo con i loro <strong><a href=\"https:\/\/www.leggo.it\/t\/look\" rel=\"nofollow noopener\" target=\"_blank\">look<\/a><\/strong> spettacolari. Dal tubino di diamanti indossato da <strong><a href=\"https:\/\/www.leggo.it\/t\/selena-gomez\" rel=\"nofollow noopener\" target=\"_blank\">Selena Gomez<\/a><\/strong> fino all&#8217;outfit total black di <strong><a href=\"https:\/\/www.leggo.it\/t\/jennifer-lopez\" rel=\"nofollow noopener\" target=\"_blank\">Jennifer Lopez<\/a><\/strong>, gli ospiti hanno dato vita a un proprio red carpet regalando momenti di glamor degni delle pi\u00f9 importanti serate di Hollywood. <\/p>\n","protected":false},"excerpt":{"rendered":"Quello di Taylor Swift e Travis Kelce \u00e8 di certo il matrimonio dell&#8217;anno. Il mega party al Madison&hellip;\n","protected":false},"author":3,"featured_media":571585,"comment_status":"","ping_status":"","sticky":false,"template":"","format":"standard","meta":{"footnotes":"","_share_on_mastodon":"0"},"categories":[174],"tags":[203,204,1537,90,89,1550,467,8866,18669,6865,38035],"class_list":["post-571584","post","type-post","status-publish","format-standard","has-post-thumbnail","category-intrattenimento","tag-entertainment","tag-intrattenimento","tag-it","tag-italia","tag-italy","tag-jennifer-lopez","tag-look","tag-matrimonio","tag-selena-gomez","tag-taylor-swift","tag-travis-kelce"],"share_on_mastodon":{"url":"https:\/\/pubeurope.com\/@it\/116870684768908185","error":""},"_links":{"self":[{"href":"https:\/\/www.europesays.com\/it\/wp-json\/wp\/v2\/posts\/571584","targetHints":{"allow":["GET"]}}],"collection":[{"href":"https:\/\/www.europesays.com\/it\/wp-json\/wp\/v2\/posts"}],"about":[{"href":"https:\/\/www.europesays.com\/it\/wp-json\/wp\/v2\/types\/post"}],"author":[{"embeddable":true,"href":"https:\/\/www.europesays.com\/it\/wp-json\/wp\/v2\/users\/3"}],"replies":[{"embeddable":true,"href":"https:\/\/www.europesays.com\/it\/wp-json\/wp\/v2\/comments?post=571584"}],"version-history":[{"count":0,"href":"https:\/\/www.europesays.com\/it\/wp-json\/wp\/v2\/posts\/571584\/revisions"}],"wp:featuredmedia":[{"embeddable":true,"href":"https:\/\/www.europesays.com\/it\/wp-json\/wp\/v2\/media\/571585"}],"wp:attachment":[{"href":"https:\/\/www.europesays.com\/it\/wp-json\/wp\/v2\/media?parent=571584"}],"wp:term":[{"taxonomy":"category","embeddable":true,"href":"https:\/\/www.europesays.com\/it\/wp-json\/wp\/v2\/categories?post=571584"},{"taxonomy":"post_tag","embeddable":true,"href":"https:\/\/www.europesays.com\/it\/wp-json\/wp\/v2\/tags?post=571584"}],"curies":[{"name":"wp","href":"https:\/\/api.w.org\/{rel}","templated":true}]}}