{"id":571964,"date":"2026-07-06T09:51:16","date_gmt":"2026-07-06T09:51:16","guid":{"rendered":"https:\/\/www.europesays.com\/it\/571964\/"},"modified":"2026-07-06T09:51:16","modified_gmt":"2026-07-06T09:51:16","slug":"stati-uniti-per-la-maggioranza-degli-americani-non-valeva-la-pena-andare-in-guerra-con-liran","status":"publish","type":"post","link":"https:\/\/www.europesays.com\/it\/571964\/","title":{"rendered":"Stati Uniti, per la maggioranza degli americani non valeva la pena andare in guerra con l&#8217;Iran"},"content":{"rendered":"<p>    di<br \/>\n    Redazione Esteri<\/p>\n<p class=\"summary-art is-line-h-12\">La Casa Bianca chiede al Congresso altri 67 miliardi per coprire le spese del conflitto. Contrario il 58% degli elettori. Cresce il vantaggio dei democratici per le elezioni di novembre: +6%.  Restare nella Nato? Il 53% \u00e8 d&#8217;accordo<\/p>\n<p class=\"chapter-paragraph\">Il 58 per cento degli elettori<b> <\/b>che a novembre andranno a votare per il rinnovo del <b>Congresso Usa<\/b> \u00e8 convinto che la guerra contro l&#8217;<b>Iran<\/b> non valesse la spesa. Il nuovo sondaggio condotto per conto del quotidiano britannico Financial Times conferma quanto emerso nelle scorse settimane: la maggioranza degli americani ritiene che non valesse la pena scatenare un conflitto cos\u00ec costoso.\u00a0<\/p>\n<p>    Pacchetto da 67 miliardi<\/p>\n<p class=\"chapter-paragraph\">La Casa Bianca ha chiesto al Congresso di approvare un esborso di 67 miliardi di dollari dalle casse federali per coprire i costi della guerra cominciata il 28 febbraio. Pi\u00f9 sfumato ma comunque maggioritario il giudizio sui riflessi politici dell&#8217;intervento: il 44% degli intervistati per conto della societ\u00e0 Focaldata pensa che la guerra ha lasciato gli Stati Uniti in una posizione di accresciuta debolezza nei confronti del regime di Teheran, mentre il 31% crede il contrario.    &#13;<br \/>\n&#13;<br \/>\n&#13;<br \/>\n&#13;<br \/>\n&#13;<br \/>\n&#13;<br \/>\n&#13;<br \/>\n&#13;<br \/>\n&#13;<br \/>\n&#13;<br \/>\n&#13;<br \/>\n&#13;<br \/>\n&#13;<br \/>\n&#13;<br \/>\n&#13;<br \/>\n&#13;<br \/>\n&#13;<br \/>\n&#13;<br \/>\n&#13;<br \/>\n&#13;<br \/>\n&#13;<br \/>\n&#13;<br \/>\n&#13;<br \/>\n&#13;<br \/>\n&#13;<br \/>\n&#13;<br \/>\n&#13;<br \/>\n&#13;<br \/>\n&#13;<br \/>\n&#13;<br \/>\n&#13;<br \/>\n&#13;<br \/>\n&#13;<br \/>\n&#13;<br \/>\n&#13;<br \/>\n&#13;<br \/>\n&#13;<br \/>\n&#13;<br \/>\n&#13;<br \/>\n&#13;<br \/>\n&#13;<br \/>\n&#13;<br \/>\n&#13;<br \/>\n&#13;<br \/>\n&#13;<br \/>\n&#13;<br \/>\n&#13;<br \/>\n&#13;<br \/>\n&#13;<br \/>\n&#13;<br \/>\n&#13;<br \/>\n&#13;<br \/>\n&#13;\n<\/p>\n<p>    Restare nella Nato o andarsene?<\/p>\n<p class=\"chapter-paragraph\">Alla vigilia di un cruciale vertice della Nato in Turchia il sondaggio mostra che <b>il 53% degli americani <\/b>pensa sia meglio per il proprio Paese restare nell&#8217;Alleanza Atlantica, mentre meno della met\u00e0 (23%) vede l&#8217;immediato futuro americano fuori dalla Nato.<\/p>\n<p>    Popolarit\u00e0 ai minimi termini<\/p>\n<p class=\"chapter-paragraph\">A quattro mesi dalle elezioni di novembre, quando il controllo di Camera e Senato (oggi a maggioranza repubblicana) verr\u00e0 rimesso in discussione, il partito del presidente sembra in difficolt\u00e0. La guerra con l&#8217;Iran con i suoi riflessi sul costo della vita e sulle spaccature nella galassia Maga non fanno bene a The Donald, i cui indici di popolarit\u00e0 sono ai minimi termini. Diversi sondaggi lo confermano: s<b>oltanto il 36% degli elettori approva l&#8217;operato del presidente<\/b>, con una caduta di due punti rispetto al mese scorso.<\/p>\n<p>    Sei punti di vantaggio per i democratici<\/p>\n<p class=\"chapter-paragraph\">I democratici sembrano approfittarne: secondo il rilevamento del Financial Times, il 44% degli elettori \u00e8 intenzionato a votare per un candidato democratico alle prossime elezioni, contro il 38% che tifa repubblicano.<b> Un mese fa il distacco tra i due partiti era di quattro punti, oggi di sei <\/b>(pi\u00f9 50%). Anche se lo zoccolo duro in qualche modo tiene: tre quarti dei repubblicani intervistati pensa che c&#8217;\u00e8 almeno l&#8217;80% di probabilit\u00e0 che si recher\u00e0 alle urne a novembre, contro il 69% dei democratici e il 56% degli indipendenti.\u00a0<\/p>\n<p class=\"is-last-update\" datetime=\"2026-07-06T09:19:54+02:00\">6 luglio 2026 ( modifica il 6 luglio 2026 | 09:19)<\/p>\n<p class=\"is-copyright\">\n            \u00a9 RIPRODUZIONE RISERVATA\n        <\/p>\n","protected":false},"excerpt":{"rendered":"di Redazione Esteri La Casa Bianca chiede al Congresso altri 67 miliardi per coprire le spese del conflitto.&hellip;\n","protected":false},"author":3,"featured_media":571965,"comment_status":"","ping_status":"","sticky":false,"template":"","format":"standard","meta":{"footnotes":"","_share_on_mastodon":"0"},"categories":[160],"tags":[2017,842,394,13104,2944,5372,24714,14,164,165,21472,13089,123,315224,6499,6517,77,1151,29617,764,22,315225,166,2737,7,15,7030,8176,1292,14751,11,167,12,168,161,162,163],"class_list":["post-571964","post","type-post","status-publish","format-standard","has-post-thumbnail","category-mondo","tag-americani","tag-bianca","tag-conflitto","tag-congresso","tag-conto","tag-contrario","tag-coprire","tag-cronaca","tag-dal-mondo","tag-dalmondo","tag-democratici","tag-elettori","tag-elezioni","tag-elezioni-novembre","tag-financial","tag-financial-times","tag-guerra","tag-guerra-iran","tag-intervistati","tag-iran","tag-maggioranza","tag-maggioranza-americani","tag-mondo","tag-nato","tag-news","tag-notizie","tag-novembre","tag-pensa","tag-punti","tag-restare","tag-ultime-notizie","tag-ultime-notizie-di-mondo","tag-ultimenotizie","tag-ultimenotiziedimondo","tag-world","tag-world-news","tag-worldnews"],"share_on_mastodon":{"url":"","error":""},"_links":{"self":[{"href":"https:\/\/www.europesays.com\/it\/wp-json\/wp\/v2\/posts\/571964","targetHints":{"allow":["GET"]}}],"collection":[{"href":"https:\/\/www.europesays.com\/it\/wp-json\/wp\/v2\/posts"}],"about":[{"href":"https:\/\/www.europesays.com\/it\/wp-json\/wp\/v2\/types\/post"}],"author":[{"embeddable":true,"href":"https:\/\/www.europesays.com\/it\/wp-json\/wp\/v2\/users\/3"}],"replies":[{"embeddable":true,"href":"https:\/\/www.europesays.com\/it\/wp-json\/wp\/v2\/comments?post=571964"}],"version-history":[{"count":0,"href":"https:\/\/www.europesays.com\/it\/wp-json\/wp\/v2\/posts\/571964\/revisions"}],"wp:featuredmedia":[{"embeddable":true,"href":"https:\/\/www.europesays.com\/it\/wp-json\/wp\/v2\/media\/571965"}],"wp:attachment":[{"href":"https:\/\/www.europesays.com\/it\/wp-json\/wp\/v2\/media?parent=571964"}],"wp:term":[{"taxonomy":"category","embeddable":true,"href":"https:\/\/www.europesays.com\/it\/wp-json\/wp\/v2\/categories?post=571964"},{"taxonomy":"post_tag","embeddable":true,"href":"https:\/\/www.europesays.com\/it\/wp-json\/wp\/v2\/tags?post=571964"}],"curies":[{"name":"wp","href":"https:\/\/api.w.org\/{rel}","templated":true}]}}