{"id":572145,"date":"2026-07-06T12:21:18","date_gmt":"2026-07-06T12:21:18","guid":{"rendered":"https:\/\/www.europesays.com\/it\/572145\/"},"modified":"2026-07-06T12:21:18","modified_gmt":"2026-07-06T12:21:18","slug":"formazioni-portogallo-spagna-le-ultime-sulla-partita-e-dove-vederla-in-tv-e-in-streaming","status":"publish","type":"post","link":"https:\/\/www.europesays.com\/it\/572145\/","title":{"rendered":"Formazioni Portogallo-Spagna: le ultime sulla partita e dove vederla in tv e in streaming"},"content":{"rendered":"<p data-testid=\"article-teaser\">A Dallas c&#8217;\u00e8 profumo di finale anticipata: il Portogallo di Cristiano Ronaldo sfida la Spagna di Lamine Yamal, in palio un posto ai quarti di finale. Martinez conferma Leao dal primo minuto dopo l&#8217;ottima prova contro la Croazia.<\/p>\n<p><img loading=\"lazy\" decoding=\"async\" src=\"https:\/\/www.europesays.com\/it\/wp-content\/uploads\/2026\/06\/CsqvsY98_na4K-XlZOS3n.png\" alt=\"crest\" width=\"20\" height=\"20\"\/>POR<img loading=\"lazy\" decoding=\"async\" src=\"https:\/\/www.europesays.com\/it\/wp-content\/uploads\/2026\/06\/tWJpSRBaQUYeHeHom-XqI.png\" alt=\"crest\" width=\"20\" height=\"20\"\/>SPA<\/p>\n<p>Cristiano Ronaldo contro Lamine Yamal: a Dallas va in scena la partita pi\u00f9 attesa di questa prima fase dei Mondiali, una sorta di finale anticipata. Portogallo-Spagna (fischio d&#8217;inizio alle ore 21:00) \u00e8 il primo, vero, scontro diretto tra due squadre che puntano in maniera legittima alla vittoria della Coppa.<\/p>\n<p>Il ct dei lusitani, Roberto Martinez, dovrebbe confermare in blocco la squadra che ha superato la Croazia ai sedicesimi di finale: ancora spazio dunque dal primo minuto a Rafa Leao, uno dei migliori in campo contro i croati. Solo panchina, almeno inizialmente, per il neo-attaccante del Milan Gon\u00e7alo Ramos, chiuso da sua maest\u00e0 CR7, che come sempre sar\u00e0 al centro del tridente, completato da Pedro Neto. In difesa sar\u00e0 ancora l&#8217;ex juventino Renato Veiga a far coppia con Ruben Dias.<\/p>\n<p>Nella Spagna occhi puntati, ovviamente, su Lamine Yamal ma anche su Mikel Oyarzabal, in grande spolvero nella convincente vittoria delle Furie Rosse contro l&#8217;Austria. Baena confermato sulla sinistra, in mezzo Dani Olmo \u00e8 in vantaggio su Fabian Ruiz per completare il centrocampo.<\/p>\n<p><b><strong>DOVE VEDERE PORTOGALLO-SPAGNA IN TV E IN STREAMING<\/strong><\/b><\/p>\n<p>Portogallo-Spagna sar\u00e0 visibile su DAZN ma sar\u00e0 trasmessa anche in chiaro da Rai 1 e in streaming su Raiplay.<\/p>\n","protected":false},"excerpt":{"rendered":"A Dallas c&#8217;\u00e8 profumo di finale anticipata: il Portogallo di Cristiano Ronaldo sfida la Spagna di Lamine Yamal,&hellip;\n","protected":false},"author":3,"featured_media":572146,"comment_status":"","ping_status":"","sticky":false,"template":"","format":"standard","meta":{"footnotes":"","_share_on_mastodon":"0"},"categories":[1452],"tags":[721,100612,1740,1537,90,89,17294,315301,70573,315302,1739,6059,125409,245,244,32959],"class_list":["post-572145","post","type-post","status-publish","format-standard","has-post-thumbnail","category-calcio","tag-calcio","tag-coppa-del-mondo","tag-football","tag-it","tag-italia","tag-italy","tag-portogallo","tag-portogallo-vs-spagna","tag-portugal","tag-portugal-vs-spain","tag-soccer","tag-spagna","tag-spain","tag-sport","tag-sports","tag-world-cup"],"share_on_mastodon":{"url":"https:\/\/pubeurope.com\/@it\/116873009484920644","error":""},"_links":{"self":[{"href":"https:\/\/www.europesays.com\/it\/wp-json\/wp\/v2\/posts\/572145","targetHints":{"allow":["GET"]}}],"collection":[{"href":"https:\/\/www.europesays.com\/it\/wp-json\/wp\/v2\/posts"}],"about":[{"href":"https:\/\/www.europesays.com\/it\/wp-json\/wp\/v2\/types\/post"}],"author":[{"embeddable":true,"href":"https:\/\/www.europesays.com\/it\/wp-json\/wp\/v2\/users\/3"}],"replies":[{"embeddable":true,"href":"https:\/\/www.europesays.com\/it\/wp-json\/wp\/v2\/comments?post=572145"}],"version-history":[{"count":0,"href":"https:\/\/www.europesays.com\/it\/wp-json\/wp\/v2\/posts\/572145\/revisions"}],"wp:featuredmedia":[{"embeddable":true,"href":"https:\/\/www.europesays.com\/it\/wp-json\/wp\/v2\/media\/572146"}],"wp:attachment":[{"href":"https:\/\/www.europesays.com\/it\/wp-json\/wp\/v2\/media?parent=572145"}],"wp:term":[{"taxonomy":"category","embeddable":true,"href":"https:\/\/www.europesays.com\/it\/wp-json\/wp\/v2\/categories?post=572145"},{"taxonomy":"post_tag","embeddable":true,"href":"https:\/\/www.europesays.com\/it\/wp-json\/wp\/v2\/tags?post=572145"}],"curies":[{"name":"wp","href":"https:\/\/api.w.org\/{rel}","templated":true}]}}