{"id":572169,"date":"2026-07-06T12:34:18","date_gmt":"2026-07-06T12:34:18","guid":{"rendered":"https:\/\/www.europesays.com\/it\/572169\/"},"modified":"2026-07-06T12:34:18","modified_gmt":"2026-07-06T12:34:18","slug":"eruzione-etna-chiuso-laeroporto-di-catania-sospese-le-attivita-di-volo","status":"publish","type":"post","link":"https:\/\/www.europesays.com\/it\/572169\/","title":{"rendered":"Eruzione Etna, chiuso l&#8217;aeroporto di Catania: sospese le attivit\u00e0 di volo"},"content":{"rendered":"<p>Resta chiuso l&#8217;aeroporto di Catania. In\u00a0seguito alle attivit\u00e0 vulcaniche avvenute nella notte fra domenica 5 e\u00a0luned\u00ec 6, permane l&#8217;interruzione di tutte le attivit\u00e0 di volo in arrivo\u00a0e il blocco integrale alle partenze, al momento, fino alle 18. &#8220;I\u00a0passeggeri sono pregati di non recarsi in aeroporto se non dopo aver\u00a0verificato con la compagnia aerea lo stato del proprio volo. Seguiranno\u00a0nuovi aggiornamenti&#8221;, avverte la societ\u00e0 di gestione Sac.\u00a0Inizialmente prevista fino a questa mattina, la sospensione \u00e8 stata estesa prima fino alle 14, poi fino alle 18. Diversi voli sono stati deviati sullo scalo di Palermo.<\/p>\n<p>\t\t \tSospese le attivit\u00e0 di volo<\/p>\n<p>I settori dello spazio aereo C1 e B3, situati a sud del vulcano, sono attualmente chiusi al traffico aereo. Come sottolinea Itamilradar, questi settori includono sia l&#8217;aeroporto di Catania-Fontanarossa sia le basi aeree militari presso Nas Sigonella e Sigonella Air Base.\u00a0In un comunicato delle scorse ore, la Sac aveva precisato che a determinare la sospensione delle attivit\u00e0 di volo \u00e8 stata &#8220;l&#8217;attivit\u00e0 eruttiva e contestuale emissione di cenere vulcanica in atmosfera\u201d.\u00a0<\/p>\n<p>\t\t\t<a class=\"c-inline-card j-inline-card c-inline-card--with-image\" href=\"https:\/\/tg24.sky.it\/cronaca\/2026\/07\/05\/etna-eruzione-voli-sospesi-aeroporto-catania\" rel=\"follow nofollow noopener\" data-intcmp=\"skytg24_articolo_approfondimenti_inline\" target=\"_blank\"><\/p>\n<p>\t\t\t         <img decoding=\"async\" crossorigin=\"anonymous\" alt=\"\" src=\"https:\/\/www.europesays.com\/it\/wp-content\/uploads\/2026\/07\/etna_eruzione_ansa.JPG\"  loading=\"lazy\"  bad-src=\"https:\/\/www.europesays.com\/it\/wp-content\/uploads\/2026\/07\/etna_eruzione_ansa.JPG\"\/><\/p>\n<p>\n\t\t\t         Vedi anche<br \/>\n\t\t\t         Etna, cenere sull&#8217;aeroporto di Catania: stop ai voli serali e notturni\n\t\t\t      <\/p>\n<p>\t\t\t<\/a><\/p>\n","protected":false},"excerpt":{"rendered":"Resta chiuso l&#8217;aeroporto di Catania. In\u00a0seguito alle attivit\u00e0 vulcaniche avvenute nella notte fra domenica 5 e\u00a0luned\u00ec 6, permane&hellip;\n","protected":false},"author":3,"featured_media":572170,"comment_status":"","ping_status":"","sticky":false,"template":"","format":"standard","meta":{"footnotes":"","_share_on_mastodon":"0"},"categories":[79],"tags":[867,3753,14,93,94,35815,55368,1537,90,89,7,15,11,84,91,12,85,92,27212],"class_list":["post-572169","post","type-post","status-publish","format-standard","has-post-thumbnail","category-italia","tag-aeroporto","tag-catania","tag-cronaca","tag-cronaca-italiana","tag-cronacaitaliana","tag-etna","tag-fps","tag-it","tag-italia","tag-italy","tag-news","tag-notizie","tag-ultime-notizie","tag-ultime-notizie-e-news-di-oggi","tag-ultime-notizie-italia","tag-ultimenotizie","tag-ultimenotizieenewsdioggi","tag-ultimenotizieitalia","tag-vulcano"],"share_on_mastodon":{"url":"https:\/\/pubeurope.com\/@it\/116873060662674838","error":""},"_links":{"self":[{"href":"https:\/\/www.europesays.com\/it\/wp-json\/wp\/v2\/posts\/572169","targetHints":{"allow":["GET"]}}],"collection":[{"href":"https:\/\/www.europesays.com\/it\/wp-json\/wp\/v2\/posts"}],"about":[{"href":"https:\/\/www.europesays.com\/it\/wp-json\/wp\/v2\/types\/post"}],"author":[{"embeddable":true,"href":"https:\/\/www.europesays.com\/it\/wp-json\/wp\/v2\/users\/3"}],"replies":[{"embeddable":true,"href":"https:\/\/www.europesays.com\/it\/wp-json\/wp\/v2\/comments?post=572169"}],"version-history":[{"count":0,"href":"https:\/\/www.europesays.com\/it\/wp-json\/wp\/v2\/posts\/572169\/revisions"}],"wp:featuredmedia":[{"embeddable":true,"href":"https:\/\/www.europesays.com\/it\/wp-json\/wp\/v2\/media\/572170"}],"wp:attachment":[{"href":"https:\/\/www.europesays.com\/it\/wp-json\/wp\/v2\/media?parent=572169"}],"wp:term":[{"taxonomy":"category","embeddable":true,"href":"https:\/\/www.europesays.com\/it\/wp-json\/wp\/v2\/categories?post=572169"},{"taxonomy":"post_tag","embeddable":true,"href":"https:\/\/www.europesays.com\/it\/wp-json\/wp\/v2\/tags?post=572169"}],"curies":[{"name":"wp","href":"https:\/\/api.w.org\/{rel}","templated":true}]}}