{"id":572201,"date":"2026-07-06T13:00:16","date_gmt":"2026-07-06T13:00:16","guid":{"rendered":"https:\/\/www.europesays.com\/it\/572201\/"},"modified":"2026-07-06T13:00:16","modified_gmt":"2026-07-06T13:00:16","slug":"frenata-fantasma-aumentano-le-segnalazioni-di-anomalie-pericolose","status":"publish","type":"post","link":"https:\/\/www.europesays.com\/it\/572201\/","title":{"rendered":"Frenata fantasma, aumentano le segnalazioni di anomalie pericolose"},"content":{"rendered":"<p>Nel panorama dell\u2019automobilismo moderno, la tecnologia \u00e8 diventata la principale alleata della sicurezza stradale. Tuttavia, negli ultimi mesi, un fenomeno inquietante sta minando la fiducia dei conducenti verso i sistemi di assistenza alla guida: le cosiddette <strong>\u201cfrenate fantasma\u201d<\/strong>. Si tratta di anomalie improvvise e inspiegabili in cui il veicolo rallenta violentemente o si inchioda del tutto senza che vi sia alcun ostacolo reale sulla carreggiata. Quello che sembrava un difetto isolato si \u00e8 trasformato in un caso giudiziario di portata europea, con un aumento esponenziale di segnalazioni che ha spinto un gruppo di automobilisti ad avviare una battaglia legale.\n<\/p>\n<p>Le anomalie: un pericolo ad alta velocit\u00e0<\/p>\n<p>Il fenomeno della frenata fantasma si manifesta con una dinamica quasi sempre identica e spaventosa: mentre l\u2019auto viaggia a velocit\u00e0 sostenuta, spesso su tratti autostradali, il sistema di bordo rileva un pericolo inesistente e attiva una <strong>decelerazione violenta <\/strong>e intempestiva. Dopo l\u2019improvviso rallentamento, il veicolo riprende la marcia normale come se nulla fosse accaduto.<\/p>\n<p>La gravit\u00e0 di queste anomalie \u00e8 emersa con forza nell\u2019estate del 2025, in seguito a un drammatico incidente avvenuto in Francia. Una <a href=\"https:\/\/www.virgilio.it\/motori\/auto\/mercato-europa-peugeot-208-tesla\/276070\/\" rel=\"nofollow noopener\" target=\"_blank\">Peugeot 208<\/a> si \u00e8 immobilizzata mentre viaggiava a 120 km\/h sull\u2019autostrada A40, provocando un violento tamponamento con la vettura che la seguiva. Questo episodio ha fatto da \u201cscintilla\u201d, spingendo oltre <strong>250 testimoni<\/strong> a denunciare episodi identici occorsi con veicoli di marchi differenti, tra cui <a href=\"https:\/\/www.virgilio.it\/motori\/dati-statistiche\/tesla-risultati-secondo-trimestre-2026\/336484\/\" rel=\"nofollow noopener\" target=\"_blank\">Tesla<\/a>, Renault, Audi e Volkswagen.<\/p>\n<p>Il fulcro del problema: i sistemi AEB<\/p>\n<p>I principali sospetti degli esperti e dei periti tecnici ricadono sul sistema di <strong>frenata automatica d\u2019emergenza (AEB)<\/strong>. Dal 2022, l\u2019installazione di questo dispositivo \u00e8 diventata obbligatoria su tutti i veicoli nuovi, ma la sua implementazione sembra presentare delle criticit\u00e0. Le indagini tecniche suggeriscono che i sensori \u2014 radar e telecamere \u2014 possano subire interferenze dovute a particolari condizioni meteorologiche o a difetti di calibrazione conseguenti a piccoli urti.<\/p>\n<p>La vastit\u00e0 del problema \u00e8 confermata dal fatto che la questione non riguarda un singolo costruttore. Nel dossier presentato dai legali dei consumatori figurano modelli estremamente popolari e diversi tra loro: dal <strong>Volkswagen Tiguan<\/strong> alla <a href=\"https:\/\/www.virgilio.it\/motori\/auto\/nuovi-motori-dacia-duster-bigster\/332374\/\" rel=\"nofollow noopener\" target=\"_blank\">Dacia Bigster<\/a>, passando per la <strong>Peugeot 308<\/strong>, la <strong>Citro\u00ebn C4<\/strong>, lo <strong>Skoda Kodiaq<\/strong> e la <strong>Ford Focus<\/strong>. Questa variet\u00e0 dimostra che il malfunzionamento potrebbe risiedere in componenti o software condivisi tra diversi produttori di componentistica.<\/p>\n<p>Class action e indagini ministeriali<\/p>\n<p>Le conseguenze di questa ondata di malfunzionamenti si stanno spostando rapidamente dalle strade alle aule di tribunale. Lo scorso 29 giugno 2026, undici automobilisti hanno avviato un\u2019<strong>azione legale collettiva<\/strong>\u00a0presso il tribunale giudiziario di Aix-en-Provence. L\u2019obiettivo dichiarato \u00e8 quello di mantenere alta la pressione sui costruttori e sulle autorit\u00e0 pubbliche affinch\u00e9 vengano trovate soluzioni definitive e trasparenti.<\/p>\n<p>Parallelamente, il Ministero dei Trasporti ha incaricato un organismo terzo di condurre un\u2019<strong>inchiesta tecnica approfondita<\/strong>, basata su test diretti e audizioni di esperti e fornitori. Il coinvolgimento degli utenti \u00e8 diventato massiccio: un gruppo dedicato su Facebook conta oggi circa <strong>2.800 membri<\/strong> che si scambiano informazioni e testimonianze, dimostrando che questi incidenti hanno ormai superato la soglia dei fatti isolati. Per gli automobilisti coinvolti, oltre al rischio immediato per la sicurezza, queste anomalie comportano un forte stress psicologico e, in molti casi, la perdita di fiducia in mezzi che dovrebbero garantire protezione, non incertezza.<\/p>\n","protected":false},"excerpt":{"rendered":"Nel panorama dell\u2019automobilismo moderno, la tecnologia \u00e8 diventata la principale alleata della sicurezza stradale. Tuttavia, negli ultimi mesi,&hellip;\n","protected":false},"author":3,"featured_media":572202,"comment_status":"","ping_status":"","sticky":false,"template":"","format":"standard","meta":{"footnotes":"","_share_on_mastodon":"0"},"categories":[160],"tags":[14,164,165,166,7,15,12631,12632,11,167,12,168,161,162,163],"class_list":["post-572201","post","type-post","status-publish","format-standard","has-post-thumbnail","category-mondo","tag-cronaca","tag-dal-mondo","tag-dalmondo","tag-mondo","tag-news","tag-notizie","tag-sicurezza-stradale","tag-sistemi-di-sicurezza","tag-ultime-notizie","tag-ultime-notizie-di-mondo","tag-ultimenotizie","tag-ultimenotiziedimondo","tag-world","tag-world-news","tag-worldnews"],"share_on_mastodon":{"url":"https:\/\/pubeurope.com\/@it\/116873162035454252","error":""},"_links":{"self":[{"href":"https:\/\/www.europesays.com\/it\/wp-json\/wp\/v2\/posts\/572201","targetHints":{"allow":["GET"]}}],"collection":[{"href":"https:\/\/www.europesays.com\/it\/wp-json\/wp\/v2\/posts"}],"about":[{"href":"https:\/\/www.europesays.com\/it\/wp-json\/wp\/v2\/types\/post"}],"author":[{"embeddable":true,"href":"https:\/\/www.europesays.com\/it\/wp-json\/wp\/v2\/users\/3"}],"replies":[{"embeddable":true,"href":"https:\/\/www.europesays.com\/it\/wp-json\/wp\/v2\/comments?post=572201"}],"version-history":[{"count":0,"href":"https:\/\/www.europesays.com\/it\/wp-json\/wp\/v2\/posts\/572201\/revisions"}],"wp:featuredmedia":[{"embeddable":true,"href":"https:\/\/www.europesays.com\/it\/wp-json\/wp\/v2\/media\/572202"}],"wp:attachment":[{"href":"https:\/\/www.europesays.com\/it\/wp-json\/wp\/v2\/media?parent=572201"}],"wp:term":[{"taxonomy":"category","embeddable":true,"href":"https:\/\/www.europesays.com\/it\/wp-json\/wp\/v2\/categories?post=572201"},{"taxonomy":"post_tag","embeddable":true,"href":"https:\/\/www.europesays.com\/it\/wp-json\/wp\/v2\/tags?post=572201"}],"curies":[{"name":"wp","href":"https:\/\/api.w.org\/{rel}","templated":true}]}}