{"id":572285,"date":"2026-07-06T14:13:15","date_gmt":"2026-07-06T14:13:15","guid":{"rendered":"https:\/\/www.europesays.com\/it\/572285\/"},"modified":"2026-07-06T14:13:15","modified_gmt":"2026-07-06T14:13:15","slug":"temptation-island-2026-news-cambio-programmazione","status":"publish","type":"post","link":"https:\/\/www.europesays.com\/it\/572285\/","title":{"rendered":"Temptation Island 2026, news cambio programmazione"},"content":{"rendered":"<p>                              <img decoding=\"async\" src=\"https:\/\/www.europesays.com\/it\/wp-content\/uploads\/2026\/06\/temptation-island-2026-logo.jpg\" loading=\"lazy\" alt=\"temptation island 2026 logo\" width=\"1280\" height=\"800\"\/><\/p>\n<p class=\"img-caption\"> Il logo ufficiale di Temptation Island 2026<\/p>\n<p>\n                              <strong>IN ATTESA DI CONFERME<\/strong>, l&#8217;indiscrezione \u00e8 che Temptation Island 2026 potrebbe cambiare programmazione. La puntata settimanale del reality \u00e8 al momento ancora prevista per mercoled\u00ec 8 luglio, ma dalla prossima settimana (quarta puntata) potrebbe cambiare programmazione.\n                          <\/p>\n<p>\n                              A lanciare la notizia \u00e8 <a href=\"https:\/\/www.fanpage.it\/spettacolo\/programmi-tv\/temptation-island-2026-cambia-programmazione-mediaset-sposta-le-puntate-per-evitare-i-mondiali\/\" target=\"_blank\" rel=\"noopener nofollow external\" data-wpel-link=\"external\">Fanpage<\/a>. Che parla di volont\u00e0 di evitare un dispendio di ascolti. Il calendario diventerebbe il seguente:<\/p>\n<ul>\n<li>Mercoled\u00ec 8 luglio: terza puntata<\/li>\n<li>Luned\u00ec 13 luglio: quarta puntata<\/li>\n<li>Luned\u00ec 20 luglio: quinta puntata<\/li>\n<\/ul>\n<p>E poi? Cosa ne sar\u00e0 della finale? Per quanto riguarda i Mondiali di calcio, i quarti di finale partono proprio gioved\u00ec 9 luglio, in diretta su Rai1 alle 21,40. <strong>La data della finale dei Mondiali 2026 \u00e8 domenica 19 giugno, mentre il giorno prima avremo la partita per il terzo\/quarto posto.<\/strong><\/p>\n<p>\n                              Secondo <a href=\"https:\/\/www.davidemaggio.it\/temptation-island\/temptation-island-balla-tra-i-mondiali\" target=\"_blank\" rel=\"noopener nofollow external\" data-wpel-link=\"external\">Davide Maggio<\/a>, il nuovo calendario prevede che anche la <strong>finale vada in onda di luned\u00ec: il 27 luglio<\/strong>. <strong>Questo se le puntate sono 6. Perch\u00e9 in realt\u00e0, questa edizione, doveva allungarsi a 8<\/strong>. Nessun comunicato per\u00f2 ha confermato o annullato l&#8217;allungamento (le 14 edizioni precedenti si sono fermate tutte a 6). \u00c8 possibile per\u00f2 che le ultime due vadano in onda dopo l&#8217;estate, a settembre, con un aggiornamento sulle coppie dopo la fine del reality&#8230;\n                          <\/p>\n<p>\n                              Al momento, il palinsesto ufficiale di Mediaset si ferma a questa settimana, con\u00a0<strong>Temptation Island \u00e8 in programma mercoled\u00ec 8 luglio, sempre in prima serata su Canale 5<\/strong>.\n                          <\/p>\n","protected":false},"excerpt":{"rendered":"Il logo ufficiale di Temptation Island 2026 IN ATTESA DI CONFERME, l&#8217;indiscrezione \u00e8 che Temptation Island 2026 potrebbe&hellip;\n","protected":false},"author":3,"featured_media":557956,"comment_status":"","ping_status":"","sticky":false,"template":"","format":"standard","meta":{"footnotes":"","_share_on_mastodon":"0"},"categories":[1444],"tags":[5831,46223,315374,2109,203,1426,204,8203,1537,90,89,426,9060,4559,8210,4422,9167,37003,315372,315373,5411,8202,8204,1673,253,409,191565],"class_list":["post-572285","post","type-post","status-publish","format-standard","has-post-thumbnail","category-tv","tag-andra","tag-andra-onda","tag-andra-onda-ultima","tag-attenzione","tag-entertainment","tag-finale","tag-intrattenimento","tag-island","tag-it","tag-italia","tag-italy","tag-luglio","tag-mediaset","tag-mercoledi","tag-mercoledi-luglio","tag-mondiali","tag-onda","tag-palinsesto","tag-palinsesto-ufficiale","tag-palinsesto-ufficiale-mediaset","tag-programmazione","tag-puntata","tag-temptation","tag-temptation-island","tag-tv","tag-ufficiale","tag-ufficiale-mediaset"],"share_on_mastodon":{"url":"https:\/\/pubeurope.com\/@it\/116873450311633893","error":""},"_links":{"self":[{"href":"https:\/\/www.europesays.com\/it\/wp-json\/wp\/v2\/posts\/572285","targetHints":{"allow":["GET"]}}],"collection":[{"href":"https:\/\/www.europesays.com\/it\/wp-json\/wp\/v2\/posts"}],"about":[{"href":"https:\/\/www.europesays.com\/it\/wp-json\/wp\/v2\/types\/post"}],"author":[{"embeddable":true,"href":"https:\/\/www.europesays.com\/it\/wp-json\/wp\/v2\/users\/3"}],"replies":[{"embeddable":true,"href":"https:\/\/www.europesays.com\/it\/wp-json\/wp\/v2\/comments?post=572285"}],"version-history":[{"count":0,"href":"https:\/\/www.europesays.com\/it\/wp-json\/wp\/v2\/posts\/572285\/revisions"}],"wp:featuredmedia":[{"embeddable":true,"href":"https:\/\/www.europesays.com\/it\/wp-json\/wp\/v2\/media\/557956"}],"wp:attachment":[{"href":"https:\/\/www.europesays.com\/it\/wp-json\/wp\/v2\/media?parent=572285"}],"wp:term":[{"taxonomy":"category","embeddable":true,"href":"https:\/\/www.europesays.com\/it\/wp-json\/wp\/v2\/categories?post=572285"},{"taxonomy":"post_tag","embeddable":true,"href":"https:\/\/www.europesays.com\/it\/wp-json\/wp\/v2\/tags?post=572285"}],"curies":[{"name":"wp","href":"https:\/\/api.w.org\/{rel}","templated":true}]}}