{"id":572381,"date":"2026-07-06T15:35:16","date_gmt":"2026-07-06T15:35:16","guid":{"rendered":"https:\/\/www.europesays.com\/it\/572381\/"},"modified":"2026-07-06T15:35:16","modified_gmt":"2026-07-06T15:35:16","slug":"sfera-ebbasta-la-possibile-scaletta-dei-concerti-a-milano-san-siro-i-sky-tg24","status":"publish","type":"post","link":"https:\/\/www.europesays.com\/it\/572381\/","title":{"rendered":"Sfera Ebbasta, la possibile scaletta dei concerti a Milano San Siro I Sky TG24"},"content":{"rendered":"<p>Il 23 giugno <strong>Sfera<\/strong> <strong>Ebbasta<\/strong> ha alzato il sipario sui suoi appuntamenti estivi. Mercoled\u00ec 8 e gioved\u00ec 9 luglio il trapper sar\u00e0 in concerto a <strong>Milano<\/strong>. Ecco tutto quello che c\u2019\u00e8 da sapere sugli attesi spettacoli: dall\u2019orario di inizio alle canzoni che potrebbero essere proposte.<\/p>\n<p>\t\t \tsfera ebbasta a milano, la possibile scaletta<\/p>\n<p>Dopo lo spettacolo all\u2019Allianz Stadium di Torino, <strong>mercoled\u00ec 8 e gioved\u00ec 9 luglio <\/strong>Sfera Ebbasta sar\u00e0 in concerto allo <strong>stadio San Siro<\/strong>. Questo l\u2019indirizzo: via Piccolomini, 5, 20149, Milano. Stando a quanto comunicato dal sito di <a data-intcmp-qp=\"skytg24_foglia articolo_interlink_text\" href=\"https:\/\/www.ticketone.it\/event\/sfera-ebbasta-stadio-san-siro-20960088\/\" rel=\"nofollow noopener\" target=\"_blank\">Ticketone<\/a>, gli spettacoli avranno inizio alle <strong>ore 21.00<\/strong>. Al momento l\u2019artista non ha rilasciato anticipazioni sulla possibile scaletta della serata, attesi i suoi grandi successi. Stando a quanto ripreso da <a data-intcmp-qp=\"skytg24_foglia articolo_interlink_text\" href=\"https:\/\/www.setlist.fm\/setlist\/sfera-ebbasta\/2026\/allianz-stadium-turin-italy-1b4c4d70.html\" rel=\"nofollow noopener\" target=\"_blank\">Setlist<\/a>, questi i brani eseguiti al concerto di giugno:<\/p>\n<ul>\n<li>Ciny<\/li>\n<li>Panette<\/li>\n<li>XDVR<\/li>\n<li>BRNBQ<\/li>\n<li>Bang bang<\/li>\n<li>Male<\/li>\n<li>20 collane<\/li>\n<li>Serpenti a sonagli<\/li>\n<li>Ricchi x sempre<\/li>\n<li>Rockstar<\/li>\n<li>Cupido<\/li>\n<li>Happy Birthday<\/li>\n<li>Pablo<\/li>\n<li>Sciroppo<\/li>\n<li>Tesla<\/li>\n<li>Nuovo range<\/li>\n<li>Tran Tran<\/li>\n<li>Baby<\/li>\n<li>Notti<\/li>\n<li>Bottiglie priv\u00e8<\/li>\n<li>15 piani<\/li>\n<li>Tik Tok<\/li>\n<li>VDLC<\/li>\n<li>Giovani Rr<\/li>\n<li>Ayayay<\/li>\n<li>Dark Money<\/li>\n<li>Calcolatrici<\/li>\n<li>G63<\/li>\n<li>Piove<\/li>\n<li>Alleluia<\/li>\n<li>D&amp;G<\/li>\n<li>Non metterci becco<\/li>\n<li>Neon<\/li>\n<li>Visiera a becco<\/li>\n<\/ul>\n<p>\t\t\t<a class=\"c-inline-card j-inline-card c-inline-card--with-image\" href=\"https:\/\/tg24.sky.it\/spettacolo\/musica\/2025\/12\/03\/spotify-wrapped-2025-classifica\" rel=\"follow nofollow noopener\" data-intcmp=\"skytg24_articolo_approfondimenti_inline\" target=\"_blank\"><\/p>\n<p>\t\t\t         <img decoding=\"async\" crossorigin=\"anonymous\" alt=\"\" src=\"https:\/\/www.europesays.com\/it\/wp-content\/uploads\/2026\/07\/spotify-wrapped-2025-getty.jpg\"  loading=\"lazy\"  bad-src=\"https:\/\/www.europesays.com\/it\/wp-content\/uploads\/2026\/07\/spotify-wrapped-2025-getty.jpg\"\/><\/p>\n<p>\n\t\t\t         Approfondimento<br \/>\n\t\t\t         Spotify Wrapped 2025, le canzoni e gli artisti pi\u00f9 ascoltati\n\t\t\t      <\/p>\n<p>\t\t\t<\/a><\/p>\n<p>Dopo il doppio appuntamento allo stadio San Siro di Milano, il 12 luglio <a data-intcmp=\"skytg24_foglia articolo_interlink_text\" href=\"https:\/\/tg24.sky.it\/spettacolo\/2025\/10\/16\/sfera-ebbasta-timberland\" rel=\"nofollow noopener\" target=\"_blank\">Sfera Ebbasta<\/a> sar\u00e0 in concerto alla Visarno Arena di <strong>Firenze<\/strong>. Previsti spettacoli anche nelle citt\u00e0 di <strong>Villorba<\/strong>, <strong>Salerno<\/strong>, <strong>Palermo<\/strong> e <strong>Gallipoli<\/strong>. Questo il calendario con tutti i dettagli degli show:<\/p>\n<ul>\n<li>12 luglio, Firenze &#8211; Visarno Arena<\/li>\n<li>16 luglio, Villorba (TV) &#8211; Arena della Marca<\/li>\n<li>25 luglio, Salerno &#8211; SalernoSounds<\/li>\n<li>1\u00b0 agosto, Palermo &#8211; Velodromo Borsellino<\/li>\n<li>14 agosto, Gallipoli (LE) -Oversound Music Festival<\/li>\n<\/ul>\n<p>Nel corso degli anni Sfera Ebbasta, all\u2019anagrafe Gionata Boschetti, si \u00e8 affermato come uno dei protagonisti indiscussi della scena trap e rap. Tra i suoi album di maggior successo troviamo sicuramente Rockstar e Famoso. Per quanto riguarda i singoli, citiamo Ricchi x sempre, Happy Birthday, Mademoiselle e Bottiglie priv\u00e8. Spazio anche alle collaborazioni: da Baby con J Balvin a Hollywood con Diplo passando per Mi fai impazzire con Blanco, Neon con Shiva e Yakuza con Elodie.<\/p>\n<p>\t\t\t<a class=\"c-inline-card j-inline-card c-inline-card--with-image\" href=\"https:\/\/tg24.sky.it\/spettacolo\/2025\/10\/16\/sfera-ebbasta-timberland\" rel=\"follow nofollow noopener\" data-intcmp=\"skytg24_articolo_approfondimenti_inline\" target=\"_blank\"><\/p>\n<p>\t\t\t         <img decoding=\"async\" crossorigin=\"anonymous\" alt=\"\" src=\"https:\/\/www.europesays.com\/it\/wp-content\/uploads\/2026\/07\/Screenshot_2025-10-16_151531.png\"  loading=\"lazy\"  bad-src=\"https:\/\/www.europesays.com\/it\/wp-content\/uploads\/2026\/07\/Screenshot_2025-10-16_151531.png\"\/><\/p>\n<p>\n\t\t\t         Approfondimento<br \/>\n\t\t\t         Sfera Ebbasta firma le scarpe Timberland e le regala a Cinisello\n\t\t\t      <\/p>\n<p>\t\t\t<\/a><\/p>\n","protected":false},"excerpt":{"rendered":"Il 23 giugno Sfera Ebbasta ha alzato il sipario sui suoi appuntamenti estivi. Mercoled\u00ec 8 e gioved\u00ec 9&hellip;\n","protected":false},"author":3,"featured_media":572382,"comment_status":"","ping_status":"","sticky":false,"template":"","format":"standard","meta":{"footnotes":"","_share_on_mastodon":"0"},"categories":[1443],"tags":[2943,203,204,1537,90,89,1538,1539,7601],"class_list":["post-572381","post","type-post","status-publish","format-standard","has-post-thumbnail","category-musica","tag-concerti","tag-entertainment","tag-intrattenimento","tag-it","tag-italia","tag-italy","tag-music","tag-musica","tag-sfera-ebbasta"],"share_on_mastodon":{"url":"https:\/\/pubeurope.com\/@it\/116873772315946452","error":""},"_links":{"self":[{"href":"https:\/\/www.europesays.com\/it\/wp-json\/wp\/v2\/posts\/572381","targetHints":{"allow":["GET"]}}],"collection":[{"href":"https:\/\/www.europesays.com\/it\/wp-json\/wp\/v2\/posts"}],"about":[{"href":"https:\/\/www.europesays.com\/it\/wp-json\/wp\/v2\/types\/post"}],"author":[{"embeddable":true,"href":"https:\/\/www.europesays.com\/it\/wp-json\/wp\/v2\/users\/3"}],"replies":[{"embeddable":true,"href":"https:\/\/www.europesays.com\/it\/wp-json\/wp\/v2\/comments?post=572381"}],"version-history":[{"count":0,"href":"https:\/\/www.europesays.com\/it\/wp-json\/wp\/v2\/posts\/572381\/revisions"}],"wp:featuredmedia":[{"embeddable":true,"href":"https:\/\/www.europesays.com\/it\/wp-json\/wp\/v2\/media\/572382"}],"wp:attachment":[{"href":"https:\/\/www.europesays.com\/it\/wp-json\/wp\/v2\/media?parent=572381"}],"wp:term":[{"taxonomy":"category","embeddable":true,"href":"https:\/\/www.europesays.com\/it\/wp-json\/wp\/v2\/categories?post=572381"},{"taxonomy":"post_tag","embeddable":true,"href":"https:\/\/www.europesays.com\/it\/wp-json\/wp\/v2\/tags?post=572381"}],"curies":[{"name":"wp","href":"https:\/\/api.w.org\/{rel}","templated":true}]}}