{"id":572441,"date":"2026-07-06T16:24:15","date_gmt":"2026-07-06T16:24:15","guid":{"rendered":"https:\/\/www.europesays.com\/it\/572441\/"},"modified":"2026-07-06T16:24:15","modified_gmt":"2026-07-06T16:24:15","slug":"de-laurentiis-su-allegri-e-il-mercato-del-napoli","status":"publish","type":"post","link":"https:\/\/www.europesays.com\/it\/572441\/","title":{"rendered":"De Laurentiis su Allegri e il mercato del Napoli"},"content":{"rendered":"<p>                                Il presidente del club azzurro ha parlato in occasione della presentazione della nuova maglia: &#8220;Abbiamo 47 calciatori, secondo me non compreremo nessuno&#8221;<\/p>\n<p class=\"paragraph\" spellcheck=\"true\">Nella cornice di una nave da crociera ormeggiata al porto di Napoli, in occasione della presentazione della nuova maglia e delle celebrazioni per il centenario della societ\u00e0, il presidente degli azzurri, Aurelio De Laurentiis ha fatto il punto sulle questione d&#8217;attualit\u00e0. In primis, la scelta di Allegri per succedere a Conte. &#8220;Sono contento e fiero di aver dato continuit\u00e0 scegliendo un allenatore che ha vinto moltissimo in Italia e che ha raggiunto due finali di Champions &#8211; ha detto -. Il signor Allegri \u00e8 anche un aziendalista, andremo molto d&#8217;accordo&#8221;. Poi, il focus si \u00e8 spostato sul mercato. &#8220;Il Napoli ha 47 calciatori e deve piazzarne 25: una squadra di calcio ha dei ruoli, se si presentano dei buchi allora interveniamo col mercato, ma quando ne hai due o tre, uno deve prima ragionare con l\u2019allenatore &#8211; ha precisato De Laurentiis -. Secondo me non dovremo comprare nessuno e ne dovremo tagliare molti&#8221;.<\/p>\n<p class=\"paragraph\" spellcheck=\"true\">Segue il servizio completo.<\/p>\n","protected":false},"excerpt":{"rendered":"Il presidente del club azzurro ha parlato in occasione della presentazione della nuova maglia: &#8220;Abbiamo 47 calciatori, secondo&hellip;\n","protected":false},"author":3,"featured_media":572442,"comment_status":"","ping_status":"","sticky":false,"template":"","format":"standard","meta":{"footnotes":"","_share_on_mastodon":"0"},"categories":[1452],"tags":[579,3076,315467,315468,1960,49223,315469,1952,721,277,16824,1740,1537,90,89,48253,1412,1739,245,244],"class_list":["post-572441","post","type-post","status-publish","format-standard","has-post-thumbnail","category-calcio","tag-accordo","tag-allegri","tag-allegri-aziendalista","tag-allegri-aziendalista-andremo","tag-allenatore","tag-andremo","tag-andremo-accordo","tag-calciatori","tag-calcio","tag-de","tag-de-laurentiis","tag-football","tag-it","tag-italia","tag-italy","tag-laurentiis","tag-mercato","tag-soccer","tag-sport","tag-sports"],"share_on_mastodon":{"url":"https:\/\/pubeurope.com\/@it\/116873964355778948","error":""},"_links":{"self":[{"href":"https:\/\/www.europesays.com\/it\/wp-json\/wp\/v2\/posts\/572441","targetHints":{"allow":["GET"]}}],"collection":[{"href":"https:\/\/www.europesays.com\/it\/wp-json\/wp\/v2\/posts"}],"about":[{"href":"https:\/\/www.europesays.com\/it\/wp-json\/wp\/v2\/types\/post"}],"author":[{"embeddable":true,"href":"https:\/\/www.europesays.com\/it\/wp-json\/wp\/v2\/users\/3"}],"replies":[{"embeddable":true,"href":"https:\/\/www.europesays.com\/it\/wp-json\/wp\/v2\/comments?post=572441"}],"version-history":[{"count":0,"href":"https:\/\/www.europesays.com\/it\/wp-json\/wp\/v2\/posts\/572441\/revisions"}],"wp:featuredmedia":[{"embeddable":true,"href":"https:\/\/www.europesays.com\/it\/wp-json\/wp\/v2\/media\/572442"}],"wp:attachment":[{"href":"https:\/\/www.europesays.com\/it\/wp-json\/wp\/v2\/media?parent=572441"}],"wp:term":[{"taxonomy":"category","embeddable":true,"href":"https:\/\/www.europesays.com\/it\/wp-json\/wp\/v2\/categories?post=572441"},{"taxonomy":"post_tag","embeddable":true,"href":"https:\/\/www.europesays.com\/it\/wp-json\/wp\/v2\/tags?post=572441"}],"curies":[{"name":"wp","href":"https:\/\/api.w.org\/{rel}","templated":true}]}}